{"id":122854,"date":"2025-09-18T10:56:06","date_gmt":"2025-09-18T10:56:06","guid":{"rendered":"https:\/\/www.europesays.com\/es\/122854\/"},"modified":"2025-09-18T10:56:06","modified_gmt":"2025-09-18T10:56:06","slug":"remco-evenepoel-y-su-duelo-ante-tadej-pogacar-en-el-campeonato-del-mundo-contrarreloj-2025-en-ruanda-sera-un-desafio-extra-tenerle-en-competicion","status":"publish","type":"post","link":"https:\/\/www.europesays.com\/es\/122854\/","title":{"rendered":"Remco Evenepoel y su duelo ante Tadej Pogacar en el Campeonato del Mundo contrarreloj 2025 en Ruanda: \u00abSer\u00e1 un desaf\u00edo extra tenerle en competici\u00f3n\u00bb"},"content":{"rendered":"<p>Ganador en 2023 y 2024 de la contrarreloj de los<b data-testid=\"body-text-bold\"> Campeonatos del Mundo,<\/b> <b data-testid=\"body-text-bold\">Remco Evenepoel<\/b> (BEL \/ Soudal Quick-Step) lo tendr\u00e1 m\u00e1s dif\u00edcil en <b data-testid=\"body-text-bold\">Kigali (Ruanda)<\/b> por el tipo de trazado: nada menos que cuatro duras subidas, incluido un tramo adoquinado, en unos 41 km de recorrido que pueden quedarse muy cerca de la hora de duraci\u00f3n.<\/p>\n<p>Evenepoel apur\u00f3 los tiempos y <b data-testid=\"body-text-bold\">sali\u00f3 para \u00c1frica a primera hora de este jueves<\/b> desde Zaventem, aeropuerto de Bruselas, en compa\u00f1\u00eda del seleccionador Serge Pauwels y los otros dos participantes belgas, Florian Vermeersch e Ilan van Wilder. <b data-testid=\"body-text-bold\">Remco cree tener las armas<\/b> para optar al tercer arco\u00edris consecutivo.<\/p>\n<p><img decoding=\"async\" class=\"text-transparent h-full w-full object-cover\" src=\"https:\/\/www.europesays.com\/es\/wp-content\/uploads\/2025\/09\/image-7c3e3bae-d745-4dbd-ac9b-a8f197827ba6-85-2560-1440.jpeg\" alt=\"picture\" data-testid=\"image-high-res\"\/><\/p>\n<p class=\"caption-s6-fx\">Evenepoel, celebrando su segundo t\u00edtulo mundial contrarreloj en Zurich 2024.<\/p>\n<p class=\"caption-s6-fx\">Fuente de la imagen: Getty Images<\/p>\n<p>\u00abConocemos bien el trazado y nos hemos preparado bien para ello\u00bb, se\u00f1al\u00f3 Evenepoel ante la radiotelevisi\u00f3n p\u00fablica flamenca, VRT \/ Sporza. \u00abUsaremos este jueves como d\u00eda de recuperaci\u00f3n y despu\u00e9s haremos dos entrenos buenos. <b data-testid=\"body-text-bold\">Deber\u00edamos llegar bien. He hecho todo lo que deb\u00eda para llegar en buenas condiciones<\/b>: he estado tranquilo estos \u00faltimos 10 d\u00edas tras la Vuelta a Gran Breta\u00f1a, he entrenado bien y las sensaciones son buenas. <b data-testid=\"body-text-bold\">Estoy listo\u00bb<\/b>.<\/p>\n<p><img decoding=\"async\" class=\"text-transparent h-full w-full object-cover\" src=\"https:\/\/www.europesays.com\/es\/wp-content\/uploads\/2025\/09\/image-7103b55f-bcca-4e3e-8772-1612c01518d9-85-2560-1440.png\" alt=\"picture\" data-testid=\"image-high-res\"\/><\/p>\n<p class=\"caption-s6-fx\">Tadej Pogacar hace lo que quiere: Dos ataques sin levantarse del sill\u00edn para reventar Montr\u00e9al<\/p>\n<p class=\"caption-s6-fx\">Autor del v\u00eddeo: Eurosport<\/p>\n<p>A Evenepoel le atrae la idea de competir contra <b data-testid=\"body-text-bold\">Tadej Pogacar,<\/b> al que un recorrido como el del pr\u00f3ximo domingo 21 de septiembre -Eurosport y HBO Max en vivo- puede favorecer en sus esperanzas de doble arco\u00edris.<\/p>\n<blockquote class=\"wrapping-break-word mb-5 caps-s3-rs font-bold uppercase\"><p>Si Pogacar pone sus miras en algo, siempre va a estar preparado para ello. Estoy deseando que llegue la batalla. Espero que no sea muy ajustado, pero tenerle en competici\u00f3n ser\u00e1 un desaf\u00edo extra. Habr\u00e1 otros que lleguen bien. Jay Vine est\u00e1 en buena forma. Pero al final, depende de m\u00ed defender el maillot arco\u00edris.<\/p><\/blockquote>\n<p>\u00abV<b data-testid=\"body-text-bold\">a a ser una experiencia \u00fanica\u00bb<\/b>, concluye Evenepoel sobre el viaje a Ruanda. \u00abMe produce curiosidad ver c\u00f3mo ir\u00e1 con el p\u00fablico y c\u00f3mo ser\u00e1n las carreteras. Tengo mente abierta y ya he estado en \u00c1frica, en Marruecos (por su mujer, Oumi Rayane). Pero es otra regi\u00f3n diferente. Me gusta descubrir lugares nuevos y este es un buen modo de hacerlo\u00bb.<\/p>\n<p>*Sigue los Campeonatos del Mundo de ciclismo 2025 en Eurosport y HBO Max. <a class=\"text-action-onLight-05 hover:text-action-onLight-05-hover active:text-action-onLight-05-pressed hover:underline active:underline\" data-analytics-id=\"textlink\" target=\"_blank\" rel=\"noopener nofollow\" data-testid=\"atom-textlink\" href=\"https:\/\/www.hbomax.com\/es\/es\/sports?utm_medium=referral&amp;utm_source=eurosport.es&amp;utm_content=home-page-content-dynamicBanner-subscribe&amp;utm_campaign=ES-EU-E1-EU-C7-EU-BAU-DR-W-AllSports-Undefined-250101-NA\">Suscr\u00edbete aqu\u00ed<\/a><\/p>\n","protected":false},"excerpt":{"rendered":"Ganador en 2023 y 2024 de la contrarreloj de los Campeonatos del Mundo, Remco Evenepoel (BEL \/ Soudal&hellip;\n","protected":false},"author":2,"featured_media":122855,"comment_status":"","ping_status":"","sticky":false,"template":"","format":"standard","meta":{"footnotes":""},"categories":[273],"tags":[16328,313,312,168,25,24,23,167],"class_list":{"0":"post-122854","1":"post","2":"type-post","3":"status-publish","4":"format-standard","5":"has-post-thumbnail","7":"category-ciclismo","8":"tag-campeonatos-mundiales","9":"tag-ciclismo","10":"tag-cycling","11":"tag-deportes","12":"tag-es","13":"tag-espana","14":"tag-spain","15":"tag-sports"},"share_on_mastodon":{"url":"","error":""},"_links":{"self":[{"href":"https:\/\/www.europesays.com\/es\/wp-json\/wp\/v2\/posts\/122854","targetHints":{"allow":["GET"]}}],"collection":[{"href":"https:\/\/www.europesays.com\/es\/wp-json\/wp\/v2\/posts"}],"about":[{"href":"https:\/\/www.europesays.com\/es\/wp-json\/wp\/v2\/types\/post"}],"author":[{"embeddable":true,"href":"https:\/\/www.europesays.com\/es\/wp-json\/wp\/v2\/users\/2"}],"replies":[{"embeddable":true,"href":"https:\/\/www.europesays.com\/es\/wp-json\/wp\/v2\/comments?post=122854"}],"version-history":[{"count":0,"href":"https:\/\/www.europesays.com\/es\/wp-json\/wp\/v2\/posts\/122854\/revisions"}],"wp:featuredmedia":[{"embeddable":true,"href":"https:\/\/www.europesays.com\/es\/wp-json\/wp\/v2\/media\/122855"}],"wp:attachment":[{"href":"https:\/\/www.europesays.com\/es\/wp-json\/wp\/v2\/media?parent=122854"}],"wp:term":[{"taxonomy":"category","embeddable":true,"href":"https:\/\/www.europesays.com\/es\/wp-json\/wp\/v2\/categories?post=122854"},{"taxonomy":"post_tag","embeddable":true,"href":"https:\/\/www.europesays.com\/es\/wp-json\/wp\/v2\/tags?post=122854"}],"curies":[{"name":"wp","href":"https:\/\/api.w.org\/{rel}","templated":true}]}}