{"id":122862,"date":"2025-09-18T11:00:08","date_gmt":"2025-09-18T11:00:08","guid":{"rendered":"https:\/\/www.europesays.com\/es\/122862\/"},"modified":"2025-09-18T11:00:08","modified_gmt":"2025-09-18T11:00:08","slug":"al-actor-gorka-otxoa-le-llueven-los-me-gusta-con-tres-simples-palabas-tras-la-ultima-de-pp-vox-y-junts","status":"publish","type":"post","link":"https:\/\/www.europesays.com\/es\/122862\/","title":{"rendered":"Al actor Gorka Otxoa le llueven los &#8216;me gusta&#8217; con tres simples palabas tras la \u00faltima de PP, Vox y Junts"},"content":{"rendered":"<p><b>El actor\u00a0Gorka Otxoa<\/b>, <a href=\"https:\/\/www.huffingtonpost.es\/virales\/daniel-guzman-recupera-aznar-le-dijo-carlos-alsina-2018-liado-marilo-montero-tve.html\" rel=\"nofollow noopener\" target=\"_blank\">uno de los protagonistas de la popular serie Machos Alfa,<\/a> est\u00e1 recibiendo un aluvi\u00f3n de &#8216;me gusta&#8217; gracias a tres palabras que ha publicado tras ver <a href=\"https:\/\/www.huffingtonpost.es\/politica\/feijoo-le-compra-discurso-ayuso-publica-video-cantando-karaoke-rotulo-me-gusta-frutabr.html\" rel=\"nofollow noopener\" target=\"_blank\">la \u00faltima protagonizada por PP, Vox y Junts.<\/a><\/p>\n<p>El int\u00e9rprete ha reaccionado despu\u00e9s de leer una informaci\u00f3n de la agencia EFE titulada: \u00abEl Congreso rechaza, <b>con los votos en contra de PP, Vox y Junts<\/b>, crear una oficina anticorrupci\u00f3n\u00bb.<\/p>\n<p><b>\u00ab\u00bf\u00bf\u00bfPor qu\u00e9 ser\u00e1\u2026???<\/b> \ud83e\udd14\ud83e\udd14\ud83e\udd14\u00bb, ha dejado caer Otxoa en un mensaje que en poco m\u00e1s de 12 horas hab\u00eda superado los 7.000 &#8216;me gusta&#8217; y los 1.000 comentarios.<\/p>\n<p>Todo ello al ver que el\u00a0pleno del Congreso rechazase este martes con los votos en contra de PP, Vox y Junts la toma en consideraci\u00f3n de una proposici\u00f3n de ley de Sumar para crear una Oficina de Prevenci\u00f3n de la Corrupci\u00f3n,<b> lo que significa que la iniciativa decae<\/b> al no seguir adelante su tramitaci\u00f3n parlamentaria.<\/p>\n<p><b>Es el segundo varapalo que sufre Sumar<\/b> en el nuevo curso parlamentario tras prosperar la semana pasada el veto de PP, Vox y Junts al proyecto de ley del Gobierno para reducir la jornada laboral, una de las medidas estrella de la vicepresidenta segunda, Yolanda D\u00edaz.<\/p>\n<p>En esta ocasi\u00f3n, la proposici\u00f3n de ley de Sumar para crear una Oficina de Prevenci\u00f3n de la Corrupci\u00f3n <b>ha sido rechazada con los votos en contra del PP, Vox y Junts<\/b>, mientras que socios de investidura de Pedro S\u00e1nchez como Podemos, ERC, PNV y Bildu han votado a favor junto a Sumar y el PSOE, aunque con reservas, sobre todo en el caso de la formaci\u00f3n morada.<\/p>\n<p><b>\u00abLas derechas han votado en contra<\/b> de la Oficina de Prevenci\u00f3n de la Corrupci\u00f3n, lo cual es una muestra m\u00e1s de lo poco que les importa realmente afrontar la corrupci\u00f3n en Espa\u00f1a\u00bb, ha declarado a los medios al finalizar la sesi\u00f3n la portavoz de Sumar en el Congreso, Ver\u00f3nica Mart\u00ednez Barbero.<\/p>\n","protected":false},"excerpt":{"rendered":"El actor\u00a0Gorka Otxoa, uno de los protagonistas de la popular serie Machos Alfa, est\u00e1 recibiendo un aluvi\u00f3n de&hellip;\n","protected":false},"author":2,"featured_media":122863,"comment_status":"","ping_status":"","sticky":false,"template":"","format":"standard","meta":{"footnotes":""},"categories":[174],"tags":[255,146,147,25,24,256,40343,40344,6066,23,624],"class_list":{"0":"post-122862","1":"post","2":"type-post","3":"status-publish","4":"format-standard","5":"has-post-thumbnail","7":"category-famosos","8":"tag-celebrities","9":"tag-entertainment","10":"tag-entretenimiento","11":"tag-es","12":"tag-espana","13":"tag-famosos","14":"tag-gorka-otxoa","15":"tag-junts-per-cat","16":"tag-partido-popular-pp","17":"tag-spain","18":"tag-vox"},"share_on_mastodon":{"url":"","error":""},"_links":{"self":[{"href":"https:\/\/www.europesays.com\/es\/wp-json\/wp\/v2\/posts\/122862","targetHints":{"allow":["GET"]}}],"collection":[{"href":"https:\/\/www.europesays.com\/es\/wp-json\/wp\/v2\/posts"}],"about":[{"href":"https:\/\/www.europesays.com\/es\/wp-json\/wp\/v2\/types\/post"}],"author":[{"embeddable":true,"href":"https:\/\/www.europesays.com\/es\/wp-json\/wp\/v2\/users\/2"}],"replies":[{"embeddable":true,"href":"https:\/\/www.europesays.com\/es\/wp-json\/wp\/v2\/comments?post=122862"}],"version-history":[{"count":0,"href":"https:\/\/www.europesays.com\/es\/wp-json\/wp\/v2\/posts\/122862\/revisions"}],"wp:featuredmedia":[{"embeddable":true,"href":"https:\/\/www.europesays.com\/es\/wp-json\/wp\/v2\/media\/122863"}],"wp:attachment":[{"href":"https:\/\/www.europesays.com\/es\/wp-json\/wp\/v2\/media?parent=122862"}],"wp:term":[{"taxonomy":"category","embeddable":true,"href":"https:\/\/www.europesays.com\/es\/wp-json\/wp\/v2\/categories?post=122862"},{"taxonomy":"post_tag","embeddable":true,"href":"https:\/\/www.europesays.com\/es\/wp-json\/wp\/v2\/tags?post=122862"}],"curies":[{"name":"wp","href":"https:\/\/api.w.org\/{rel}","templated":true}]}}