{"id":122866,"date":"2025-09-18T11:02:17","date_gmt":"2025-09-18T11:02:17","guid":{"rendered":"https:\/\/www.europesays.com\/es\/122866\/"},"modified":"2025-09-18T11:02:17","modified_gmt":"2025-09-18T11:02:17","slug":"presentacion-libro-jessica-flores-badajoz","status":"publish","type":"post","link":"https:\/\/www.europesays.com\/es\/122866\/","title":{"rendered":"PRESENTACI\u00d3N LIBRO JESSICA FLORES BADAJOZ"},"content":{"rendered":"<p class=\"ft-text\"><strong>La escritora Jessica Flores, barcelonesa afincada en Zafra, presenta este jueves a las 19.00 horas en la sala de <\/strong><a class=\"ft-link ft-link--decoration\" href=\"https:\/\/www.lacronicabadajoz.com\/tags\/ambito-cultural-de-el-corte-ingles\/pagina-2\/\" target=\"_blank\" rel=\"nofollow noopener\"><strong>\u00c1mbito Cultural de El Corte Ingl\u00e9s de Badajoz<\/strong><\/a><strong> \u2018Ivar: Desde el vientre de mam\u00e1\u2019<\/strong>.<\/p>\n<p class=\"ft-text\">\u00bfSe puede amar a alguien que a\u00fan no ha llegado? La respuesta de la autora es: \u00abS\u00ed, con cada suspiro, con cada sue\u00f1o compartido entre mam\u00e1 y su peque\u00f1o desde el primer instante\u00bb.<\/p>\n<p class=\"ft-text\"><strong>Este libro es una carta abierta al amor m\u00e1s puro y profundo, el de una madre por su hijo que no lleg\u00f3 a nacer, pero que dej\u00f3 huellas eternas en su coraz\u00f3n<\/strong>. A lo largo de este cuento infantil, la autora invita a recorrer un viaje \u00edntimo y luminoso, lleno de palabras que acarician el alma. En \u00e9l, el dolor se transforma en ternura y la ausencia en presencia.<\/p>\n<p class=\"ft-text\">Esta obra es un grito a la muerte perinatal y un abrazo para las madres que han amado desde antes del primer llanto. Flores lo presenta tambi\u00e9n como <strong>un recordatorio de que algunos hijos viven para siempre \u00abentre estrellas y sue\u00f1os\u00bb<\/strong>. Y se\u00f1ala que es como un tributo al amor que trasciende la vida.<\/p>\n<p>Sobre la autora<\/p>\n<p class=\"ft-text\">Jessica Flores, es una mujer de 27 a\u00f1os, nacida en Barcelona, que se mud\u00f3 a Zafra (Badajoz), con nueve a\u00f1os. <strong>Durante muchos a\u00f1os fue patinadora profesional de patinaje art\u00edstico y se dedic\u00f3 a la competici\u00f3n hasta los diecinueve a\u00f1os<\/strong>. Entonces emprendi\u00f3 el camino hacia la sanidad, lo cual le apasiona. Disfruta ayudando a la gente.<\/p>\n<p class=\"ft-text\">Con 21 a\u00f1os fue madre de su primera hija y descubri\u00f3 el amor incondicional. Dos a\u00f1os despu\u00e9s naci\u00f3 su segunda hija. <strong>Y cuando todo parec\u00eda ser perfecto, dos a\u00f1os m\u00e1s tarde, lleg\u00f3 la p\u00e9rdida de su tercer hijo durante una etapa tard\u00eda del embarazo<\/strong>. Desde entonces, Jessica ha intentado encontrar el valor para transformar ese dolor y llegar a otras familias que necesitasen saber que no est\u00e1n solas.<\/p>\n<p class=\"ft-text\">Flores crey\u00f3 que la mejor forma de honrar la memoria de su hijo era un cuento infantil. Esta obra a ella misma le sirvi\u00f3 para ayudar a los grandes olvidados del duelo: los hijos. Ni\u00f1os que no comprenden por qu\u00e9 y que tambi\u00e9n transitan su propio duelo, a menudo, silenciosos e ignorados.<\/p>\n<p class=\"ft-text\"><strong>En la actualidad, trabaja como entrenadora de patinaje art\u00edstico y como sanitaria<\/strong> y lo compagina con su faceta de madre mientras que<strong> escribe su segunda obra, una novela<\/strong>.<\/p>\n","protected":false},"excerpt":{"rendered":"La escritora Jessica Flores, barcelonesa afincada en Zafra, presenta este jueves a las 19.00 horas en la sala&hellip;\n","protected":false},"author":2,"featured_media":122867,"comment_status":"","ping_status":"","sticky":false,"template":"","format":"standard","meta":{"footnotes":""},"categories":[172],"tags":[40347,1733,7235,224,4835,7752,13043,146,147,25,24,9646,40345,5132,1496,225,4920,2782,23,40346],"class_list":{"0":"post-122866","1":"post","2":"type-post","3":"status-publish","4":"format-standard","5":"has-post-thumbnail","7":"category-libros","8":"tag-ambito-cultural-de-el-corte-ingles","9":"tag-amor","10":"tag-badajoz","11":"tag-books","12":"tag-corazon","13":"tag-dolor","14":"tag-el-corte-ingles","15":"tag-entertainment","16":"tag-entretenimiento","17":"tag-es","18":"tag-espana","19":"tag-flores","20":"tag-ivar","21":"tag-jessica","22":"tag-libro","23":"tag-libros","24":"tag-muerte","25":"tag-presenta","26":"tag-spain","27":"tag-vientre"},"share_on_mastodon":{"url":"","error":""},"_links":{"self":[{"href":"https:\/\/www.europesays.com\/es\/wp-json\/wp\/v2\/posts\/122866","targetHints":{"allow":["GET"]}}],"collection":[{"href":"https:\/\/www.europesays.com\/es\/wp-json\/wp\/v2\/posts"}],"about":[{"href":"https:\/\/www.europesays.com\/es\/wp-json\/wp\/v2\/types\/post"}],"author":[{"embeddable":true,"href":"https:\/\/www.europesays.com\/es\/wp-json\/wp\/v2\/users\/2"}],"replies":[{"embeddable":true,"href":"https:\/\/www.europesays.com\/es\/wp-json\/wp\/v2\/comments?post=122866"}],"version-history":[{"count":0,"href":"https:\/\/www.europesays.com\/es\/wp-json\/wp\/v2\/posts\/122866\/revisions"}],"wp:featuredmedia":[{"embeddable":true,"href":"https:\/\/www.europesays.com\/es\/wp-json\/wp\/v2\/media\/122867"}],"wp:attachment":[{"href":"https:\/\/www.europesays.com\/es\/wp-json\/wp\/v2\/media?parent=122866"}],"wp:term":[{"taxonomy":"category","embeddable":true,"href":"https:\/\/www.europesays.com\/es\/wp-json\/wp\/v2\/categories?post=122866"},{"taxonomy":"post_tag","embeddable":true,"href":"https:\/\/www.europesays.com\/es\/wp-json\/wp\/v2\/tags?post=122866"}],"curies":[{"name":"wp","href":"https:\/\/api.w.org\/{rel}","templated":true}]}}