{"id":122868,"date":"2025-09-18T11:03:09","date_gmt":"2025-09-18T11:03:09","guid":{"rendered":"https:\/\/www.europesays.com\/es\/122868\/"},"modified":"2025-09-18T11:03:09","modified_gmt":"2025-09-18T11:03:09","slug":"montoya-y-anita-se-reencuentran-en-el-cumpleanos-de-terelu-campos","status":"publish","type":"post","link":"https:\/\/www.europesays.com\/es\/122868\/","title":{"rendered":"Montoya y Anita se reencuentran en el cumplea\u00f1os de Terelu Campos"},"content":{"rendered":"<p>18\/09\/2025 a las 12:36h.<\/p>\n<p>      <a href=\"https:\/\/www.abc.es\/gente\/javascript:void(0)\" data-voc-component=\"modal-open\" data-target=\"open-comments\" class=\"voc-social__icon voc-social__icon--comments nibara-element\" title=\"Comentarios\" rel=\"nofollow noopener\" target=\"_blank\"><\/p>\n<p><\/a><\/p>\n<p class=\"voc-save-news__paragraph\">Esta funcionalidad es s\u00f3lo para suscriptores<\/p>\n<p><a href=\"https:\/\/secure.abc.es\/suscripcion#vca=suscribete&amp;vso=abc&amp;vmc=on&amp;vli=comentarios-btn-flujo\" data-voc-vtm-id=\"comienzoSuscripcionON\" data-voc-vtm-info=\"btncomentar\" class=\"voc-btn voc-btn--w voc-btn--xs voc-save-news__btn\" rel=\"nofollow noopener\" target=\"_blank\"><br \/>\nSuscribete<br \/>\n<\/a><\/p>\n<p class=\"voc-p\" style=\"\">Como no pod\u00eda ser de otra manera, Terelu Campos ha invitado a su fiesta de cumplea\u00f1os a algunos de sus compa\u00f1eros en &#8216;Supervivientes 2025&#8217;; Carmen Alcayde, Laura Cuevas, Alm\u00e1cor&#8230; y Anita Williams y Jos\u00e9 Carlos Montoya, que se han reencontrado p\u00fablicamente tras pasar el fin de semana juntos en un hotel a las afueras de Barcelona.<\/p>\n<p class=\"voc-btn__text\">\nVer comentarios<br \/>\n(0)\n<\/p>\n<p>Reportar un error<\/p>\n<p class=\"voc-save-news__paragraph\">Esta funcionalidad es s\u00f3lo para suscriptores<\/p>\n<p><a href=\"https:\/\/secure.abc.es\/suscripcion#vca=suscribete&amp;vso=abc&amp;vmc=on&amp;vli=comentarios-btn-flujo\" data-voc-vtm-id=\"comienzoSuscripcionON\" data-voc-vtm-info=\"btncomentar\" class=\"voc-btn voc-btn--w voc-btn--xs voc-save-news__btn\" rel=\"nofollow noopener\" target=\"_blank\"><br \/>\nSuscribete<br \/>\n<\/a><\/p>\n","protected":false},"excerpt":{"rendered":"18\/09\/2025 a las 12:36h. Esta funcionalidad es s\u00f3lo para suscriptores Suscribete Como no pod\u00eda ser de otra manera,&hellip;\n","protected":false},"author":2,"featured_media":122869,"comment_status":"","ping_status":"","sticky":false,"template":"","format":"standard","meta":{"footnotes":""},"categories":[171],"tags":[20892,5615,6996,146,147,25,24,4472,40348,23,5522,214],"class_list":{"0":"post-122868","1":"post","2":"type-post","3":"status-publish","4":"format-standard","5":"has-post-thumbnail","7":"category-tv","8":"tag-anita","9":"tag-campos","10":"tag-cumpleanos","11":"tag-entertainment","12":"tag-entretenimiento","13":"tag-es","14":"tag-espana","15":"tag-montoya","16":"tag-reencuentran","17":"tag-spain","18":"tag-terelu","19":"tag-tv"},"share_on_mastodon":{"url":"","error":""},"_links":{"self":[{"href":"https:\/\/www.europesays.com\/es\/wp-json\/wp\/v2\/posts\/122868","targetHints":{"allow":["GET"]}}],"collection":[{"href":"https:\/\/www.europesays.com\/es\/wp-json\/wp\/v2\/posts"}],"about":[{"href":"https:\/\/www.europesays.com\/es\/wp-json\/wp\/v2\/types\/post"}],"author":[{"embeddable":true,"href":"https:\/\/www.europesays.com\/es\/wp-json\/wp\/v2\/users\/2"}],"replies":[{"embeddable":true,"href":"https:\/\/www.europesays.com\/es\/wp-json\/wp\/v2\/comments?post=122868"}],"version-history":[{"count":0,"href":"https:\/\/www.europesays.com\/es\/wp-json\/wp\/v2\/posts\/122868\/revisions"}],"wp:featuredmedia":[{"embeddable":true,"href":"https:\/\/www.europesays.com\/es\/wp-json\/wp\/v2\/media\/122869"}],"wp:attachment":[{"href":"https:\/\/www.europesays.com\/es\/wp-json\/wp\/v2\/media?parent=122868"}],"wp:term":[{"taxonomy":"category","embeddable":true,"href":"https:\/\/www.europesays.com\/es\/wp-json\/wp\/v2\/categories?post=122868"},{"taxonomy":"post_tag","embeddable":true,"href":"https:\/\/www.europesays.com\/es\/wp-json\/wp\/v2\/tags?post=122868"}],"curies":[{"name":"wp","href":"https:\/\/api.w.org\/{rel}","templated":true}]}}