{"id":122879,"date":"2025-09-18T11:10:10","date_gmt":"2025-09-18T11:10:10","guid":{"rendered":"https:\/\/www.europesays.com\/es\/122879\/"},"modified":"2025-09-18T11:10:10","modified_gmt":"2025-09-18T11:10:10","slug":"si-la-opa-de-bbva-no-sale-adelante-la-accion-de-sabadell-no-se-desplomara-y-hasta-puede-ser-que-le-quiten-el-tapon","status":"publish","type":"post","link":"https:\/\/www.europesays.com\/es\/122879\/","title":{"rendered":"Si la opa de BBVA no sale adelante la acci\u00f3n de Sabadell no se desplomar\u00e1 y hasta puede ser que le quiten el tap\u00f3n"},"content":{"rendered":"<p><a href=\"https:\/\/www.eleconomista.es\/empresa\/BBVA\" title=\"BANCO DE BILBAO VIZCAYA\" target=\"_blank\" rel=\"nofollow noopener\">BBVA <\/a>y <a href=\"https:\/\/www.eleconomista.es\/empresa\/SABADELL\" title=\"BANCO DE SABADELL\" target=\"_blank\" rel=\"nofollow noopener\">Sabadell<b> <\/b><\/a><b>han discrepado<\/b> durante los 16 meses que dura ya la opa <b>sobre su influencia en el rally burs\u00e1til del vallesano. <\/b>El consejero delegado de BBVA, Onur <b>Gen\u00e7, advirti\u00f3 <\/b>durante la presentaci\u00f3n del folleto de la operaci\u00f3n de que el precio de la <b>acci\u00f3n del catal\u00e1n est\u00e1 fomentado en su mayor\u00eda por la opa. <\/b>\u00abHabr\u00eda que preguntarse d\u00f3nde estar\u00eda la acci\u00f3n de Sabadell sin la oferta, o si la oferta desaparece\u00bb, apunta. Carlos Torres, presidente del grupo vasco, avisaba poco despu\u00e9s de que <a href=\"https:\/\/www.eleconomista.es\/banca-finanzas\/noticias\/13543670\/09\/25\/torres-bbva-la-opa-va-a-salir-si-no-el-sabadell-sufrira-una-caida-relevante-en-bolsa.html\" title=\"Torres (BBVA): La opa va a salir, si no el Sabadell sufrir\u00e1 una ca\u00edda relevante en Bolsa\" rel=\"nofollow noopener\" target=\"_blank\">\u00abla cotizaci\u00f3n del Sabadell sufrir\u00e1 una ca\u00edda relevante en Bolsa\u00bb si no prospera.<\/a><\/p>\n<p>Josep <b>Oliu<\/b>, presidente de Banco Sabadell, <b>refuta con contundencia la tesis de BBVA<\/b> de que en el caso de que la opa no salga, la cotizaci\u00f3n de Banco Sabadell se desplomar\u00e1. \u00abEste <b>es un mensaje de manipulaci\u00f3n de un comprador que utiliza el miedo para decir &#8216;a ver si me venden&#8217;, pero no es correcto<\/b>\u00ab, anota.<\/p>\n<p>A su juicio, las acciones del vallesano seguir\u00e1n su recorrido al alza tambi\u00e9n en el caso de que la entidad siga con su camino en solitario, ya que <b>sus valores \u00abest\u00e1n soportados por los fundamentales, que hoy est\u00e1n un 37% por encima del valor de cotizaci\u00f3n del banco\u00bb.<\/b><\/p>\n<p>El banquero recuerda, adem\u00e1s, que el conjunto de <b>analistas otorga a la acci\u00f3n un valor que est\u00e1 un 15-20% por encima del actual<\/b> y que en cuanto a m\u00faltiplo de PER el Sabadell no est\u00e1 por encima de Unicaja, Bankinter o CaixaBank \u00abgracias a la presi\u00f3n de la opa del BBVA\u00bb. \u00abLa opa es un factor que est\u00e1 all\u00ed y el d\u00eda que desaparezca, pues la acci\u00f3n empezar\u00e1 a corregir hasta llegar a su valor existente. (&#8230;). Desplomarse no se va a desplomar. <b>No solamente no se va a desplomar, hasta puede ser que le quiten el tap\u00f3n\u00bb, agrega.<\/b><\/p>\n<p>Para sostener su argumento, <a href=\"https:\/\/www.eleconomista.es\/banca-finanzas\/noticias\/13548744\/09\/25\/sabadell-se-apoya-en-banco-bpm-para-rebatir-a-bbva-que-su-accion-resistira-si-fracasa-la-opa.html\" title=\"Sabadell se apoya en Banco BPM para rebatir a BBVA que su acci\u00f3n resistir\u00e1 si fracasa la opa\" rel=\"nofollow noopener\" target=\"_blank\">Oliu cit\u00f3 el ejemplo del italiano Banco BPM, que fue objeto de una opa hostil por parte de UniCredit, <\/a>aunque a finales de julio el banco pilotado por Orcel opt\u00f3 por tirar la toalla ante las duras condiciones impuestas por el Gobierno de Meloni. \u00abResulta que en estos momentos (la <b>acci\u00f3n de BPM) est\u00e1 un 20% por encima del valor en el que estaba antes de que se retir\u00f3 la opa<\/b>\u00ab, dijo el n\u00famero uno del Sabadell.<\/p>\n<p>El vallesano se apoya en que la subida de su cotizaci\u00f3n desde los primeros rumores de la opa (un 84%) est\u00e1 m\u00e1s en l\u00ednea con la que protagonizan CaixaBank, Bankinter y Unicaja (de media m\u00e1s de un 70%) que la del mismo BBVA (un 50%). Por su parte, <b>el vasco defiende que la correlaci\u00f3n entre el precio de su propia acci\u00f3n y la del Sabadell se ha elevado hasta un 0,89 desde el lanzamiento de la opa<\/b>, teniendo en cuenta una media de 21 sesiones. Este coeficiente cuanto m\u00e1s se acerca 1, m\u00e1s indica una perfecta correlaci\u00f3n positiva.<\/p>\n<p>WhatsApp<a href=\"https:\/\/api.whatsapp.com\/send?text=https:\/\/www.eleconomista.es\/banca-finanzas\/noticias\/13550761\/09\/25\/josep-oliu-sabadell-la-accion-no-se-desplomara-y-hasta-puede-ser-que-le-quiten-el-tapon.html?utm_source%3Dwhatsapp%26utm_medium%3Dshare_button&amp;id=1648118629957_whatsapp\" target=\"_blank\" data-action=\"share\/whatsapp\/share\" aria-label=\"Compartir en Whatsapp\" rel=\"nofollow noopener\"><\/a>Facebook<a id=\"fb-share\" href=\"#\" target=\"_blank\" rel=\"noopener noreferrer\" aria-label=\"Compartir en Facebook\"><\/a>Twitter<a href=\"https:\/\/twitter.com\/share?text=Oliu%3A++%22Si+la+opa+de+BBVA+no+sale+adelante+la+acci%C3%B3n+de+Sabadell+no+se+desplomar%C3%A1+y+hasta+puede+ser+que+le+quiten+el+tap%C3%B3n%22&amp;url=https:\/\/www.eleconomista.es\/banca-finanzas\/noticias\/13550761\/09\/25\/josep-oliu-sabadell-la-accion-no-se-desplomara-y-hasta-puede-ser-que-le-quiten-el-tapon.html&amp;via=elEconomistaes&amp;id=1648118839245_twitter\" target=\"_blank\" aria-label=\"Compartir en Twitter\" rel=\"nofollow noopener\"><\/a>Linkedin<a href=\"https:\/\/linkedin.com\/share?text=https:\/\/www.eleconomista.es\/banca-finanzas\/noticias\/13550761\/09\/25\/josep-oliu-sabadell-la-accion-no-se-desplomara-y-hasta-puede-ser-que-le-quiten-el-tapon.html&amp;via=elEconomistaes\" target=\"_blank\" aria-label=\"Compartir en linkedin\" rel=\"nofollow noopener\"><\/a>Beloud<a href=\"https:\/\/beloud.com\/share?text=Oliu%3A++%22Si+la+opa+de+BBVA+no+sale+adelante+la+acci%C3%B3n+de+Sabadell+no+se+desplomar%C3%A1+y+hasta+puede+ser+que+le+quiten+el+tap%C3%B3n%22&amp;url=https:\/\/www.eleconomista.es\/banca-finanzas\/noticias\/13550761\/09\/25\/josep-oliu-sabadell-la-accion-no-se-desplomara-y-hasta-puede-ser-que-le-quiten-el-tapon.html&amp;via=elEconomistaes&amp;id=1648118839245_beloud\" target=\"_blank\" aria-label=\"Compartir en beloud\" rel=\"nofollow noopener\"><\/a>Bluesky<a href=\"https:\/\/bsky.app\/intent\/compose?text=https:\/\/bsky.app\/intent\/compose?text=https:\/\/www.eleconomista.es\/banca-finanzas\/noticias\/13550761\/09\/25\/josep-oliu-sabadell-la-accion-no-se-desplomara-y-hasta-puede-ser-que-le-quiten-el-tapon.html&amp;url=https:\/\/www.eleconomista.es\/banca-finanzas\/noticias\/13550761\/09\/25\/josep-oliu-sabadell-la-accion-no-se-desplomara-y-hasta-puede-ser-que-le-quiten-el-tapon.html&amp;via=elEconomistaes&amp;id=1648118839245_bluesky\" target=\"_blank\" aria-label=\"Compartir en bluesky\" rel=\"nofollow noopener\"><\/a><\/p>\n<p><script async src=\"https:\/\/platform.twitter.com\/widgets.js\" charset=\"utf-8\"><\/script><\/p>\n","protected":false},"excerpt":{"rendered":"BBVA y Sabadell han discrepado durante los 16 meses que dura ya la opa sobre su influencia en&hellip;\n","protected":false},"author":2,"featured_media":122880,"comment_status":"","ping_status":"","sticky":false,"template":"","format":"standard","meta":{"footnotes":""},"categories":[80],"tags":[5371,82,95,94,25,24,23],"class_list":{"0":"post-122879","1":"post","2":"type-post","3":"status-publish","4":"format-standard","5":"has-post-thumbnail","7":"category-economia","8":"tag-banca-y-finanzas","9":"tag-business","10":"tag-economia","11":"tag-economy","12":"tag-es","13":"tag-espana","14":"tag-spain"},"share_on_mastodon":{"url":"","error":""},"_links":{"self":[{"href":"https:\/\/www.europesays.com\/es\/wp-json\/wp\/v2\/posts\/122879","targetHints":{"allow":["GET"]}}],"collection":[{"href":"https:\/\/www.europesays.com\/es\/wp-json\/wp\/v2\/posts"}],"about":[{"href":"https:\/\/www.europesays.com\/es\/wp-json\/wp\/v2\/types\/post"}],"author":[{"embeddable":true,"href":"https:\/\/www.europesays.com\/es\/wp-json\/wp\/v2\/users\/2"}],"replies":[{"embeddable":true,"href":"https:\/\/www.europesays.com\/es\/wp-json\/wp\/v2\/comments?post=122879"}],"version-history":[{"count":0,"href":"https:\/\/www.europesays.com\/es\/wp-json\/wp\/v2\/posts\/122879\/revisions"}],"wp:featuredmedia":[{"embeddable":true,"href":"https:\/\/www.europesays.com\/es\/wp-json\/wp\/v2\/media\/122880"}],"wp:attachment":[{"href":"https:\/\/www.europesays.com\/es\/wp-json\/wp\/v2\/media?parent=122879"}],"wp:term":[{"taxonomy":"category","embeddable":true,"href":"https:\/\/www.europesays.com\/es\/wp-json\/wp\/v2\/categories?post=122879"},{"taxonomy":"post_tag","embeddable":true,"href":"https:\/\/www.europesays.com\/es\/wp-json\/wp\/v2\/tags?post=122879"}],"curies":[{"name":"wp","href":"https:\/\/api.w.org\/{rel}","templated":true}]}}