{"id":122881,"date":"2025-09-18T11:11:04","date_gmt":"2025-09-18T11:11:04","guid":{"rendered":"https:\/\/www.europesays.com\/es\/122881\/"},"modified":"2025-09-18T11:11:04","modified_gmt":"2025-09-18T11:11:04","slug":"huelga-y-protestas-en-francia-contra-los-recortes-sociales-dw-18-09-2025","status":"publish","type":"post","link":"https:\/\/www.europesays.com\/es\/122881\/","title":{"rendered":"Huelga y protestas en Francia contra los recortes sociales \u2013 DW \u2013 18\/09\/2025"},"content":{"rendered":"<p><a class=\"internal-link\" href=\"https:\/\/www.dw.com\/es\/la-torre-eiffel-cierra-sus-puertas-por-una-huelga-de-trabajadores\/a-67832964\" rel=\"nofollow noopener\" target=\"_blank\">El llamado a la huelga<\/a> en <a class=\"internal-link\" href=\"https:\/\/www.dw.com\/es\/francia\/t-17412345\" rel=\"nofollow noopener\" target=\"_blank\">Francia<\/a> se sinti\u00f3 desde primera hora de la ma\u00f1ana: servicio de trenes regionales y de transporte p\u00fablico limitados o paralizados, muchas escuelas y la mayor\u00eda de farmacias cerradas&#8230;\u00a0<\/p>\n<p>Las autoridades esperan una movilizaci\u00f3n masiva el jueves, 18 de septiembre de 2025, con hasta 900 000 manifestantes en las calles. Al igual que sucediera en las protestas del 10 de septiembre, organizadas a trav\u00e9s de las redes sociales bajo el lema <a class=\"internal-link\" href=\"https:\/\/www.dw.com\/es\/polic\u00eda-interviene-universidades-de-par\u00eds-por-bloqueo-a-francia\/a-73958166\" rel=\"nofollow noopener\" target=\"_blank\">\u00abBloqueemos todo\u00bb<\/a>, las autoridades han movilizado un fuerte dispositivo de 80 000 polic\u00edas y gendarmes para evitar \u00abbloqueos\u00bb.<\/p>\n<p>\u00abSeremos intransigentes\u00bb, asegur\u00f3 el ministro del Interior, Bruno Retailleu, quien estim\u00f3 que entre 5000 y 8000 \u00abindividuos peligrosos\u00bb podr\u00edan \u00abcausar des\u00f3rdenes\u00bb durante las manifestaciones.<\/p>\n<p>Presupuestos de 2026<\/p>\n<p>La movilizaci\u00f3n fue detonada por el plan presupuestario para 2026 del <a class=\"internal-link\" href=\"https:\/\/www.dw.com\/es\/francia-al-borde-de-su-quinto-primer-ministro-en-20-meses\/a-73775403\" rel=\"nofollow noopener\" target=\"_blank\">ex primer ministro,<\/a> que preve\u00eda recortes de hasta 44 000 millones de euros y la supresi\u00f3n de dos d\u00edas feriados. Aunque el Parlamento tumb\u00f3 su gobierno, y su sucesor, S\u00e9bastien Lecornu, anunci\u00f3 la elaboraci\u00f3n de un nuevo plan, que no incluir\u00e1 la supresi\u00f3n de los d\u00edas feriados, los sindicatos han mantenido la movilizaci\u00f3n.\u00a0\u00a0\u00a0\u00a0\u00a0<\/p>\n<p>Adem\u00e1s de pedir la supresi\u00f3n de los recortes planteados por Bayrou, los sindicatos reclaman derogar la impopular reforma de las pensiones de 2023, m\u00e1s justicia fiscal y m\u00e1s medios para los servicios p\u00fablicos.\u00a0 Seg\u00fan un sondeo\u00a0publicado ayer, un 56 por ciento de los franceses aprueban la movilizaci\u00f3n.<\/p>\n<p>MS (afp\/efe)<\/p>\n<p>\u00a0<\/p>\n<p>\u00a0\u00a0\u00a0\u00a0\u00a0<\/p>\n","protected":false},"excerpt":{"rendered":"El llamado a la huelga en Francia se sinti\u00f3 desde primera hora de la ma\u00f1ana: servicio de trenes&hellip;\n","protected":false},"author":2,"featured_media":122882,"comment_status":"","ping_status":"","sticky":false,"template":"","format":"standard","meta":{"footnotes":""},"categories":[42],"tags":[17,18,13,14,11,61,62,63,64,19,20,9,10,15,16,12,21,22,65,66,67],"class_list":{"0":"post-122881","1":"post","2":"type-post","3":"status-publish","4":"format-standard","5":"has-post-thumbnail","7":"category-internacional","8":"tag-breaking-news","9":"tag-breakingnews","10":"tag-featured-news","11":"tag-featurednews","12":"tag-headlines","13":"tag-internacional","14":"tag-international","15":"tag-international-news","16":"tag-internationalnews","17":"tag-latest-news","18":"tag-latestnews","19":"tag-news","20":"tag-noticias","21":"tag-noticias-destacadas","22":"tag-noticiasdestacadas","23":"tag-titulares","24":"tag-ultimas-noticias","25":"tag-ultimasnoticias","26":"tag-world","27":"tag-world-news","28":"tag-worldnews"},"share_on_mastodon":{"url":"","error":""},"_links":{"self":[{"href":"https:\/\/www.europesays.com\/es\/wp-json\/wp\/v2\/posts\/122881","targetHints":{"allow":["GET"]}}],"collection":[{"href":"https:\/\/www.europesays.com\/es\/wp-json\/wp\/v2\/posts"}],"about":[{"href":"https:\/\/www.europesays.com\/es\/wp-json\/wp\/v2\/types\/post"}],"author":[{"embeddable":true,"href":"https:\/\/www.europesays.com\/es\/wp-json\/wp\/v2\/users\/2"}],"replies":[{"embeddable":true,"href":"https:\/\/www.europesays.com\/es\/wp-json\/wp\/v2\/comments?post=122881"}],"version-history":[{"count":0,"href":"https:\/\/www.europesays.com\/es\/wp-json\/wp\/v2\/posts\/122881\/revisions"}],"wp:featuredmedia":[{"embeddable":true,"href":"https:\/\/www.europesays.com\/es\/wp-json\/wp\/v2\/media\/122882"}],"wp:attachment":[{"href":"https:\/\/www.europesays.com\/es\/wp-json\/wp\/v2\/media?parent=122881"}],"wp:term":[{"taxonomy":"category","embeddable":true,"href":"https:\/\/www.europesays.com\/es\/wp-json\/wp\/v2\/categories?post=122881"},{"taxonomy":"post_tag","embeddable":true,"href":"https:\/\/www.europesays.com\/es\/wp-json\/wp\/v2\/tags?post=122881"}],"curies":[{"name":"wp","href":"https:\/\/api.w.org\/{rel}","templated":true}]}}