{"id":122915,"date":"2025-09-18T11:34:10","date_gmt":"2025-09-18T11:34:10","guid":{"rendered":"https:\/\/www.europesays.com\/es\/122915\/"},"modified":"2025-09-18T11:34:10","modified_gmt":"2025-09-18T11:34:10","slug":"el-autor-ha-sido-abatido","status":"publish","type":"post","link":"https:\/\/www.europesays.com\/es\/122915\/","title":{"rendered":"el autor ha sido abatido"},"content":{"rendered":"<p>Tres agentes de polic\u00eda fallecieron y otros dos resultaron gravemente heridos en un tiroteo ocurrido en el municipio de Codorus, en el condado de York, Pensilvania. El agresor tambi\u00e9n muri\u00f3 abatido por las fuerzas del orden.<\/p>\n<p>Seg\u00fan el jefe de la Polic\u00eda estatal de Pensilvania, Christopher Paris, los dos agentes heridos fueron trasladados al hospital y estabilizados. El centro m\u00e9dico permanece bajo estrictas medidas de seguridad mientras contin\u00faan las investigaciones.<\/p>\n<p>La fiscal general de EE \u202fUU, Pam Bondi, indic\u00f3 que se desplegaron agentes del FBI y de la Oficina de Alcohol, Tabaco, Armas de Fuego y Explosivos (ATF) para apoyar en la investigaci\u00f3n. Bondi conden\u00f3 la violencia contra los oficiales, calific\u00e1ndola de \u201cabsolutamente inaceptable\u201d.<\/p>\n<p>El Departamento de Seguridad Nacional, a trav\u00e9s de su secretaria Kristi Noem, tambi\u00e9n ha colaborado en la investigaci\u00f3n y asegur\u00f3 que se est\u00e1n movilizando todos los recursos necesarios para esclarecer los hechos y apoyar a las familias de las v\u00edctimas.<\/p>\n<p>La Polic\u00eda se\u00f1ala que, aunque el escenario sigue siendo considerado activo a efectos de investigaci\u00f3n, no hay peligro inmediato para la comunidad local. La tragedia ha reabierto el debate sobre la seguridad de los agentes en el cumplimiento de su deber y subraya el impacto que este tipo de violencia tiene sobre las familias y la sociedad en general.<\/p>\n<p>Las autoridades federales y estatales contin\u00faan trabajando de manera coordinada para determinar las causas y circunstancias exactas del tiroteo en Codorus.<\/p>\n","protected":false},"excerpt":{"rendered":"Tres agentes de polic\u00eda fallecieron y otros dos resultaron gravemente heridos en un tiroteo ocurrido en el municipio&hellip;\n","protected":false},"author":2,"featured_media":122916,"comment_status":"","ping_status":"","sticky":false,"template":"","format":"standard","meta":{"footnotes":""},"categories":[42],"tags":[17,18,13,14,11,61,62,63,64,19,20,9,10,15,16,12,21,22,65,66,67],"class_list":{"0":"post-122915","1":"post","2":"type-post","3":"status-publish","4":"format-standard","5":"has-post-thumbnail","7":"category-internacional","8":"tag-breaking-news","9":"tag-breakingnews","10":"tag-featured-news","11":"tag-featurednews","12":"tag-headlines","13":"tag-internacional","14":"tag-international","15":"tag-international-news","16":"tag-internationalnews","17":"tag-latest-news","18":"tag-latestnews","19":"tag-news","20":"tag-noticias","21":"tag-noticias-destacadas","22":"tag-noticiasdestacadas","23":"tag-titulares","24":"tag-ultimas-noticias","25":"tag-ultimasnoticias","26":"tag-world","27":"tag-world-news","28":"tag-worldnews"},"share_on_mastodon":{"url":"","error":""},"_links":{"self":[{"href":"https:\/\/www.europesays.com\/es\/wp-json\/wp\/v2\/posts\/122915","targetHints":{"allow":["GET"]}}],"collection":[{"href":"https:\/\/www.europesays.com\/es\/wp-json\/wp\/v2\/posts"}],"about":[{"href":"https:\/\/www.europesays.com\/es\/wp-json\/wp\/v2\/types\/post"}],"author":[{"embeddable":true,"href":"https:\/\/www.europesays.com\/es\/wp-json\/wp\/v2\/users\/2"}],"replies":[{"embeddable":true,"href":"https:\/\/www.europesays.com\/es\/wp-json\/wp\/v2\/comments?post=122915"}],"version-history":[{"count":0,"href":"https:\/\/www.europesays.com\/es\/wp-json\/wp\/v2\/posts\/122915\/revisions"}],"wp:featuredmedia":[{"embeddable":true,"href":"https:\/\/www.europesays.com\/es\/wp-json\/wp\/v2\/media\/122916"}],"wp:attachment":[{"href":"https:\/\/www.europesays.com\/es\/wp-json\/wp\/v2\/media?parent=122915"}],"wp:term":[{"taxonomy":"category","embeddable":true,"href":"https:\/\/www.europesays.com\/es\/wp-json\/wp\/v2\/categories?post=122915"},{"taxonomy":"post_tag","embeddable":true,"href":"https:\/\/www.europesays.com\/es\/wp-json\/wp\/v2\/tags?post=122915"}],"curies":[{"name":"wp","href":"https:\/\/api.w.org\/{rel}","templated":true}]}}