{"id":122917,"date":"2025-09-18T11:35:08","date_gmt":"2025-09-18T11:35:08","guid":{"rendered":"https:\/\/www.europesays.com\/es\/122917\/"},"modified":"2025-09-18T11:35:08","modified_gmt":"2025-09-18T11:35:08","slug":"aumentan-los-casos-de-gripe-aviar-en-aves-en-espana","status":"publish","type":"post","link":"https:\/\/www.europesays.com\/es\/122917\/","title":{"rendered":"Aumentan los casos de gripe aviar en aves en Espa\u00f1a"},"content":{"rendered":"<p lang=\"EN-US\" xml:lang=\"EN-US\">Desde marzo de 2023, Espa\u00f1a no hab\u00eda registrado ning\u00fan caso de gripe aviar en aves dom\u00e9sticas, lo que le hab\u00eda permitido tener el estatus de pa\u00eds libre de enfermedad. Sin embargo, <a href=\"https:\/\/www.mapa.gob.es\/dam\/mapa\/contenido\/ganaderia\/temas\/sanidad-animal-e-higiene-ganadera\/sanidad-animal\/noticias-sanidad-animal\/documentos-de-noticias\/nota-focos-ia-18.07.2025.pdf\" rel=\"noopener nofollow\" target=\"_blank\">el 18 de julio<\/a> de este a\u00f1o se declar\u00f3 un foco en una explotaci\u00f3n de pavos en Badajoz, lo que hizo que perdiera esa condici\u00f3n.\u00a0Desde entonces se han confirmado otros tres focos m\u00e1s en distintas comunidades aut\u00f3nomas (Castilla-La Mancha y Andaluc\u00eda), est\u00e1 pendiente de confirmarse otra sospecha en Huelva, un foco en aves cautivas en Pa\u00eds Vasco y se han detectado un total de 31 focos en aves silvestres en varias comunidades aut\u00f3nomas, <a href=\"https:\/\/www.mapa.gob.es\/dam\/mapa\/contenido\/ganaderia\/temas\/sanidad-animal-e-higiene-ganadera\/sanidad-animal\/noticias-sanidad-animal\/documentos-de-noticias\/nota-foco-iaap-y-sospecha-08-09-2025.pdf\" rel=\"noreferrer noopener nofollow\" target=\"_blank\">seg\u00fan el \u00faltimo informe<\/a> del Ministerio de Agricultura, Pesca y Alimentaci\u00f3n, por ejemplo, en el Espacio Natural de Do\u00f1ana. \u00bfPor qu\u00e9 se est\u00e1 produciendo esta situaci\u00f3n?<\/p>\n<p lang=\"EN-US\" xml:lang=\"EN-US\">Para <strong>Ursula H\u00f6fle<\/strong>, profesora contratada doctora y miembro del Grupo SaBio del Instituto de Investigaci\u00f3n en Recursos Cineg\u00e9ticos IREC (CSIC-UCLM-JCCM),\u00a0no es algo extra\u00f1o, ya que \u201ces un periodo en que Espa\u00f1a recibe aves en su camino migratorio desde el norte de Europa, lo que se combina con que hay poca agua y se concentran en pocas zonas. Adem\u00e1s, muchas son aves j\u00f3venes con poca protecci\u00f3n inmunitaria. Es una tormenta perfecta\u201d, detallaba en una sesi\u00f3n informativa organizada por el SMC Espa\u00f1a. Quiz\u00e1 ha llegado antes de lo esperado, pero lo l\u00f3gico es que la situaci\u00f3n contin\u00fae, coment\u00f3<strong> Elisa P\u00e9rez Ram\u00edrez<\/strong>, investigadora en el departamento de Enfermedades infecciosas y Salud global del Centro de Investigaci\u00f3n en Sanidad Animal CISA-INIA, CSIC. \u201cEs probable que sigamos viendo brotes en aves silvestres. Lo que debemos es evitar que pasen a aves de corral o dom\u00e9sticas, lo que puede suceder por contacto directo o indirecto. La seguridad es muy alta, pero a veces puede producirse el contagio por agua o por pienso contaminado\u201d, a\u00f1adi\u00f3 la experta.\u00a0<\/p>\n<p lang=\"EN-US\" xml:lang=\"EN-US\">\u00bfSe han detectado cambios en el virus? H\u00f6fle reconoci\u00f3 que falta por analizar secuencias recientes y \u201ces dif\u00edcil predecir qu\u00e9 va a pasar\u201d. Uno de los peligros para los humanos es que comience a infectar animales como los cerdos, \u201cque son susceptibles a la gripe porcina y humana, lo que permitir\u00eda reordenamientos\u201d y facilitar\u00eda una posible adaptaci\u00f3n y transmisi\u00f3n entre humanos, explic\u00f3 P\u00e9rez Ram\u00edrez. \u201cEn jabal\u00edes, que es un primo hermano del cerdo, no hemos visto afectaci\u00f3n\u201d, a\u00f1adi\u00f3 la cient\u00edfica del IREC. Eso s\u00ed, \u201cen el \u00faltimo a\u00f1o ha habido un aumento de las especies de mam\u00edferos infectadas, que han pasado de 50 a 78, sobre todo silvestres\u201d, alert\u00f3 P\u00e9rez Ram\u00edrez, para quien la pregunta del mill\u00f3n es por qu\u00e9 se contagiaron vacas en Estados Unidos sin que esto sucediera en ning\u00fan otro lugar del mundo. \u201cA\u00fan no sabemos la raz\u00f3n\u201d, reconoci\u00f3.\u00a0<\/p>\n<p class=\"ladillo\" lang=\"EN-US\" xml:lang=\"EN-US\">C\u00f3mo funcionan los sistemas de vigilancia\u00a0<\/p>\n<p lang=\"EN-US\" xml:lang=\"EN-US\">Preguntadas por los sistemas de vigilancia, la investigadora de CISA-INIA explic\u00f3 que en aves se combinan formas activas \u2013que analizan animales aparentemente sanos\u2013\u00a0y pasivas \u2013tras detectar signos o s\u00edntomas de la enfermedad\u2013. \u201cEs muy importante seguir invirtiendo mucho esfuerzo en ver qu\u00e9 est\u00e1 circulando en las aves silvestres, porque nos da much\u00edsima informaci\u00f3n para saber frente a qu\u00e9 nos tenemos que preparar para proteger nuestro sistema av\u00edcola\u201d, subray\u00f3. La vigilancia activa es muy cara y consume muchos recursos, por lo que habr\u00eda que hacerla coste-eficiente. En cerdos o vacas \u201ces solo pasiva, pero si no se han detectado casos en Europa ya es un primer paso\u201d, indic\u00f3 P\u00e9rez Ram\u00edrez. \u00a0<\/p>\n<p lang=\"EN-US\" xml:lang=\"EN-US\">Las expertas recalcaron la recomendaci\u00f3n a la poblaci\u00f3n de no tocar aves muertas y de, si se encuentra alg\u00fan ejemplar sospechoso, avisar a los servicios municipales o regionales de medio ambiente y sanidad animal para que se hagan cargo.\u00a0<\/p>\n<p lang=\"EN-US\" xml:lang=\"EN-US\">Respecto a los humanos, <strong>Inmaculada Casas<\/strong>, directora del grupo de investigaci\u00f3n de Virus respiratorios y Gripe del Instituto de Salud Carlos III,\u00a0destac\u00f3 que \u201clos sistemas de vigilancia de gripe est\u00e1n muy implantados y existe una gran experiencia para intentar controlar y prevenir el salto entre aves o mam\u00edferos y el ser humano\u201d. \u00a0<\/p>\n<p class=\"cita\" lang=\"EN-US\" xml:lang=\"EN-US\">\u201cLos sistemas de vigilancia de gripe est\u00e1n muy implantados y existe una gran experiencia para intentar controlar y prevenir el salto entre aves o mam\u00edferos y el ser humano\u201d<\/p>\n<p class=\"autor-cita\" lang=\"EN-US\" xml:lang=\"EN-US\">Inmaculada Casas<\/p>\n<p lang=\"EN-US\" xml:lang=\"EN-US\">Ahora mismo, \u201cla gripe aviar en el ser humano es una enfermedad ocupacional, de los trabajadores que est\u00e1n en relaci\u00f3n con las aves enfermas y que pueden tener un contacto alto con el virus. Por ahora, todos los casos se deben a un ingreso directo desde un ave. Para que se produzca una transmisi\u00f3n entre humanos, el virus tendr\u00eda que cambiar bastante, y eso por ahora no ha ocurrido\u201d, record\u00f3 Casas.\u00a0<\/p>\n<p lang=\"EN-US\" xml:lang=\"EN-US\">De hecho, cuando se habla de que el virus est\u00e1 a una mutaci\u00f3n de poder infectar y transmitirse entre humanos, se trata \u201cde un concepto un poco mal explicado\u201d, seg\u00fan Casas. Realmente, \u201ctiene que haber una adaptaci\u00f3n de todos los mecanismos de producci\u00f3n del virus a las c\u00e9lulas de mam\u00edferos, que son ligeramente diferentes a las aviares. Eso todav\u00eda no ha existido\u201d. \u00a0<\/p>\n<p lang=\"EN-US\" xml:lang=\"EN-US\">\u201cUn gran problema viene cuando un ser humano se contagia de gripe aviar y se infecta con un virus de gripe estacional propiamente nuestro. Ah\u00ed el humano funcionar\u00eda como coctelera. Por eso, una de las recomendaciones m\u00e1s importes para evitar darle posibilidades al virus es la vacunaci\u00f3n frente a la gripe de los trabajadores de las granjas y de las personas que tienen un riesgo ocupacional\u201d, subray\u00f3 la investigadora. Adem\u00e1s, explic\u00f3 que ya existe una vacuna espec\u00edfica preparada para gripe aviar \u201cen caso de que sea necesario por si se produce una epidemia o un brote grande en un pa\u00eds, a la espera de elegir el virus concreto que se est\u00e9 dispersando\u201d. Pero \u201cel punto de corte para poder utilizarla ser\u00e1 si se produce una transmisi\u00f3n efectiva entre humanos\u201d.\u00a0<\/p>\n<p class=\"ladillo\" lang=\"EN-US\" xml:lang=\"EN-US\">El grave impacto en el mundo animal\u00a0<\/p>\n<p lang=\"EN-US\" xml:lang=\"EN-US\">Por su parte, P\u00e9rez Ram\u00edrez record\u00f3: \u201cAunque el riesgo de salto a los humanos existe, esta es ahora mismo una enfermedad animal con un impacto enorme. A nivel econ\u00f3mico y emocional. Cuando se detecta un caso de virus altamente patog\u00e9nico, hay que sacrificar a todos los animales de la granja, lo que implica que se hayan tenido que sacrificar millones de aves en el mundo en los \u00faltimos a\u00f1os. Y tiene tambi\u00e9n un impacto en el ecosistema y en la biodiversidad. Deber\u00edamos abandonar un poco nuestra visi\u00f3n antropoc\u00e9ntrica y pensar no en lo que puede pasar, sino en lo que est\u00e1 pasando ya\u201d.\u00a0<\/p>\n<p lang=\"EN-US\" xml:lang=\"EN-US\">Para H\u00f6fle \u201ces muy dif\u00edcil poner n\u00fameros a este drama, porque los animales muertos detectados\u00a0son la punta del iceberg. Muchos no se encuentran o son consumidos y el impacto de esas muertes tiene efectos en cascada a nivel de ecosistema\u201d. \u201cUna de las cosas que pido en las entrevistas es que no se vilifique a las aves silvestres, porque son v\u00edctimas, igual que lo pueden ser las aves de producci\u00f3n o nosotros mismos\u201d, concluy\u00f3.\u00a0<\/p>\n","protected":false},"excerpt":{"rendered":"Desde marzo de 2023, Espa\u00f1a no hab\u00eda registrado ning\u00fan caso de gripe aviar en aves dom\u00e9sticas, lo que&hellip;\n","protected":false},"author":2,"featured_media":122918,"comment_status":"","ping_status":"","sticky":false,"template":"","format":"standard","meta":{"footnotes":""},"categories":[8],"tags":[17,18,25,24,13,14,12949,11,19,20,9,10,15,16,40359,3536,23,12,21,22],"class_list":{"0":"post-122917","1":"post","2":"type-post","3":"status-publish","4":"format-standard","5":"has-post-thumbnail","7":"category-espana","8":"tag-breaking-news","9":"tag-breakingnews","10":"tag-es","11":"tag-espana","12":"tag-featured-news","13":"tag-featurednews","14":"tag-gripe-aviar","15":"tag-headlines","16":"tag-latest-news","17":"tag-latestnews","18":"tag-news","19":"tag-noticias","20":"tag-noticias-destacadas","21":"tag-noticiasdestacadas","22":"tag-one-health","23":"tag-salud-animal","24":"tag-spain","25":"tag-titulares","26":"tag-ultimas-noticias","27":"tag-ultimasnoticias"},"share_on_mastodon":{"url":"","error":""},"_links":{"self":[{"href":"https:\/\/www.europesays.com\/es\/wp-json\/wp\/v2\/posts\/122917","targetHints":{"allow":["GET"]}}],"collection":[{"href":"https:\/\/www.europesays.com\/es\/wp-json\/wp\/v2\/posts"}],"about":[{"href":"https:\/\/www.europesays.com\/es\/wp-json\/wp\/v2\/types\/post"}],"author":[{"embeddable":true,"href":"https:\/\/www.europesays.com\/es\/wp-json\/wp\/v2\/users\/2"}],"replies":[{"embeddable":true,"href":"https:\/\/www.europesays.com\/es\/wp-json\/wp\/v2\/comments?post=122917"}],"version-history":[{"count":0,"href":"https:\/\/www.europesays.com\/es\/wp-json\/wp\/v2\/posts\/122917\/revisions"}],"wp:featuredmedia":[{"embeddable":true,"href":"https:\/\/www.europesays.com\/es\/wp-json\/wp\/v2\/media\/122918"}],"wp:attachment":[{"href":"https:\/\/www.europesays.com\/es\/wp-json\/wp\/v2\/media?parent=122917"}],"wp:term":[{"taxonomy":"category","embeddable":true,"href":"https:\/\/www.europesays.com\/es\/wp-json\/wp\/v2\/categories?post=122917"},{"taxonomy":"post_tag","embeddable":true,"href":"https:\/\/www.europesays.com\/es\/wp-json\/wp\/v2\/tags?post=122917"}],"curies":[{"name":"wp","href":"https:\/\/api.w.org\/{rel}","templated":true}]}}