{"id":122919,"date":"2025-09-18T11:36:18","date_gmt":"2025-09-18T11:36:18","guid":{"rendered":"https:\/\/www.europesays.com\/es\/122919\/"},"modified":"2025-09-18T11:36:18","modified_gmt":"2025-09-18T11:36:18","slug":"el-nuevo-buque-duque-de-ahumada-es-un-ejemplo-de-cooperacion-europea-para-fortalecer-nuestras-fronteras-prensa-actualidad-interior","status":"publish","type":"post","link":"https:\/\/www.europesays.com\/es\/122919\/","title":{"rendered":"\u00abEl nuevo buque &#8216;Duque de Ahumada&#8217; es un ejemplo de cooperaci\u00f3n europea para fortalecer nuestras fronteras\u00bb [Prensa\/Actualidad\/Interior]"},"content":{"rendered":"<p class=\"main-image\">&#13;<br \/>\n                     &#13;<br \/>\n                        &#13;<br \/>\n                        <img decoding=\"async\" alt=\"Foto de grupo en el acto de entrega del nuevo buque oce\u00e1nico \u201cDuque de Ahumada\u201d\" title=\"Foto de grupo en el acto de entrega del nuevo buque oce\u00e1nico \u201cDuque de Ahumada\u201d\" src=\"https:\/\/www.europesays.com\/es\/wp-content\/uploads\/2025\/09\/180925-grande-marlaska-buque-guardia-civil.jpg\"\/>&#13;<br \/>\n                        Foto de grupo en el acto de entrega del nuevo buque oce\u00e1nico \u00abDuque de Ahumada\u00bb.&#13;<br \/>\n                    &#13;\n                <\/p>\n<p>El ministro de Interior, Fernando Grande-Marlaska, ha presidido este jueves en Vigo (Pontevedra) el acto de entrega del nuevo buque oce\u00e1nico \u00abDuque de Ahumada\u00bb, que se incorporar\u00e1 al Servicio Mar\u00edtimo de la Guardia Civil en la prevenci\u00f3n de la delincuencia transfronteriza, la seguridad mar\u00edtima y contra la migraci\u00f3n irregular y el narcotr\u00e1fico, entre otras misiones.<\/p>\n<p>\u00abEs un ejemplo de la pol\u00edtica de cooperaci\u00f3n europea, que suma, que contribuye a fortalecer la cohesi\u00f3n y a robustecer, en este caso, la protecci\u00f3n de nuestras fronteras, las espa\u00f1olas, que son tambi\u00e9n las fronteras exteriores de la Uni\u00f3n Europea\u00bb, ha manifestado Grande-Marlaska durante la ceremonia de entrega.<\/p>\n<p>El ministro ha destacado la importancia de la financiaci\u00f3n comunitaria, que ha supuesto el 90% de los 35 millones de euros de inversi\u00f3n. \u00abEs una significativa contribuci\u00f3n\u00bb, ha subrayado, que muestra \u00abla relevancia del apoyo europeo\u00bb en la dotaci\u00f3n de medios de gran envergadura, equipados con tecnolog\u00eda de vanguardia, capaces de operar con plena autonom\u00eda en alta mar para prevenir y detectar la inmigraci\u00f3n ilegal, as\u00ed como para gestionar eficazmente los flujos migratorios.<\/p>\n<p>Al acto de entrega, en el astillero de Arm\u00f3n, han asistido tambi\u00e9n, entre otras autoridades, el delegado del Gobierno en Galicia, Pedro Blanco; el alcalde de Vigo, Abel Caballero; la directora general de la Guardia Civil, Mercedes Gonz\u00e1lez; el consejero delegado del Astillero Arm\u00f3n R\u00eda de Vigo, Laudelino Alperi; y el Mando de Fronteras y Polic\u00eda Mar\u00edtima, el teniente general Manuel Navarrete.<\/p>\n<p>Financiaci\u00f3n europea<\/p>\n<p>La construcci\u00f3n del buque \u00abDuque de Ahumada\u00bb ha contado con una inversi\u00f3n de 35 millones de euros, 32 de ellos procedentes de fondos europeos destinados a adquirir equipamiento para los Estados miembros y la Agencia Europea de la Guardia de Fronteras y Costas (Frontex), dentro del Instrumento de Apoyo Financiero a la Gesti\u00f3n de Fronteras y la Pol\u00edtica de Visados.<\/p>\n<p>En el mismo marco presupuestario, la Guardia Civil ha obtenido tambi\u00e9n 20 millones de euros, financiados al 75 por ciento por la Comisi\u00f3n Europea, para sufragar los gastos de mantenimiento del Sistema Integrado de Vigilancia Exterior (SIVE) durante los a\u00f1os 2023, 2024 y 2025.<\/p>\n<p>El nuevo buque oce\u00e1nico sustituir\u00e1 al \u00abR\u00edo Mi\u00f1o\u00bb tras haber cumplido su periodo de vida \u00fatil y se incorporar\u00e1 al Grupo Mar\u00edtimo del Estrecho, con base en la Zona Franca de C\u00e1diz, donde ejercer\u00e1 misiones vigilancia mar\u00edtima en aguas de soberan\u00eda espa\u00f1ola alrededor de la pen\u00ednsula ib\u00e9rica.<\/p>\n<p>El \u00abDuque de Ahumada\u00bb atender\u00e1, adem\u00e1s, los compromisos adquiridos en aguas de soberan\u00eda de otros pa\u00edses de la Uni\u00f3n Europea, dado que la financiaci\u00f3n comunitaria conlleva el despliegue del buque en misiones de Frontex durante un periodo de cuatro meses al a\u00f1o.<\/p>\n<p>Un buque de grandes capacidades <\/p>\n<p>Construido en los astilleros Arm\u00f3n, el nuevo buque oce\u00e1nico de la Guardia Civil supone un hito tecnol\u00f3gico de primer nivel y un importante incremento de las capacidades operativas de la Guardia Civil en el desempe\u00f1o de sus funciones en el \u00e1mbito mar\u00edtimo.<\/p>\n<p>Dispondr\u00e1 de cinco cubiertas, con helipuerto, dos embarcaciones de r\u00e1pida intervenci\u00f3n y un rov -veh\u00edculo submarino operado remotamente- para la inspecci\u00f3n y rastreo subacu\u00e1tico de hasta 1.000 metros de profundidad. Adem\u00e1s, estar\u00e1 dotado con equipos de navegaci\u00f3n y comunicaciones de \u00faltima generaci\u00f3n, espacios hospitalarios y enfermer\u00eda, \u00e1rea de seguridad y zona de n\u00e1ufragos para un m\u00ednimo de cien personas.<\/p>\n<p>Tendr\u00e1 una autonom\u00eda superior a las 11.000 millas, con capacidad para permanecer en el mar sin tocar puerto hasta 30 d\u00edas. Podr\u00e1 alcanzar una velocidad de 18 nudos y tendr\u00e1 una velocidad de patrulla superior a los 11. Contar\u00e1 con alojamiento a bordo para 44 miembros de la tripulaci\u00f3n y 12 personas ajenas a ella.<\/p>\n<p>El Servicio Mar\u00edtimo de la Guardia Civil<\/p>\n<p>El Servicio Mar\u00edtimo de la Guardia Civil est\u00e1 compuesto por casi 150 unidades navales entre buques oce\u00e1nicos, embarcaciones de altura, patrulleras medias, ligeras y de apoyo. Este servicio de la Guardia Civil est\u00e1 desplegado en las provincias costeras. Adem\u00e1s, existe un despliegue en \u00c1frica occidental con el Destacamento de Senegal, otro en Mauritania y tres Asistencias T\u00e9cnicas de vigilancia fluvial en Saint Louis y Kaolack (Senegal) y Banjul (Gambia).<\/p>\n","protected":false},"excerpt":{"rendered":"&#13; &#13; &#13; &#13; Foto de grupo en el acto de entrega del nuevo buque oce\u00e1nico \u00abDuque de&hellip;\n","protected":false},"author":2,"featured_media":122920,"comment_status":"","ping_status":"","sticky":false,"template":"","format":"standard","meta":{"footnotes":""},"categories":[5],"tags":[17,18,25,24,13,14,11,19,20,9,10,15,16,23,12,21,22],"class_list":{"0":"post-122919","1":"post","2":"type-post","3":"status-publish","4":"format-standard","5":"has-post-thumbnail","7":"category-titulares","8":"tag-breaking-news","9":"tag-breakingnews","10":"tag-es","11":"tag-espana","12":"tag-featured-news","13":"tag-featurednews","14":"tag-headlines","15":"tag-latest-news","16":"tag-latestnews","17":"tag-news","18":"tag-noticias","19":"tag-noticias-destacadas","20":"tag-noticiasdestacadas","21":"tag-spain","22":"tag-titulares","23":"tag-ultimas-noticias","24":"tag-ultimasnoticias"},"share_on_mastodon":{"url":"","error":""},"_links":{"self":[{"href":"https:\/\/www.europesays.com\/es\/wp-json\/wp\/v2\/posts\/122919","targetHints":{"allow":["GET"]}}],"collection":[{"href":"https:\/\/www.europesays.com\/es\/wp-json\/wp\/v2\/posts"}],"about":[{"href":"https:\/\/www.europesays.com\/es\/wp-json\/wp\/v2\/types\/post"}],"author":[{"embeddable":true,"href":"https:\/\/www.europesays.com\/es\/wp-json\/wp\/v2\/users\/2"}],"replies":[{"embeddable":true,"href":"https:\/\/www.europesays.com\/es\/wp-json\/wp\/v2\/comments?post=122919"}],"version-history":[{"count":0,"href":"https:\/\/www.europesays.com\/es\/wp-json\/wp\/v2\/posts\/122919\/revisions"}],"wp:featuredmedia":[{"embeddable":true,"href":"https:\/\/www.europesays.com\/es\/wp-json\/wp\/v2\/media\/122920"}],"wp:attachment":[{"href":"https:\/\/www.europesays.com\/es\/wp-json\/wp\/v2\/media?parent=122919"}],"wp:term":[{"taxonomy":"category","embeddable":true,"href":"https:\/\/www.europesays.com\/es\/wp-json\/wp\/v2\/categories?post=122919"},{"taxonomy":"post_tag","embeddable":true,"href":"https:\/\/www.europesays.com\/es\/wp-json\/wp\/v2\/tags?post=122919"}],"curies":[{"name":"wp","href":"https:\/\/api.w.org\/{rel}","templated":true}]}}