{"id":122921,"date":"2025-09-18T11:37:13","date_gmt":"2025-09-18T11:37:13","guid":{"rendered":"https:\/\/www.europesays.com\/es\/122921\/"},"modified":"2025-09-18T11:37:13","modified_gmt":"2025-09-18T11:37:13","slug":"el-abanca-ademar-recibe-la-visita-del-historico-bm-granollers-mas-deportes","status":"publish","type":"post","link":"https:\/\/www.europesays.com\/es\/122921\/","title":{"rendered":"El ABANCA Ademar recibe la visita del hist\u00f3rico BM Granollers | M\u00e1s deportes"},"content":{"rendered":"<p class=\"loc\">Le\u00f3n <\/p>\n<p>El domingo el Pabell\u00f3n Municipal de los Deportes (12\u201d30 horas) volver\u00e1 a acoger uno de los cl\u00e1sicos y de los partidos m\u00e1s atractivos que al d\u00eda de hoy se pueden ver en la Liga Asobal. Y es que un ABANCA Ademar \u2013 BM Granollers siempre responde a las expectativas creadas <\/p>\n<p>Si por algo se caracteriza el equipo vallesano es por confeccionar, todas la temporadas, una plantilla donde la veteran\u00eda y la juventud se acoplan perfectamente. Esta temporada no es una excepci\u00f3n. <\/p>\n<p>Este a\u00f1o en el equipo de Antonio Rama la experiencia la pondr\u00e1n jugadores como el extremo Jordi Deumal que vuelve a la liga espa\u00f1ola tras su experiencia francesa durante siete temporadas, el lateral argentino Guillermo Fischer o el \u201chispano\u201d Adria Figueras. Junto a ellos los catalanes pueden presumir de tener a los j\u00f3venes con m\u00e1s talento de la liga. El claro exponente es el lateral Marcos Fis que a sus 18 a\u00f1os ya ha debutado con la selecci\u00f3n espa\u00f1ola absoluta y que sin ir m\u00e1s lejos en el primer partido contra BM Puente Genil marcaba 10 goles. Junto a \u00e9l est\u00e1n el portero Luka Krivokapic (23 a\u00f1os) o el central Ferr\u00e1n Castillo (21 a\u00f1os) <\/p>\n","protected":false},"excerpt":{"rendered":"Le\u00f3n El domingo el Pabell\u00f3n Municipal de los Deportes (12\u201d30 horas) volver\u00e1 a acoger uno de los cl\u00e1sicos&hellip;\n","protected":false},"author":2,"featured_media":122922,"comment_status":"","ping_status":"","sticky":false,"template":"","format":"standard","meta":{"footnotes":""},"categories":[278],"tags":[376,168,25,24,375,23,167],"class_list":{"0":"post-122921","1":"post","2":"type-post","3":"status-publish","4":"format-standard","5":"has-post-thumbnail","7":"category-balonmano","8":"tag-balonmano","9":"tag-deportes","10":"tag-es","11":"tag-espana","12":"tag-handball","13":"tag-spain","14":"tag-sports"},"share_on_mastodon":{"url":"","error":""},"_links":{"self":[{"href":"https:\/\/www.europesays.com\/es\/wp-json\/wp\/v2\/posts\/122921","targetHints":{"allow":["GET"]}}],"collection":[{"href":"https:\/\/www.europesays.com\/es\/wp-json\/wp\/v2\/posts"}],"about":[{"href":"https:\/\/www.europesays.com\/es\/wp-json\/wp\/v2\/types\/post"}],"author":[{"embeddable":true,"href":"https:\/\/www.europesays.com\/es\/wp-json\/wp\/v2\/users\/2"}],"replies":[{"embeddable":true,"href":"https:\/\/www.europesays.com\/es\/wp-json\/wp\/v2\/comments?post=122921"}],"version-history":[{"count":0,"href":"https:\/\/www.europesays.com\/es\/wp-json\/wp\/v2\/posts\/122921\/revisions"}],"wp:featuredmedia":[{"embeddable":true,"href":"https:\/\/www.europesays.com\/es\/wp-json\/wp\/v2\/media\/122922"}],"wp:attachment":[{"href":"https:\/\/www.europesays.com\/es\/wp-json\/wp\/v2\/media?parent=122921"}],"wp:term":[{"taxonomy":"category","embeddable":true,"href":"https:\/\/www.europesays.com\/es\/wp-json\/wp\/v2\/categories?post=122921"},{"taxonomy":"post_tag","embeddable":true,"href":"https:\/\/www.europesays.com\/es\/wp-json\/wp\/v2\/tags?post=122921"}],"curies":[{"name":"wp","href":"https:\/\/api.w.org\/{rel}","templated":true}]}}