{"id":122923,"date":"2025-09-18T11:38:09","date_gmt":"2025-09-18T11:38:09","guid":{"rendered":"https:\/\/www.europesays.com\/es\/122923\/"},"modified":"2025-09-18T11:38:09","modified_gmt":"2025-09-18T11:38:09","slug":"ruben-sanz-presenta-en-soria-el-cartel-de-su-confirmacion-en-las-ventas","status":"publish","type":"post","link":"https:\/\/www.europesays.com\/es\/122923\/","title":{"rendered":"Rub\u00e9n Sanz presenta en Soria el cartel de su confirmaci\u00f3n en Las Ventas"},"content":{"rendered":"<p class=\"prip\">El matador de toros soriano presentar\u00e1 el cartel de su confirmaci\u00f3n de alternativa, que tendr\u00e1 lugar en la plaza de Las Ventas de Madrid. Durante el acto, organizado por su pe\u00f1a taurina, tambi\u00e9n se entregar\u00e1n los galardones anuales correspondientes a las ediciones de 2024 y 2025 de San Juan.<\/p>\n<p class=\"prip\">Este <strong>s\u00e1bado 20 de septiembre<\/strong>, el Casino acoger\u00e1 un importante acto para la tauromaquia local. La asociaci\u00f3n cultural taurina Rub\u00e9n Sanz ha organizado la presentaci\u00f3n oficial del cartel de la <strong>confirmaci\u00f3n de alternativa del matador de toros soriano<\/strong>, un evento que tendr\u00e1 lugar en la emblem\u00e1tica plaza de toros de Las Ventas de Madrid.<\/p>\n<p>La cita en la capital soriana comenzar\u00e1 a las <strong>12:30 horas<\/strong> y servir\u00e1 como antesala de lo que la propia pe\u00f1a califica como una \u00abfecha hist\u00f3rica\u00bb para la tauromaquia de la provincia. El evento busca congregar a la afici\u00f3n para mostrar su apoyo al diestro ante uno de los compromisos m\u00e1s relevantes de su carrera profesional.<\/p>\n<p>Adem\u00e1s de la presentaci\u00f3n, el acto servir\u00e1 para la entrega de los trofeos taurinos que la asociaci\u00f3n convoca anualmente, reconociendo a destacadas figuras y aficionados del mundo del toro tras las ferias sorianas.<\/p>\n<p>Un cartel de prestigio en la primera plaza del mundo<\/p>\n<p>El festejo en el que Rub\u00e9n Sanz confirmar\u00e1 su alternativa se celebrar\u00e1 el <strong>domingo 28 de septiembre en la plaza de toros de Las Ventas<\/strong>. El torero soriano compartir\u00e1 cartel con los matadores <strong>Javier Herrero y G\u00f3mez del Pilar<\/strong>. Para esta ocasi\u00f3n, se lidiar\u00e1n toros de las ganader\u00edas de <strong>Concha y Sierra y Murteira Grave<\/strong>, hierros de reconocido prestigio entre los aficionados.<\/p>\n<p>En el acto de presentaci\u00f3n en Soria intervendr\u00e1n el propio <strong>Rub\u00e9n Sanz<\/strong>, el maestro <strong>Jos\u00e9 Luis Palomar<\/strong> y el ganadero de Concha y Sierra, <strong>Jos\u00e9 Mar\u00eda L\u00f3pez &#8216;El Jose&#8217;<\/strong>. La mesa redonda estar\u00e1 moderada por el documentalista y aficionado C\u00e9sar Us\u00e1n, quienes desgranar\u00e1n las claves del festejo madrile\u00f1o.<\/p>\n<p>Entrega de los trofeos de la pe\u00f1a<\/p>\n<p>Durante la jornada, la pe\u00f1a taurina tambi\u00e9n proceder\u00e1 a la entrega de sus galardones anuales. Estos premios reconocen tanto a profesionales como a aficionados que han destacado en el \u00e1mbito taurino. Los premiados en esta edici\u00f3n son:<\/p>\n<ul>\n<li><strong>Trofeo &#8216;A la torer\u00eda&#8217; 2025:<\/strong> David Espej\u00f3n, por su actuaci\u00f3n en la ma\u00f1ana del Viernes de Toros.<\/li>\n<p>&#13;<\/p>\n<li><strong>Distinci\u00f3n a Mejor Aficionado 2024:<\/strong> \u00c1ngel Jim\u00e9nez.<\/li>\n<p>&#13;<\/p>\n<li><strong>Distinci\u00f3n a Mejor Aficionado 2025:<\/strong> Francisco Mart\u00ednez, m\u00e1s conocido como Paco Monta\u00f1a.<\/li>\n<p>&#13;\n<\/ul>\n<p>Seg\u00fan informa la organizaci\u00f3n, el trofeo &#8216;A la torer\u00eda&#8217; ha sido otorgado en ediciones anteriores a figuras de la talla de <strong>Jos\u00e9 Mar\u00eda Manzanares, Pepe Moral<\/strong> o el propio Rub\u00e9n Sanz, as\u00ed como a ganader\u00edas como Los Ma\u00f1os o Algarra.<\/p>\n","protected":false},"excerpt":{"rendered":"El matador de toros soriano presentar\u00e1 el cartel de su confirmaci\u00f3n de alternativa, que tendr\u00e1 lugar en la&hellip;\n","protected":false},"author":2,"featured_media":122924,"comment_status":"","ping_status":"","sticky":false,"template":"","format":"standard","meta":{"footnotes":""},"categories":[277],"tags":[4071,373,15368,14763,168,7537,25,24,933,4806,4877,532,3397,23,167,374,7147],"class_list":{"0":"post-122923","1":"post","2":"type-post","3":"status-publish","4":"format-standard","5":"has-post-thumbnail","7":"category-toreo","8":"tag-agenda","9":"tag-bullfighting","10":"tag-casino","11":"tag-confirmacion","12":"tag-deportes","13":"tag-doble","14":"tag-es","15":"tag-espana","16":"tag-evento","17":"tag-eventos","18":"tag-pena","19":"tag-premios","20":"tag-sabado","21":"tag-spain","22":"tag-sports","23":"tag-toreo","24":"tag-ventas"},"share_on_mastodon":{"url":"","error":""},"_links":{"self":[{"href":"https:\/\/www.europesays.com\/es\/wp-json\/wp\/v2\/posts\/122923","targetHints":{"allow":["GET"]}}],"collection":[{"href":"https:\/\/www.europesays.com\/es\/wp-json\/wp\/v2\/posts"}],"about":[{"href":"https:\/\/www.europesays.com\/es\/wp-json\/wp\/v2\/types\/post"}],"author":[{"embeddable":true,"href":"https:\/\/www.europesays.com\/es\/wp-json\/wp\/v2\/users\/2"}],"replies":[{"embeddable":true,"href":"https:\/\/www.europesays.com\/es\/wp-json\/wp\/v2\/comments?post=122923"}],"version-history":[{"count":0,"href":"https:\/\/www.europesays.com\/es\/wp-json\/wp\/v2\/posts\/122923\/revisions"}],"wp:featuredmedia":[{"embeddable":true,"href":"https:\/\/www.europesays.com\/es\/wp-json\/wp\/v2\/media\/122924"}],"wp:attachment":[{"href":"https:\/\/www.europesays.com\/es\/wp-json\/wp\/v2\/media?parent=122923"}],"wp:term":[{"taxonomy":"category","embeddable":true,"href":"https:\/\/www.europesays.com\/es\/wp-json\/wp\/v2\/categories?post=122923"},{"taxonomy":"post_tag","embeddable":true,"href":"https:\/\/www.europesays.com\/es\/wp-json\/wp\/v2\/tags?post=122923"}],"curies":[{"name":"wp","href":"https:\/\/api.w.org\/{rel}","templated":true}]}}