{"id":122925,"date":"2025-09-18T11:41:16","date_gmt":"2025-09-18T11:41:16","guid":{"rendered":"https:\/\/www.europesays.com\/es\/122925\/"},"modified":"2025-09-18T11:41:16","modified_gmt":"2025-09-18T11:41:16","slug":"horarios-equipos-y-donde-ver-en-tv","status":"publish","type":"post","link":"https:\/\/www.europesays.com\/es\/122925\/","title":{"rendered":"horarios, equipos y d\u00f3nde ver en TV"},"content":{"rendered":"<p class=\"L6-news-detail__text\">Pistoletazo de salida a la Laver Cup. Este viernes arranca el torneo en San Francisco, el torneo de <b>Roger Federer<\/b>. Y el gran atractivo, adem\u00e1s del extenista, ser\u00e1 un <b><a title=\"Carlos Alcaraz\" href=\"https:\/\/www.lasexta.com\/noticias\/deportes\/tenis\/pitorreo-republica-checa-carlos-alcaraz-tememos-espana_2025091768cacb5dbc8f701b2f72e888.html\" target=\"_blank\" rel=\"nofollow noopener\">Carlos Alcaraz<\/a><\/b> que se proclam\u00f3 campe\u00f3n del US Open hace apenas unas semanas. Liderar\u00e1 el equipo Europa.<\/p>\n<p class=\"L6-news-detail__text\">Sus compa\u00f1eros son <b>Alexander Zverev, Holger Rune, Casper Ruud, Flavio Cobolli y Jakub Mensik.<\/b><\/p>\n<p class=\"L6-news-detail__text\">Por el equipo de Resto del Mundo compiten <b>Taylor Fritz, Reilly Opelka, Joao Fonseca, Fran Cer\u00fandolo, Alex De Mi\u00f1aur y Alex Michelsen.<\/b><\/p>\n<p class=\"L6-news-detail__text\">Este viernes arranca el torneo en San Francisco. En horario peninsular espa\u00f1ol los partidos se jugar\u00e1n a las <b>22.00 horas y a las 04.00 horas de la madrugada<\/b>. El domingo, los partidos decisivos.<\/p>\n<p class=\"L6-news-detail__text\">Seg\u00fan avance el torneo, los duelos ir\u00e1n ganando importancia. En la jornada del viernes las victorias suman un puntos, el s\u00e1bado dos puntos y el domingo, tres. El primer conjunto en sumar 13 puntos ser\u00e1 campe\u00f3n.<\/p>\n<p>D\u00f3nde ver en TV<\/p>\n<p class=\"L6-news-detail__text\">Todos los partidos se podr\u00e1n seguir en TV a trav\u00e9s de &#8216;Eurosport&#8217;. Adem\u00e1s, la web de <b><a title=\"laSexta\" href=\"https:\/\/www.lasexta.com\/noticias\/deportes\/tenis\/\" target=\"_blank\" rel=\"nofollow noopener\">laSexta<\/a><\/b> llevar\u00e1 a cabo su especial seguimiento especial del tenis.<\/p>\n<p class=\"L6-support-news-video__title\">El Cafelito<\/p>\n<p>            <a href=\"https:\/\/www.lasexta.com\/noticias\/deportes\/motor\/experiencia-alex-marquez-marc-como-companero-repente-hay-mucha-presion-tsunami_2025091868cbbdbf1b05386b629ff243.html\" class=\"L6-news__link\" rel=\"nofollow noopener\" target=\"_blank\"><br \/>\n                La experiencia de Alex M\u00e1rquez con Marc como compa\u00f1ero: \u00abDe repente hay mucha presi\u00f3n&#8230; es un tsunami\u00bb<\/p>\n<p class=\"recirculation-video-desc\">El piloto acude a &#8216;El Cafelito&#8217; de Josep Pedrerol y repasa la situaci\u00f3n de Pecco Bagnaia y c\u00f3mo es Marc como compa\u00f1ero de equipo.<\/p>\n<p>            <\/a><\/p>\n","protected":false},"excerpt":{"rendered":"Pistoletazo de salida a la Laver Cup. Este viernes arranca el torneo en San Francisco, el torneo de&hellip;\n","protected":false},"author":2,"featured_media":122926,"comment_status":"","ping_status":"","sticky":false,"template":"","format":"standard","meta":{"footnotes":""},"categories":[274],"tags":[168,25,24,23,167,327,326],"class_list":{"0":"post-122925","1":"post","2":"type-post","3":"status-publish","4":"format-standard","5":"has-post-thumbnail","7":"category-tenis","8":"tag-deportes","9":"tag-es","10":"tag-espana","11":"tag-spain","12":"tag-sports","13":"tag-tenis","14":"tag-tennis"},"share_on_mastodon":{"url":"","error":""},"_links":{"self":[{"href":"https:\/\/www.europesays.com\/es\/wp-json\/wp\/v2\/posts\/122925","targetHints":{"allow":["GET"]}}],"collection":[{"href":"https:\/\/www.europesays.com\/es\/wp-json\/wp\/v2\/posts"}],"about":[{"href":"https:\/\/www.europesays.com\/es\/wp-json\/wp\/v2\/types\/post"}],"author":[{"embeddable":true,"href":"https:\/\/www.europesays.com\/es\/wp-json\/wp\/v2\/users\/2"}],"replies":[{"embeddable":true,"href":"https:\/\/www.europesays.com\/es\/wp-json\/wp\/v2\/comments?post=122925"}],"version-history":[{"count":0,"href":"https:\/\/www.europesays.com\/es\/wp-json\/wp\/v2\/posts\/122925\/revisions"}],"wp:featuredmedia":[{"embeddable":true,"href":"https:\/\/www.europesays.com\/es\/wp-json\/wp\/v2\/media\/122926"}],"wp:attachment":[{"href":"https:\/\/www.europesays.com\/es\/wp-json\/wp\/v2\/media?parent=122925"}],"wp:term":[{"taxonomy":"category","embeddable":true,"href":"https:\/\/www.europesays.com\/es\/wp-json\/wp\/v2\/categories?post=122925"},{"taxonomy":"post_tag","embeddable":true,"href":"https:\/\/www.europesays.com\/es\/wp-json\/wp\/v2\/tags?post=122925"}],"curies":[{"name":"wp","href":"https:\/\/api.w.org\/{rel}","templated":true}]}}