{"id":122939,"date":"2025-09-18T11:48:08","date_gmt":"2025-09-18T11:48:08","guid":{"rendered":"https:\/\/www.europesays.com\/es\/122939\/"},"modified":"2025-09-18T11:48:08","modified_gmt":"2025-09-18T11:48:08","slug":"francisco-serrano-gana-el-premio-tusquets-con-la-novela-el-corazon-revolucionario-del-mundo","status":"publish","type":"post","link":"https:\/\/www.europesays.com\/es\/122939\/","title":{"rendered":"Francisco Serrano gana el Premio Tusquets con la novela &#8216;El coraz\u00f3n revolucionario del mundo&#8217;"},"content":{"rendered":"<p data-gtm-element-container=\"modulo-texto-link\" class=\"paragraph\">BARCELONA, 18 (EUROPA PRESS)\n\t\t\t\t<\/p>\n<p data-gtm-element-container=\"modulo-texto-link\" class=\"paragraph\">El escritor extreme\u00f1o Francisco Serrano ha ganado el XXI Premio Tusquets de Novela, dotado con 18.000 euros, con &#8216;El coraz\u00f3n revolucionario del mundo&#8217;, un relato ambientado en una c\u00e9lula anticapitalista en los a\u00f1os 70.\n\t\t\t\t<\/p>\n<p data-gtm-element-container=\"modulo-texto-link\" class=\"paragraph\">Lo ha anunciado este jueves en Barcelona el jurado, presidido por Antonio Orejudo e integrado por B\u00e1rbara Blasco, Eva Cosculluela, Corina Oproae &#8211;ganadora de la anterior edici\u00f3n&#8211; y el editor Juan Cerezo, que han otorgado por mayor\u00eda el galard\u00f3n a la novela de Serrano en una convocatoria a la que se presentaron 366 manuscritos.\n\t\t\t\t<\/p>\n<p data-gtm-element-container=\"modulo-texto-link\" class=\"paragraph\">Francisco Serrano (Guare\u00f1a, 1982) es autor de las novelas &#8216;Perros del desierto&#8217;, &#8216;Hajira&#8217; y &#8216;En la costa desaparecida&#8217; y ha participado en el volumen colectivo de relatos &#8216;Prosa inmortal&#8217;, forma parte de la asociaci\u00f3n cultural HUL (Hostia un libro) y codirige el podcast Rancho Dr\u00e1cula sobre cultura popular.\n\t\t\t\t<\/p>\n<p data-gtm-element-container=\"modulo-texto-link\" class=\"paragraph\">La novela explica como Valeria Letelier conoce a un mercenario experto en armas y documentos falsos, cuando ella se aloja en un piso franco en Londres y est\u00e1 siendo instruida por el l\u00edder intelectual de la c\u00e9lula terrorista a la que pertenecen.\n\t\t\t\t<\/p>\n<p data-gtm-element-container=\"modulo-texto-link\" class=\"paragraph\">Valeria y el l\u00edder de la c\u00e9lula se instalar\u00e1n en una casa de campo en Francia para completar su preparaci\u00f3n para su primer golpe, pero la llegada del mercenario suscitar\u00e1 en ella dudas sobre su verdadera liberaci\u00f3n.\n\t\t\t\t<\/p>\n<p data-gtm-element-container=\"modulo-texto-link\" class=\"paragraph\">(HABR\u00c1 AMPLIACI\u00d3N)\n\t\t\t\t<\/p>\n","protected":false},"excerpt":{"rendered":"BARCELONA, 18 (EUROPA PRESS) El escritor extreme\u00f1o Francisco Serrano ha ganado el XXI Premio Tusquets de Novela, dotado&hellip;\n","protected":false},"author":2,"featured_media":122940,"comment_status":"","ping_status":"","sticky":false,"template":"","format":"standard","meta":{"footnotes":""},"categories":[172],"tags":[224,146,147,25,24,225,23],"class_list":{"0":"post-122939","1":"post","2":"type-post","3":"status-publish","4":"format-standard","5":"has-post-thumbnail","7":"category-libros","8":"tag-books","9":"tag-entertainment","10":"tag-entretenimiento","11":"tag-es","12":"tag-espana","13":"tag-libros","14":"tag-spain"},"share_on_mastodon":{"url":"","error":""},"_links":{"self":[{"href":"https:\/\/www.europesays.com\/es\/wp-json\/wp\/v2\/posts\/122939","targetHints":{"allow":["GET"]}}],"collection":[{"href":"https:\/\/www.europesays.com\/es\/wp-json\/wp\/v2\/posts"}],"about":[{"href":"https:\/\/www.europesays.com\/es\/wp-json\/wp\/v2\/types\/post"}],"author":[{"embeddable":true,"href":"https:\/\/www.europesays.com\/es\/wp-json\/wp\/v2\/users\/2"}],"replies":[{"embeddable":true,"href":"https:\/\/www.europesays.com\/es\/wp-json\/wp\/v2\/comments?post=122939"}],"version-history":[{"count":0,"href":"https:\/\/www.europesays.com\/es\/wp-json\/wp\/v2\/posts\/122939\/revisions"}],"wp:featuredmedia":[{"embeddable":true,"href":"https:\/\/www.europesays.com\/es\/wp-json\/wp\/v2\/media\/122940"}],"wp:attachment":[{"href":"https:\/\/www.europesays.com\/es\/wp-json\/wp\/v2\/media?parent=122939"}],"wp:term":[{"taxonomy":"category","embeddable":true,"href":"https:\/\/www.europesays.com\/es\/wp-json\/wp\/v2\/categories?post=122939"},{"taxonomy":"post_tag","embeddable":true,"href":"https:\/\/www.europesays.com\/es\/wp-json\/wp\/v2\/tags?post=122939"}],"curies":[{"name":"wp","href":"https:\/\/api.w.org\/{rel}","templated":true}]}}