{"id":122949,"date":"2025-09-18T11:54:06","date_gmt":"2025-09-18T11:54:06","guid":{"rendered":"https:\/\/www.europesays.com\/es\/122949\/"},"modified":"2025-09-18T11:54:06","modified_gmt":"2025-09-18T11:54:06","slug":"suspenden-el-programa-de-jimmy-kimmel-indefinidamente-tras-unos-comentarios-sobre-charlie-kirk","status":"publish","type":"post","link":"https:\/\/www.europesays.com\/es\/122949\/","title":{"rendered":"Suspenden el programa de Jimmy Kimmel \u00abindefinidamente\u00bb tras unos comentarios sobre Charlie Kirk"},"content":{"rendered":"<p>    <img src=\"https:\/\/www.europesays.com\/es\/wp-content\/uploads\/2025\/09\/2025-09-18T003A473A28Z-90024339.jpg\" width=\"1024\" height=\"659\" alt=\"\" loading=\"eager\" decoding=\"sync\" fetchpriority=\"high\"\/><\/p>\n<p>            afp_tickers        <\/p>\n<p>        Este contenido fue publicado en    <\/p>\n<p>        18 septiembre 2025 &#8211; 13:42\n<\/p>\n<p>El programa de variedades de Jimmy Kimmel saldr\u00e1 del aire \u00abindefinidamente\u00bb, anunci\u00f3 el mi\u00e9rcoles la televisora ABC, luego de que el gobierno estadounidense amenazara con acciones legales tras comentarios del presentador sobre las repercusiones pol\u00edticas del asesinato del activista conservador Charlie Kirk.<\/p>\n<p>\u00abExcelente noticia para Estados Unidos\u00bb, celebr\u00f3 de inmediato Donald Trump, cuya administraci\u00f3n est\u00e1 colocando bajo escrutinio a organizaciones y movimientos liberales y de izquierda, en una campa\u00f1a que sus detractores califican como una amenaza a las libertades civiles de Estados Unidos.\u00a0<\/p>\n<p>Charlie Kirk, un importante aliado de Trump, fue asesinado el 10 de septiembre mientras debat\u00eda con estudiantes en una universidad de Utah. \u00a0<\/p>\n<p>El sospechoso del crimen, Tyler Robinson, de 22 a\u00f1os, se entreg\u00f3 a las autoridades al d\u00eda siguiente, y fue acusado esta semana de homicidio agravado.<\/p>\n<p>Kimmel abord\u00f3 la conmoci\u00f3n causada por el asesinato en su programa del lunes.\u00a0<\/p>\n<p>\u00abDurante el fin de semana se registraron nuevos m\u00ednimos, con la pandilla MAGA (en referencia al movimiento de Trump, Make America Great Again) tratando desesperadamente de caracterizar al joven que asesin\u00f3 a Charlie Kirk como cualquier cosa menos uno de los suyos y haciendo todo lo posible para sacar provecho pol\u00edtico de ello\u00bb, dijo.<\/p>\n<p>El comentario fue calificado como \u00abenfermizo\u00bb por Brendan Carr, director de la Comisi\u00f3n Federal de Comunicaciones (FCC, que regula el sector en Estados Unidos), durante una entrevista transmitida este mi\u00e9rcoles con un podcaster, en la cual advirti\u00f3 que podr\u00edan tomar acciones legales contra la televisora.\u00a0<\/p>\n<p>\u00abPodemos hacer esto por las buenas o por las malas. O estas compa\u00f1\u00edas buscan la manera de cambiar la conducta, de actuar francamente respecto a Kimmel, o la FCC tendr\u00e1 trabajo adicional por delante\u00bb, coment\u00f3 Carr.<\/p>\n<p>\u00abEllos tienen una licencia garantizada por la FCC, y eso viene con una obligaci\u00f3n de operar en el inter\u00e9s p\u00fablico\u00bb, dijo Carr.\u00a0<\/p>\n<p>En seguida, la red Nexstar (que controla la mayor parte de los canales afiliados que difunden la programaci\u00f3n de ABC en Estados Unidos) inform\u00f3 en un comunicado que sacar\u00eda del aire el programa de Kimmel tras considerar \u00abofensivo e insensible\u00bb el mon\u00f3logo del humorista, y que darle espacio \u00absimplemente no atiende al inter\u00e9s p\u00fablico\u00bb<\/p>\n<p>\u00abHemos tomado la dif\u00edcil decisi\u00f3n de reemplazar su programa en un esfuerzo de que prevalezcan las cabezas m\u00e1s fr\u00edas al tiempo que avanzamos hacia una retomada del di\u00e1logo respetuoso y constructivo\u00bb, dijo Andrew Alford, presidente de la red.<\/p>\n<p>Carr agradeci\u00f3 a Nexstar en X \u00abpor hacer lo correcto\u00bb, al tiempo que ABC anunciaba que \u00abEn Vivo con Jimmy Kimmel ser\u00e1 suspendido indefinidamente\u00bb.\u00a0<\/p>\n<p>\u2013 \u00abCensuran en tiempo real\u00bb \u2013<\/p>\n<p>El humorista no se ha pronunciado a\u00fan, pero el p\u00fablico que hac\u00eda fila para grabar el programa este mi\u00e9rcoles en Los \u00c1ngeles recibi\u00f3 la noticia como un balde de agua fr\u00eda.\u00a0<\/p>\n<p>\u00abDonald Trump trata de callar cualquier programa en la televisi\u00f3n que habla en su contra\u00bb, dijo Tommy Williams, un trabajador portuario oriundo de Florida.\u00a0<\/p>\n<p>\u00abNo estamos perdiendo nuestro derecho de ver lo que queremos ver, sino que estamos perdiendo nuestra libertad de expresi\u00f3n. Esto es algo que pasa en Rusia, Corea del Norte y China, tener canales del Estado\u00bb, agreg\u00f3 el hombre de 51 a\u00f1os.<\/p>\n<p>Trump, por su parte, conmemor\u00f3 la suspensi\u00f3n en su red Truth Social. \u00abEl programa de Jimmy Kimmel, cuestionado por sus bajos \u00edndices de audiencia, ha sido CANCELADO. Felicidades a ABC por haber tenido finalmente el valor de hacer lo que hab\u00eda que hacer. Kimmel no tiene NING\u00daN talento\u00bb, escribi\u00f3 el mandatario.\u00a0<\/p>\n<p>Pol\u00edticos del partido dem\u00f3crata, as\u00ed como figuras del espect\u00e1culo cuestionaron la remoci\u00f3n del popular programa.\u00a0<\/p>\n<p>\u00abEl partido republicano no cree en el libre discurso. Te censuran en tiempo real\u00bb, escribi\u00f3 en X el gobernador de California, Gavin Newsom. \u00abEsto no es correcto\u00bb, dijo el actor y director, Ben Stiller, tambi\u00e9n en X.<\/p>\n<p>El sorpresivo anuncio llega dos d\u00edas despu\u00e9s de que Trump demandara al New York Times por 15.000 millones de d\u00f3lares acus\u00e1ndolo de ser \u00abun aut\u00e9ntico \u2018portavoz\u2019 del Partido Dem\u00f3crata de izquierda radical\u00bb.<\/p>\n<p>Trump ha intensificado su hostilidad contra los medios tradicionales desde su regreso a la Casa Blanca con multimillonarias acciones legales que seg\u00fan detractores buscan intimidar a la prensa.<\/p>\n<p>En medio de la arremetida, la cadena CBS dijo en julio que el programa del humorista Stephen Colbert saldr\u00eda del aire el a\u00f1o que viene.<\/p>\n<p>El anuncio lleg\u00f3 despu\u00e9s de que Colbert criticara un acuerdo millonario entre Trump y Paramount, compa\u00f1\u00eda aliada de CBS, para poner fin a una demanda del presidente.\u00a0<\/p>\n<p>Trump inst\u00f3 a NBC este mi\u00e9rcoles a sacar del aire a Jimmy Fallon y Seth Meyers, conductores de los otros dos grandes programas nocturnos de variedades que restan en televisi\u00f3n abierta.<\/p>\n<p>pr\/mel<\/p>\n","protected":false},"excerpt":{"rendered":"afp_tickers Este contenido fue publicado en 18 septiembre 2025 &#8211; 13:42 El programa de variedades de Jimmy Kimmel&hellip;\n","protected":false},"author":2,"featured_media":122950,"comment_status":"","ping_status":"","sticky":false,"template":"","format":"standard","meta":{"footnotes":""},"categories":[91],"tags":[5797,146,147,25,24,5798,88,23,807,90],"class_list":{"0":"post-122949","1":"post","2":"type-post","3":"status-publish","4":"format-standard","5":"has-post-thumbnail","7":"category-entretenimiento","8":"tag-culture","9":"tag-entertainment","10":"tag-entretenimiento","11":"tag-es","12":"tag-espana","13":"tag-mass-media","14":"tag-politics","15":"tag-spain","16":"tag-television","17":"tag-ticker"},"share_on_mastodon":{"url":"","error":""},"_links":{"self":[{"href":"https:\/\/www.europesays.com\/es\/wp-json\/wp\/v2\/posts\/122949","targetHints":{"allow":["GET"]}}],"collection":[{"href":"https:\/\/www.europesays.com\/es\/wp-json\/wp\/v2\/posts"}],"about":[{"href":"https:\/\/www.europesays.com\/es\/wp-json\/wp\/v2\/types\/post"}],"author":[{"embeddable":true,"href":"https:\/\/www.europesays.com\/es\/wp-json\/wp\/v2\/users\/2"}],"replies":[{"embeddable":true,"href":"https:\/\/www.europesays.com\/es\/wp-json\/wp\/v2\/comments?post=122949"}],"version-history":[{"count":0,"href":"https:\/\/www.europesays.com\/es\/wp-json\/wp\/v2\/posts\/122949\/revisions"}],"wp:featuredmedia":[{"embeddable":true,"href":"https:\/\/www.europesays.com\/es\/wp-json\/wp\/v2\/media\/122950"}],"wp:attachment":[{"href":"https:\/\/www.europesays.com\/es\/wp-json\/wp\/v2\/media?parent=122949"}],"wp:term":[{"taxonomy":"category","embeddable":true,"href":"https:\/\/www.europesays.com\/es\/wp-json\/wp\/v2\/categories?post=122949"},{"taxonomy":"post_tag","embeddable":true,"href":"https:\/\/www.europesays.com\/es\/wp-json\/wp\/v2\/tags?post=122949"}],"curies":[{"name":"wp","href":"https:\/\/api.w.org\/{rel}","templated":true}]}}