{"id":122959,"date":"2025-09-18T11:59:07","date_gmt":"2025-09-18T11:59:07","guid":{"rendered":"https:\/\/www.europesays.com\/es\/122959\/"},"modified":"2025-09-18T11:59:07","modified_gmt":"2025-09-18T11:59:07","slug":"el-ministerio-de-cultura-invertira-medio-millon-de-euros-mas-en-la-restauracion-del-tramo-de-la-muralla-de-zamora-que-todavia-no-ha-sido-intervenido","status":"publish","type":"post","link":"https:\/\/www.europesays.com\/es\/122959\/","title":{"rendered":"El Ministerio de Cultura invertir\u00e1 medio mill\u00f3n de euros m\u00e1s en la restauraci\u00f3n del tramo de la Muralla de Zamora que todav\u00eda no ha sido intervenido"},"content":{"rendered":"<p>El ministro de Cultura, Ernest Urtasun, ha visitado esta ma\u00f1ana las obras de consolidaci\u00f3n y restauraci\u00f3n de la muralla de Zamora, que est\u00e1 acometiendo el Ministerio de Cultura a trav\u00e9s del Instituto del Patrimonio Cultural de Espa\u00f1a (IPCE).<\/p>\n<p>La intervenci\u00f3n, enmarcada en el Plan Director de las murallas, se centra en una primera fase en cinco tramos del conjunto murario, y cuenta con una inversi\u00f3n total de 1.636.251 euros financiados por el Plan de Recuperaci\u00f3n, Transformaci\u00f3n y Resiliencia (PRTR) de la Uni\u00f3n Europea-Next Generation EU.<\/p>\n<p>El ministro de Cultura, Ernest Urtasun, ha destacado que \u201cse trata de una obra muy necesaria, porque este tramo hab\u00eda sufrido alteraciones y deterioros con el paso de los siglos\u201d. Adem\u00e1s, ha a\u00f1adido que este es \u201cun esfuerzo sostenido en el tiempo que demuestra nuestro compromiso con la conservaci\u00f3n del patrimonio hist\u00f3rico de Zamora\u201d.<\/p>\n<p>Las obras, que comenzaron el pasado marzo y tienen una duraci\u00f3n prevista de 12 meses, comenzaron por el tramo Avenida de la Feria, que ya est\u00e1 en su fase final. Pr\u00f3ximamente comenzar\u00e1n las actuaciones sobre otras zonas clave situadas en los tramos de Do\u00f1a Urraca, San Bernab\u00e9, Parque del Castillo y los tramos del sureste Puerta de San Pablo-Ronda del Degolladero y del este en Ronda del Degolladero.<\/p>\n<p>Al inicio de las actuaciones se realizaron pruebas en laboratorio y catas in situ, con el fin de conocer exactamente la caracterizaci\u00f3n de la piedra y la t\u00e9cnica constructiva ejecutada. Una vez conocidos estos datos, se han iniciado los trabajos de conservaci\u00f3n-restauraci\u00f3n de la muralla, que han implicado el desbroce y retirada de vegetaci\u00f3n, limpieza, restituci\u00f3n de juntas y de sillares faltantes, aplicaci\u00f3n de tratamiento biocida, antisales y antihumedad, y consolidaci\u00f3n e hidrofugaci\u00f3n.<\/p>\n<p>Recuperaci\u00f3n del \u00faltimo tramo sin intervenir<\/p>\n<p>El ministro de Cultura, Ernest Urtasun, ha anunciado durante su visita a Zamora el acuerdo con el Ayuntamiento de la ciudad por el cual la instituci\u00f3n local se har\u00e1 cargo de la redacci\u00f3n del proyecto de ejecuci\u00f3n de obras y el Ministerio de Cultura, a trav\u00e9s del IPCE, acometer\u00e1 las obras de consolidaci\u00f3n y restauraci\u00f3n del tramo que todav\u00eda no ha sido intervenido hasta el momento.<\/p>\n<p>Se trata de un tramo de muralla, situado en la Avenida de la Feria, que todav\u00eda no ha sido intervenido. La inversi\u00f3n prevista por parte del Ministerio de Cultura para esta obra se sit\u00faa alrededor de los 500.000 euros.<\/p>\n<p>Urtasun ha se\u00f1alado que con este compromiso de restauraci\u00f3n \u201cdamos continuidad al Plan Director y avanzamos en la recuperaci\u00f3n integral de la muralla, una parte esencial de la memoria hist\u00f3rica de la ciudad y de Espa\u00f1a\u201d, y ha a\u00f1adido que \u201ceste es el sentido de nuestra pol\u00edtica cultural: cuidar el patrimonio para que siga vivo y accesible a las generaciones futuras\u201d.<\/p>\n<p>El Ministerio de Cultura suma este compromiso de intervenci\u00f3n a la inversi\u00f3n sostenida que ha realizado en la conservaci\u00f3n de las murallas, que en el conjunto de los \u00faltimos quince a\u00f1os ha superado los 2,8 millones de euros.<\/p>\n<p><strong>Murallas de Zamora<\/strong>Salto de l\u00ednea<br \/>\nLas murallas de Zamora son un conjunto defensivo que comprende el Alc\u00e1zar, situado al oeste de la ciudad, y tres recintos amurallados que rodean el casco hist\u00f3rico, de los cuales se conservan casi tres kil\u00f3metros de muralla, adem\u00e1s de otros elementos defensivos relacionados con estas estructuras que han servido para la defensa del territorio y la poblaci\u00f3n a lo largo de su historia.<\/p>\n<p>Las murallas de Zamora se encuentran incluidas de forma expresa en la declaraci\u00f3n del Conjunto Hist\u00f3rico-Art\u00edstico del casco antiguo de Zamora del a\u00f1o 1973, adem\u00e1s de ser consideradas Bien de Inter\u00e9s Cultural en virtud de la Ley del Patrimonio Hist\u00f3rico Espa\u00f1ol de 1985.<\/p>\n","protected":false},"excerpt":{"rendered":"El ministro de Cultura, Ernest Urtasun, ha visitado esta ma\u00f1ana las obras de consolidaci\u00f3n y restauraci\u00f3n de la&hellip;\n","protected":false},"author":2,"featured_media":122960,"comment_status":"","ping_status":"","sticky":false,"template":"","format":"standard","meta":{"footnotes":""},"categories":[5],"tags":[17,18,25,24,13,14,11,19,20,9,10,15,16,23,12,21,22,40362],"class_list":{"0":"post-122959","1":"post","2":"type-post","3":"status-publish","4":"format-standard","5":"has-post-thumbnail","7":"category-titulares","8":"tag-breaking-news","9":"tag-breakingnews","10":"tag-es","11":"tag-espana","12":"tag-featured-news","13":"tag-featurednews","14":"tag-headlines","15":"tag-latest-news","16":"tag-latestnews","17":"tag-news","18":"tag-noticias","19":"tag-noticias-destacadas","20":"tag-noticiasdestacadas","21":"tag-spain","22":"tag-titulares","23":"tag-ultimas-noticias","24":"tag-ultimasnoticias","25":"tag-visita-obras-muralla-de-zamora"},"share_on_mastodon":{"url":"","error":""},"_links":{"self":[{"href":"https:\/\/www.europesays.com\/es\/wp-json\/wp\/v2\/posts\/122959","targetHints":{"allow":["GET"]}}],"collection":[{"href":"https:\/\/www.europesays.com\/es\/wp-json\/wp\/v2\/posts"}],"about":[{"href":"https:\/\/www.europesays.com\/es\/wp-json\/wp\/v2\/types\/post"}],"author":[{"embeddable":true,"href":"https:\/\/www.europesays.com\/es\/wp-json\/wp\/v2\/users\/2"}],"replies":[{"embeddable":true,"href":"https:\/\/www.europesays.com\/es\/wp-json\/wp\/v2\/comments?post=122959"}],"version-history":[{"count":0,"href":"https:\/\/www.europesays.com\/es\/wp-json\/wp\/v2\/posts\/122959\/revisions"}],"wp:featuredmedia":[{"embeddable":true,"href":"https:\/\/www.europesays.com\/es\/wp-json\/wp\/v2\/media\/122960"}],"wp:attachment":[{"href":"https:\/\/www.europesays.com\/es\/wp-json\/wp\/v2\/media?parent=122959"}],"wp:term":[{"taxonomy":"category","embeddable":true,"href":"https:\/\/www.europesays.com\/es\/wp-json\/wp\/v2\/categories?post=122959"},{"taxonomy":"post_tag","embeddable":true,"href":"https:\/\/www.europesays.com\/es\/wp-json\/wp\/v2\/tags?post=122959"}],"curies":[{"name":"wp","href":"https:\/\/api.w.org\/{rel}","templated":true}]}}