{"id":122961,"date":"2025-09-18T12:00:08","date_gmt":"2025-09-18T12:00:08","guid":{"rendered":"https:\/\/www.europesays.com\/es\/122961\/"},"modified":"2025-09-18T12:00:08","modified_gmt":"2025-09-18T12:00:08","slug":"pisonero-es-bueno-quitarse-el-palau-y-al-barca-pronto","status":"publish","type":"post","link":"https:\/\/www.europesays.com\/es\/122961\/","title":{"rendered":"Pisonero: \u00abEs bueno quitarse el Palau y al Bar\u00e7a pronto\u00bb"},"content":{"rendered":"<p>El Recoletas Atl\u00e9tico Valladolid visitar\u00e1 este s\u00e1bado la complicad\u00edsima cancha del Palau Blaugrana para enfrentarse al Bar\u00e7a, en lo que es pr\u00e1cticamente \u00abun tr\u00e1mite\u00bb, que \u00abcuanto antes se pase, mejor\u00bb, seg\u00fan ha explicado este jueves el t\u00e9cnico azul\u00f3n, David Pisonero.<\/p>\n<p>\u00abPorque no es lo mismo competir ante ellos en la segunda jornada, que cuando te est\u00e1s jugando algo. En este caso, es bueno quitarse el Palau pronto, para poder estar centrados en nuestra liga, porque el Bar\u00e7a est\u00e1 a otro nivel, y tiene objetivos muy distintos a los nuestros\u00bb, ha advertido, en declaraciones que recoge Efe.<\/p>\n<p>Aunque los vallisoletanos han dedicado la semana a afianzar aspectos t\u00e1cticos, m\u00e1s que a preparar este choque, eso no significa que no viajen a Barcelona \u00abcon la ilusi\u00f3n de competir el mayor n\u00famero de minutos posibles, como se hizo la pasada temporada\u00bb, ha asegurado Pisonero.<\/p>\n<p>Tiene la intenci\u00f3n de dar minutos a los 16 jugadores que ir\u00e1n convocados y \u00abexplotar al m\u00e1ximo las acciones en contra\u00bb de las que dispongan, para tratar de sorprender a un equipo que este jueves, adem\u00e1s, tiene una importante cita en la Champions.<\/p>\n<p>Lo m\u00e1s l\u00f3gico es que esta situaci\u00f3n influya en el encuentro liguero ante los gladiadores azules, pero el entrenador vallisoletano ha dejado claro que \u00abaunque Carlos Ortega saque a su segunda unidad, esta tambi\u00e9n est\u00e1 a un nivel superior\u00bb y, por tanto, ser\u00e1 igual de dif\u00edcil poder sacar puntos de su feudo.<\/p>\n<p>\u00abEs cierto que tiene un partido complicado en Champions, pero cuentan con una plantilla larga y de mucha calidad. Adem\u00e1s, en el Palau se sienten muy c\u00f3modos y con confianza, y suelen imprimir un ritmo muy alto, lo que les convierte en un rival temible\u00bb, ha a\u00f1adido.<\/p>\n<p>Pisonero ha recordado que, el anterior curso, su equipo fue capaz de realizar un \u00abdecente\u00bb primer tiempo y una \u00abmuy buena\u00bb segunda parte, en la que no se descompusieron, y esa va a ser su meta.<\/p>\n<p>Asimismo, el Recoletas fue capaz de superar al Bar\u00e7a en el duelo disputado en Huerta del Rey, pero porque \u00abse les pill\u00f3 en un momento de forma dif\u00edcil\u00bb y en un pabell\u00f3n en el que los vallisoletanos permanecieron imbatidos durante 14 meses.<\/p>\n<p>El conjunto azul\u00f3n llega a esta cita tras haber ganado en la primera jornada de manera contundente (35-25) a Bada Huesca, con \u00abdiez goles que no reflejan lo que se vio en el campo, porque Huesca es un gran equipo, y esa renta fue demasiado amplia\u00bb, ha apuntado el t\u00e9cnico vallisoletano.<\/p>\n<p>El t\u00e9cnico asume que este a\u00f1o los suyos \u00abhan perdido unas cosas, pero tambi\u00e9n han ganado otras\u00bb, tras las salidas y llegadas de jugadores; y que esta temporada \u00abva a ser todav\u00eda m\u00e1s dura que la anterior, porque ganar se hace m\u00e1s dif\u00edcil a equipos siguen creciendo, incluyendo a los dos reci\u00e9n ascendidos, que cuentan con grandes plantillas y gente veterana\u00bb.<\/p>\n","protected":false},"excerpt":{"rendered":"El Recoletas Atl\u00e9tico Valladolid visitar\u00e1 este s\u00e1bado la complicad\u00edsima cancha del Palau Blaugrana para enfrentarse al Bar\u00e7a, en&hellip;\n","protected":false},"author":2,"featured_media":122962,"comment_status":"","ping_status":"","sticky":false,"template":"","format":"standard","meta":{"footnotes":""},"categories":[278],"tags":[376,210,1241,3140,168,25,24,881,375,1265,3134,23,167],"class_list":{"0":"post-122961","1":"post","2":"type-post","3":"status-publish","4":"format-standard","5":"has-post-thumbnail","7":"category-balonmano","8":"tag-balonmano","9":"tag-barcelona","10":"tag-champions-league","11":"tag-david-pisonero","12":"tag-deportes","13":"tag-es","14":"tag-espana","15":"tag-fc-barcelona","16":"tag-handball","17":"tag-huesca","18":"tag-recoletas-atletico-valladolid","19":"tag-spain","20":"tag-sports"},"share_on_mastodon":{"url":"","error":""},"_links":{"self":[{"href":"https:\/\/www.europesays.com\/es\/wp-json\/wp\/v2\/posts\/122961","targetHints":{"allow":["GET"]}}],"collection":[{"href":"https:\/\/www.europesays.com\/es\/wp-json\/wp\/v2\/posts"}],"about":[{"href":"https:\/\/www.europesays.com\/es\/wp-json\/wp\/v2\/types\/post"}],"author":[{"embeddable":true,"href":"https:\/\/www.europesays.com\/es\/wp-json\/wp\/v2\/users\/2"}],"replies":[{"embeddable":true,"href":"https:\/\/www.europesays.com\/es\/wp-json\/wp\/v2\/comments?post=122961"}],"version-history":[{"count":0,"href":"https:\/\/www.europesays.com\/es\/wp-json\/wp\/v2\/posts\/122961\/revisions"}],"wp:featuredmedia":[{"embeddable":true,"href":"https:\/\/www.europesays.com\/es\/wp-json\/wp\/v2\/media\/122962"}],"wp:attachment":[{"href":"https:\/\/www.europesays.com\/es\/wp-json\/wp\/v2\/media?parent=122961"}],"wp:term":[{"taxonomy":"category","embeddable":true,"href":"https:\/\/www.europesays.com\/es\/wp-json\/wp\/v2\/categories?post=122961"},{"taxonomy":"post_tag","embeddable":true,"href":"https:\/\/www.europesays.com\/es\/wp-json\/wp\/v2\/tags?post=122961"}],"curies":[{"name":"wp","href":"https:\/\/api.w.org\/{rel}","templated":true}]}}