{"id":122963,"date":"2025-09-18T12:01:10","date_gmt":"2025-09-18T12:01:10","guid":{"rendered":"https:\/\/www.europesays.com\/es\/122963\/"},"modified":"2025-09-18T12:01:10","modified_gmt":"2025-09-18T12:01:10","slug":"un-documental-recorre-la-vida-novelesca-de-mondeno-el-torero-que-fue-fraile-y-vivio-su-homosexualidad-en-secreto","status":"publish","type":"post","link":"https:\/\/www.europesays.com\/es\/122963\/","title":{"rendered":"Un documental recorre la vida novelesca de &#8216;Monde\u00f1o&#8217;, el torero que fue fraile y vivi\u00f3 su homosexualidad en secreto"},"content":{"rendered":"<p class=\"paragraph\" id=\"paragraph_1\"><strong>Juan Garc\u00eda &#8216;Mode\u00f1o&#8217;<\/strong> no fue un torero al uso. Ni en <a href=\"https:\/\/www.elespanol.com\/sevilla\/20250510\/impavido-david-miranda-cuenta-verdad-abre-primera-puerta-principe-feria\/1003743751975_0.html?utm_cmp_rs=linksinline\" rel=\"nofollow noopener\" target=\"_blank\">el ruedo<\/a>, ni en su d\u00eda a d\u00eda en la Espa\u00f1a franquista de los a\u00f1os 60. Sobre el albero fue considerado <a href=\"https:\/\/www.elespanol.com\/sevilla\/20240727\/adios-pepe-luis-vazquez-penultimo-eslabon-dinastia-torera-adueno-arte-naturalidad\/873413065_0.html?utm_cmp_rs=linksinline\" rel=\"nofollow noopener\" target=\"_blank\">el eslab\u00f3n<\/a> entre <strong>la tauromaquia de Manolete con la de <a href=\"https:\/\/www.elespanol.com\/espana\/andalucia\/20220612\/agridulce-regreso-jose-tomas-jaen-sin-catarsis\/679682132_0.html?utm_cmp_rs=linksinline\" rel=\"nofollow noopener\" target=\"_blank\">Jos\u00e9 Tom\u00e1s<\/a><\/strong>.<\/p>\n<p class=\"paragraph\" id=\"paragraph_2\">Y fuera tambi\u00e9n tuvo <a href=\"https:\/\/www.elespanol.com\/sevilla\/20250917\/homenaje-dinastia-vazquez-ausencia-morante-marcan-festival-benefico-maestranza\/1003743929573_0.html?utm_cmp_rs=linksinline\" rel=\"nofollow noopener\" target=\"_blank\">una singular trayectoria<\/a> pues cuando estaba en <strong>la cima del toreo sinti\u00f3 la llamada de Dios y se meti\u00f3 a monje<\/strong>. Su toma de h\u00e1bitos se convirti\u00f3 en un aut\u00e9ntico acontecimiento nacional aireada incluso por el Nodo.<\/p>\n<p class=\"paragraph\" id=\"paragraph_3\">No obstante, su vocaci\u00f3n divina le dur\u00f3 poco, unos seis meses, antes de caer rendido a los encantos del alem\u00e1n <strong>Ralf Bunger<\/strong>, <strong>su pareja<\/strong>.<\/p>\n<p><img loading=\"lazy\" decoding=\"async\" alt=\"El periodista Rub\u00e9n Am\u00f3n.\" height=\"180\" src=\"https:\/\/www.europesays.com\/es\/wp-content\/uploads\/2025\/09\/570453648_177075180_320x180.jpg\" width=\"320\" data-lazy-status=\"processed\" data-lazy-info=\"remove loading item 1\"\/><\/p>\n<p class=\"paragraph\" id=\"paragraph_4\">Con \u00e9l\u00a0vivi\u00f3 <strong>una historia de amor novelesca cuando no estaba bien visto hasta su fallecimiento en 2023<\/strong> tras un c\u00e1ncer de colon a los 88 a\u00f1os.<\/p>\n<p class=\"paragraph\" id=\"paragraph_5\">Precisamente, Ralf, muy emocionado durante la presentaci\u00f3n, es <strong>el hilo conductor del documental &#8216;Monde\u00f1o, el torero m\u00edstico&#8217;<\/strong>, que se estren\u00f3 este mi\u00e9rcoles en la Fundaci\u00f3n de la Caja Rural de Sevilla y que hace un extenso recorrido sobre su vida.<\/p>\n<p class=\"paragraph\" id=\"paragraph_6\">Y, sobre todo, la forma de vivirla, pues naci\u00f3 en la m\u00e1s extrema pobreza en una choza de Puerto Real (C\u00e1diz) y <strong>acab\u00f3 llevando \u00abuna vida de rico\u00bb, como relat\u00f3 su propia pareja, viviendo en distintos pa\u00edses del mundo<\/strong>.<\/p>\n<p class=\"paragraph\" id=\"paragraph_7\">Durante m\u00e1s de 30 a\u00f1os, ya retirado de los toros, ambos <strong>vivieron a caballo entre Par\u00eds y la localidad sevillana de Sanl\u00facar la Mayor<\/strong> disfrutando de otras aficiones como su pasi\u00f3n por los coches singulares y su conocida afici\u00f3n a la buena mesa.<\/p>\n<p class=\"paragraph\" id=\"paragraph_8\">La obra, dirigida y guionizada por <strong>Rogelio Gordo<\/strong> y el periodista taurino <strong>Juan Belmonte<\/strong> introducen al espectador en la apasionante vida de un torero que en los ruedos altern\u00f3 con las m\u00e1s grandes figuras como Paco Camino y Diego Puerta. De ah\u00ed, el dicho popular: <strong>\u00abPuerta, Camino y Monde\u00f1o\u00bb<\/strong>.<\/p>\n<p class=\"paragraph\" id=\"paragraph_9\">El 29 de marzo de 1959 tom\u00f3 la alternativa en Sevilla de manos de Antonio Ord\u00f3\u00f1ez, siendo testigo Manolo V\u00e1zquez. Por su valent\u00eda y verticalidad bebi\u00f3 de la fuente de Manolete, aunque en cada lance supo impregnar su personalidad propia e indiscutible.<\/p>\n<p class=\"paragraph\" id=\"paragraph_10\">A su vez, el documental recoge <strong>su faceta m\u00e1s familiar<\/strong> y los problemas que tuvo con ella a causa de la fortuna que cosech\u00f3; y la profesional, a trav\u00e9s de numerosas fotograf\u00edas, reportajes de sus actuaciones en diversas plazas y testimonios de toreros de la \u00e9poca como <strong>Curro Romero<\/strong>.<\/p>\n<p class=\"paragraph\" id=\"paragraph_11\">Tambi\u00e9n una entrevista y una extensa intervenci\u00f3n del propio Monde\u00f1o, acompa\u00f1ado de Paco Camino y Diego Puerta, en unas jornadas taurinas celebradas en la localidad de Algeciras.<\/p>\n<p class=\"paragraph\" id=\"paragraph_12\">Al acto de presentaci\u00f3n asisti\u00f3 el delegado de la Junta en Sevilla, Ricardo S\u00e1nchez; el matador Luis Parra \u201cJerezano\u201d, el ganadero Juan Borrero \u201cChamaco\u201d, entre otras personalidades el mundo del toro. Esta producci\u00f3n de Varsau Brodcasting se emitir\u00e1 en pr\u00f3ximas fechas en Canal Sur Televisi\u00f3n.<\/p>\n","protected":false},"excerpt":{"rendered":"Juan Garc\u00eda &#8216;Mode\u00f1o&#8217; no fue un torero al uso. Ni en el ruedo, ni en su d\u00eda a&hellip;\n","protected":false},"author":2,"featured_media":122964,"comment_status":"","ping_status":"","sticky":false,"template":"","format":"standard","meta":{"footnotes":""},"categories":[277],"tags":[259,373,2598,168,5197,25,24,10048,1171,10047,23,167,374,2487],"class_list":{"0":"post-122963","1":"post","2":"type-post","3":"status-publish","4":"format-standard","5":"has-post-thumbnail","7":"category-toreo","8":"tag-andalucia","9":"tag-bullfighting","10":"tag-corridas-toros","11":"tag-deportes","12":"tag-documentales","13":"tag-es","14":"tag-espana","15":"tag-plazas-de-toros","16":"tag-sevilla","17":"tag-sevilla-municipio","18":"tag-spain","19":"tag-sports","20":"tag-toreo","21":"tag-toreros"},"share_on_mastodon":{"url":"","error":""},"_links":{"self":[{"href":"https:\/\/www.europesays.com\/es\/wp-json\/wp\/v2\/posts\/122963","targetHints":{"allow":["GET"]}}],"collection":[{"href":"https:\/\/www.europesays.com\/es\/wp-json\/wp\/v2\/posts"}],"about":[{"href":"https:\/\/www.europesays.com\/es\/wp-json\/wp\/v2\/types\/post"}],"author":[{"embeddable":true,"href":"https:\/\/www.europesays.com\/es\/wp-json\/wp\/v2\/users\/2"}],"replies":[{"embeddable":true,"href":"https:\/\/www.europesays.com\/es\/wp-json\/wp\/v2\/comments?post=122963"}],"version-history":[{"count":0,"href":"https:\/\/www.europesays.com\/es\/wp-json\/wp\/v2\/posts\/122963\/revisions"}],"wp:featuredmedia":[{"embeddable":true,"href":"https:\/\/www.europesays.com\/es\/wp-json\/wp\/v2\/media\/122964"}],"wp:attachment":[{"href":"https:\/\/www.europesays.com\/es\/wp-json\/wp\/v2\/media?parent=122963"}],"wp:term":[{"taxonomy":"category","embeddable":true,"href":"https:\/\/www.europesays.com\/es\/wp-json\/wp\/v2\/categories?post=122963"},{"taxonomy":"post_tag","embeddable":true,"href":"https:\/\/www.europesays.com\/es\/wp-json\/wp\/v2\/tags?post=122963"}],"curies":[{"name":"wp","href":"https:\/\/api.w.org\/{rel}","templated":true}]}}