{"id":122981,"date":"2025-09-18T12:10:08","date_gmt":"2025-09-18T12:10:08","guid":{"rendered":"https:\/\/www.europesays.com\/es\/122981\/"},"modified":"2025-09-18T12:10:08","modified_gmt":"2025-09-18T12:10:08","slug":"bbk-kuna-acoge-la-muestra-bilbi-gozatu","status":"publish","type":"post","link":"https:\/\/www.europesays.com\/es\/122981\/","title":{"rendered":"BBK Kuna acoge la muestra \u2018Bilbi Gozatu\u2019"},"content":{"rendered":"<p class=\"h3\">Markel Fern\u00e1ndez<\/p>\n<p>                        Actualizado:<br \/>\n                        18\/09\/2025 07:12<\/p>\n<p>                    <a href=\"https:\/\/www.deia.eus\/fotos\/bizkaia\/2025\/09\/18\/imagenes-bbk-kuna-acoge-muestra-10098079.html#foto=1\" class=\"button swiper-button-next\" id=\"swiperButtonNext\" rel=\"nofollow noopener\" target=\"_blank\">Ver galer\u00eda &gt;<\/a><\/p>\n<p class=\"h3\">\n                                            Es un trabajo de Bego Elexpe, en colaboraci\u00f3n con 51 comercios de los Barrios Altos de Bilbao, comisariado por Iker Urkidi\n                                    <\/p>\n<p><a class=\"swiper-imagen\" href=\"https:\/\/www.deia.eus\/fotos\/bizkaia\/2025\/09\/18\/imagenes-bbk-kuna-acoge-muestra-10098079.html#foto=2\" rel=\"nofollow noopener\" target=\"_blank\"><\/p>\n<p>                    <img loading=\"lazy\" decoding=\"async\" src=\"data:image\/png;base64,iVBORw0KGgoAAAANSUhEUgAAAAEAAAABCAQAAAC1HAwCAAAAC0lEQVR42mNkYAAAAAYAAjCB0C8AAAAASUVORK5CYII=\" alt=\" \" height=\"2000\" width=\"3000\" style=\" max-height: calc(100vh - 58px); height: 0; padding-top: 67%; \"\/><\/p>\n<p><\/a><br \/>\n                    Michel Guantes, la actriz Maribel Salas, Bego\u00f1a Casta\u00f1os, la fot\u00f3grafa artista Bego Elexpe y Borja Elorza posaron junto a algunos de los trabajos.<\/p>\n<p class=\"swiper-slide__author\">Markel Fern\u00e1ndez<\/p>\n<p class=\"swiper-slide__description\">\n                                                                        Es un trabajo de Bego Elexpe, en colaboraci\u00f3n con 51 comercios de los Barrios Altos de Bilbao, comisariado por Iker Urkidi\n                                            <\/p>\n<p><a class=\"swiper-imagen\" href=\"https:\/\/www.deia.eus\/fotos\/bizkaia\/2025\/09\/18\/imagenes-bbk-kuna-acoge-muestra-10098079.html#foto=3\" rel=\"nofollow noopener\" target=\"_blank\"><\/p>\n<p>                    <img loading=\"lazy\" decoding=\"async\" src=\"data:image\/png;base64,iVBORw0KGgoAAAANSUhEUgAAAAEAAAABCAQAAAC1HAwCAAAAC0lEQVR42mNkYAAAAAYAAjCB0C8AAAAASUVORK5CYII=\" alt=\" \" height=\"2000\" width=\"3000\" style=\" max-height: calc(100vh - 58px); height: 0; padding-top: 67%; \"\/><\/p>\n<p><\/a><br \/>\n                    La Dj Estrella Electr\u00f3nica, que ameniz\u00f3 la tarde; Jos\u00e9 Antonio Nielfa, \u2018La Otxoa\u2019, Rafa Gardeazabal e Iker Urkidi.<\/p>\n<p class=\"swiper-slide__author\">Markel Fern\u00e1ndez<\/p>\n<p class=\"swiper-slide__description\">\n                                                                        Es un trabajo de Bego Elexpe, en colaboraci\u00f3n con 51 comercios de los Barrios Altos de Bilbao, comisariado por Iker Urkidi\n                                            <\/p>\n<p><a class=\"swiper-imagen\" href=\"https:\/\/www.deia.eus\/fotos\/bizkaia\/2025\/09\/18\/imagenes-bbk-kuna-acoge-muestra-10098079.html#foto=4\" rel=\"nofollow noopener\" target=\"_blank\"><\/p>\n<p>                    <img loading=\"lazy\" decoding=\"async\" src=\"data:image\/png;base64,iVBORw0KGgoAAAANSUhEUgAAAAEAAAABCAQAAAC1HAwCAAAAC0lEQVR42mNkYAAAAAYAAjCB0C8AAAAASUVORK5CYII=\" alt=\" \" height=\"2000\" width=\"3000\" style=\" max-height: calc(100vh - 58px); height: 0; padding-top: 67%; \"\/><\/p>\n<p><\/a><br \/>\n                    Gontzal Azkoitia; la actriz Gemma Mart\u00ednez y Juankar Bilbao disfrutaron con la muestra.<\/p>\n<p class=\"swiper-slide__author\">Markel Fern\u00e1ndez<\/p>\n<p class=\"swiper-slide__description\">\n                                                                        Es un trabajo de Bego Elexpe, en colaboraci\u00f3n con 51 comercios de los Barrios Altos de Bilbao, comisariado por Iker Urkidi\n                                            <\/p>\n<p><a class=\"swiper-imagen\" href=\"https:\/\/www.deia.eus\/fotos\/bizkaia\/2025\/09\/18\/imagenes-bbk-kuna-acoge-muestra-10098079.html#foto=5\" rel=\"nofollow noopener\" target=\"_blank\"><\/p>\n<p>                    <img loading=\"lazy\" decoding=\"async\" src=\"data:image\/png;base64,iVBORw0KGgoAAAANSUhEUgAAAAEAAAABCAQAAAC1HAwCAAAAC0lEQVR42mNkYAAAAAYAAjCB0C8AAAAASUVORK5CYII=\" alt=\" \" height=\"2000\" width=\"3000\" style=\" max-height: calc(100vh - 58px); height: 0; padding-top: 67%; \"\/><\/p>\n<p><\/a><br \/>\n                    Eider Inunciaga, Jon Bilbao e Itxaso Erroteta posando junto a la recreaci\u00f3n del gabinete de curiosidades.<\/p>\n<p class=\"swiper-slide__author\">Markel Fern\u00e1ndez<\/p>\n<p class=\"swiper-slide__description\">\n                                                                        Es un trabajo de Bego Elexpe, en colaboraci\u00f3n con 51 comercios de los Barrios Altos de Bilbao, comisariado por Iker Urkidi\n                                            <\/p>\n<p><a class=\"swiper-imagen\" href=\"https:\/\/www.deia.eus\/fotos\/bizkaia\/2025\/09\/18\/imagenes-bbk-kuna-acoge-muestra-10098079.html\" rel=\"nofollow noopener\" target=\"_blank\"><\/p>\n<p>                    <img loading=\"lazy\" decoding=\"async\" src=\"data:image\/png;base64,iVBORw0KGgoAAAANSUhEUgAAAAEAAAABCAQAAAC1HAwCAAAAC0lEQVR42mNkYAAAAAYAAjCB0C8AAAAASUVORK5CYII=\" alt=\" \" height=\"2000\" width=\"3000\" style=\" max-height: calc(100vh - 58px); height: 0; padding-top: 67%; \"\/><\/p>\n<p><\/a><br \/>\n                    Tampoco faltaron a la inauguraci\u00f3n Esteban Goti, Garazi Perea y Nerea Undabarrena.<\/p>\n<p class=\"swiper-slide__author\">Markel Fern\u00e1ndez<\/p>\n<p class=\"swiper-slide__description\">\n                                                                        Es un trabajo de Bego Elexpe, en colaboraci\u00f3n con 51 comercios de los Barrios Altos de Bilbao, comisariado por Iker Urkidi\n                                            <\/p>\n","protected":false},"excerpt":{"rendered":"Markel Fern\u00e1ndez Actualizado: 18\/09\/2025 07:12 Ver galer\u00eda &gt; Es un trabajo de Bego Elexpe, en colaboraci\u00f3n con 51&hellip;\n","protected":false},"author":2,"featured_media":122982,"comment_status":"","ping_status":"","sticky":false,"template":"","format":"standard","meta":{"footnotes":""},"categories":[173],"tags":[771,229,233,231,230,40380,232,234,146,147,25,24,1641,40381,1156,23],"class_list":{"0":"post-122981","1":"post","2":"type-post","3":"status-publish","4":"format-standard","5":"has-post-thumbnail","7":"category-arte-y-diseno","8":"tag-acoge","9":"tag-arte","10":"tag-arte-y-diseno","11":"tag-arts","12":"tag-arts-and-design","13":"tag-bbk","14":"tag-design","15":"tag-diseno","16":"tag-entertainment","17":"tag-entretenimiento","18":"tag-es","19":"tag-espana","20":"tag-imagenes","21":"tag-kuna","22":"tag-muestra","23":"tag-spain"},"share_on_mastodon":{"url":"","error":""},"_links":{"self":[{"href":"https:\/\/www.europesays.com\/es\/wp-json\/wp\/v2\/posts\/122981","targetHints":{"allow":["GET"]}}],"collection":[{"href":"https:\/\/www.europesays.com\/es\/wp-json\/wp\/v2\/posts"}],"about":[{"href":"https:\/\/www.europesays.com\/es\/wp-json\/wp\/v2\/types\/post"}],"author":[{"embeddable":true,"href":"https:\/\/www.europesays.com\/es\/wp-json\/wp\/v2\/users\/2"}],"replies":[{"embeddable":true,"href":"https:\/\/www.europesays.com\/es\/wp-json\/wp\/v2\/comments?post=122981"}],"version-history":[{"count":0,"href":"https:\/\/www.europesays.com\/es\/wp-json\/wp\/v2\/posts\/122981\/revisions"}],"wp:featuredmedia":[{"embeddable":true,"href":"https:\/\/www.europesays.com\/es\/wp-json\/wp\/v2\/media\/122982"}],"wp:attachment":[{"href":"https:\/\/www.europesays.com\/es\/wp-json\/wp\/v2\/media?parent=122981"}],"wp:term":[{"taxonomy":"category","embeddable":true,"href":"https:\/\/www.europesays.com\/es\/wp-json\/wp\/v2\/categories?post=122981"},{"taxonomy":"post_tag","embeddable":true,"href":"https:\/\/www.europesays.com\/es\/wp-json\/wp\/v2\/tags?post=122981"}],"curies":[{"name":"wp","href":"https:\/\/api.w.org\/{rel}","templated":true}]}}