{"id":122983,"date":"2025-09-18T12:11:11","date_gmt":"2025-09-18T12:11:11","guid":{"rendered":"https:\/\/www.europesays.com\/es\/122983\/"},"modified":"2025-09-18T12:11:11","modified_gmt":"2025-09-18T12:11:11","slug":"quien-no-quiera-bailar-que-no-venga","status":"publish","type":"post","link":"https:\/\/www.europesays.com\/es\/122983\/","title":{"rendered":"Quien no quiera bailar, que no venga"},"content":{"rendered":"<p class=\"paragraph\" id=\"paragraph_1\">El divulgador Emilio del R\u00edo, que fue consejero del Gobierno de la Rioja y actualmente director general de Bibliotecas, Archivos y Museos del Ayuntamiento de Madrid, <strong>visitar\u00e1 hoy A Coru\u00f1a para presentar su nuevo libro, Carpe Diem<\/strong>, en el que convierte las ense\u00f1anzas de fil\u00f3sofos griegos y romanos en un libro de autoayuda.<\/p>\n<p><img loading=\"lazy\" decoding=\"async\" alt=\"Presentaci\u00f3n del festival de cine Intersecci\u00f3n en A Coru\u00f1a.\" height=\"180\" src=\"https:\/\/www.europesays.com\/es\/wp-content\/uploads\/2025\/09\/1003743929447_258782635_320x180.jpg\" width=\"320\" data-lazy-status=\"processed\" data-lazy-info=\"remove loading item 1\"\/><\/p>\n<p class=\"paragraph\" id=\"paragraph_2\">La presentaci\u00f3n <strong>tendr\u00e1 lugar en la Fundaci\u00f3n Paideia, en la plaza de Mar\u00eda Pita, desde las 20:00 horas de la tarde, con acceso libre<\/strong>. El tambi\u00e9n locutor radiof\u00f3nico ha advertido a Quincemil que sus presentaciones del libros son de todo menos convencionales, y que los asistentes se preparen para un show. \u00abQuien no quiera bailar, que no venga\u00bb, avisa.<\/p>\n<p class=\"paragraph\" id=\"paragraph_3\">Del R\u00edo se confiesa un enamorado de A Coru\u00f1a y considera que la urbe \u00abes una de las formas del para\u00edso\u00bb, recordando las reflexiones de Luis Borges y conectando la ciudad de cristal con las teor\u00edas de Dante. Adem\u00e1s, el escrito es un creyente confeso en la reencarnaci\u00f3n, y <strong>dice recordar cuando \u00e9l mismo particip\u00f3 en la construcci\u00f3n de la Torre de H\u00e9rcules,<\/strong> en una de sus iteraciones previas como romano.<\/p>\n<p class=\"paragraph\" id=\"paragraph_4\">El escritor asegura que el emperador Trajano fue un visionario, debido a que les meti\u00f3 mucha prisa con la construcci\u00f3n de este faro, porque consideraba que \u00aben 2.000 a\u00f1os ser\u00e1 una gran atracci\u00f3n tur\u00edstica\u00bb.<\/p>\n<p>Autoayuda desde el mundo grecolatino<\/p>\n<p class=\"paragraph\" id=\"paragraph_5\"><strong>Emilio del R\u00edo<\/strong>, doctor en Filolog\u00eda Cl\u00e1sica por la Universidad Complutense de Madrid, es profesor, escritor y divulgador cultural especializado en el mundo grecolatino. Reconocido por su capacidad para acercar los cl\u00e1sicos a un p\u00fablico amplio, <strong>Del R\u00edo combina en su obra investigaci\u00f3n acad\u00e9mica, reflexiones filos\u00f3ficas y herramientas pr\u00e1cticas<\/strong> para la vida diaria. Autor de varios libros como Carpe Diem. Autoay\u00fadate con los cl\u00e1sicos, ha sido galardonado con importantes premios \u2014entre ellos el Premio Nacional de Estudios Cl\u00e1sicos y la Cruz de Alfonso X el Sabio\u2014 por su labor docente, literaria y de difusi\u00f3n cultural.<\/p>\n<p class=\"paragraph\" id=\"paragraph_6\">Su \u00faltimo libro, Carpe Diem, invita al lector a observar el presente con los ojos de los grandes pensadores de la antig\u00fcedad como S\u00e9neca, Epicuro o Marco Aurelio, utilizando sus ense\u00f1anzas para afrontar los retos del mundo moderno de modo pr\u00e1ctico y cercano.<\/p>\n","protected":false},"excerpt":{"rendered":"El divulgador Emilio del R\u00edo, que fue consejero del Gobierno de la Rioja y actualmente director general de&hellip;\n","protected":false},"author":2,"featured_media":122984,"comment_status":"","ping_status":"","sticky":false,"template":"","format":"standard","meta":{"footnotes":""},"categories":[172],"tags":[5843,224,6689,209,146,147,25,24,225,23],"class_list":{"0":"post-122983","1":"post","2":"type-post","3":"status-publish","4":"format-standard","5":"has-post-thumbnail","7":"category-libros","8":"tag-a-coruna","9":"tag-books","10":"tag-comarca-de-a-coruna","11":"tag-cultura","12":"tag-entertainment","13":"tag-entretenimiento","14":"tag-es","15":"tag-espana","16":"tag-libros","17":"tag-spain"},"share_on_mastodon":{"url":"","error":""},"_links":{"self":[{"href":"https:\/\/www.europesays.com\/es\/wp-json\/wp\/v2\/posts\/122983","targetHints":{"allow":["GET"]}}],"collection":[{"href":"https:\/\/www.europesays.com\/es\/wp-json\/wp\/v2\/posts"}],"about":[{"href":"https:\/\/www.europesays.com\/es\/wp-json\/wp\/v2\/types\/post"}],"author":[{"embeddable":true,"href":"https:\/\/www.europesays.com\/es\/wp-json\/wp\/v2\/users\/2"}],"replies":[{"embeddable":true,"href":"https:\/\/www.europesays.com\/es\/wp-json\/wp\/v2\/comments?post=122983"}],"version-history":[{"count":0,"href":"https:\/\/www.europesays.com\/es\/wp-json\/wp\/v2\/posts\/122983\/revisions"}],"wp:featuredmedia":[{"embeddable":true,"href":"https:\/\/www.europesays.com\/es\/wp-json\/wp\/v2\/media\/122984"}],"wp:attachment":[{"href":"https:\/\/www.europesays.com\/es\/wp-json\/wp\/v2\/media?parent=122983"}],"wp:term":[{"taxonomy":"category","embeddable":true,"href":"https:\/\/www.europesays.com\/es\/wp-json\/wp\/v2\/categories?post=122983"},{"taxonomy":"post_tag","embeddable":true,"href":"https:\/\/www.europesays.com\/es\/wp-json\/wp\/v2\/tags?post=122983"}],"curies":[{"name":"wp","href":"https:\/\/api.w.org\/{rel}","templated":true}]}}