{"id":122994,"date":"2025-09-18T12:18:08","date_gmt":"2025-09-18T12:18:08","guid":{"rendered":"https:\/\/www.europesays.com\/es\/122994\/"},"modified":"2025-09-18T12:18:08","modified_gmt":"2025-09-18T12:18:08","slug":"las-ocho-nuevas-formas-de-personalizar-tu-iphone-si-actualizas-a-ios-26","status":"publish","type":"post","link":"https:\/\/www.europesays.com\/es\/122994\/","title":{"rendered":"Las ocho nuevas formas de personalizar tu iPhone si actualizas a iOS 26"},"content":{"rendered":"<p>Poco queda de aquella cerrada Apple en la que deb\u00edas usar el iPhone s\u00ed o s\u00ed c\u00f3mo ellos quer\u00edan, sin apenas opciones de personalizaci\u00f3n. La prueba definitiva est\u00e1 en un <a class=\"text-outboundlink\" href=\"https:\/\/www.applesfera.com\/nuevo\/ios-19-informacion\" data-vars-post-title=\"Descubre iOS 26: novedades, iPhone compatibles y m\u00e1s sobre la nueva era del sistema operativo de Apple\" data-vars-post-url=\"https:\/\/www.applesfera.com\/nuevo\/ios-19-informacion\" rel=\"nofollow noopener\" target=\"_blank\">iOS 26<\/a> que es <strong>el<\/strong> <strong>culmen del <\/strong><strong>tuneado<\/strong><strong> del iPhone<\/strong>. Desde cambiar el estilo de los iconos y la pantalla de bloqueo hasta adaptar las interfaces de apps nativas a tu gusto. Hemos recopilado las principales novedades para que hagas m\u00e1s tuyo el iPhone.<\/p>\n<p>La hora, transparente y estirada<\/p>\n<p>                   <img class=\"centro_sinmarco\" height=\"900\" width=\"1350\" loading=\"lazy\" decoding=\"async\"  fetchpriority=\"high\"  src=\"https:\/\/i.blogs.es\/3da17d\/hora\/450_1000.webp\" alt=\"Hora\" onerror=\"this.src=\" https:=\"\" false=\"\"\/><\/p>\n<p>Si ya con <a class=\"text-outboundlink\" href=\"https:\/\/www.applesfera.com\/nuevo\/ios-18-informacion\" data-vars-post-title=\"Descubre iOS 18 en tu iPhone: m\u00e1s personalizaci\u00f3n, bloqueo de aplicaciones y un futuro con Apple Intelligence\" data-vars-post-url=\"https:\/\/www.applesfera.com\/nuevo\/ios-18-informacion\" rel=\"nofollow noopener\" target=\"_blank\">iOS 18<\/a> alucinamos de ver a Apple <a class=\"text-outboundlink\" href=\"https:\/\/www.applesfera.com\/ios\/ios-18-trae-mejor-android-al-iphone-deja-peor-estas-sus-nuevas-opciones-personalizacion\" data-vars-post-title=\"Nos hemos quejado hasta la saciedad de la falta de personalizaci\u00f3n del iPhone. Llegar\u00e1 por fin en iOS 18\" data-vars-post-url=\"https:\/\/www.applesfera.com\/ios\/ios-18-trae-mejor-android-al-iphone-deja-peor-estas-sus-nuevas-opciones-personalizacion\" rel=\"nofollow noopener\" target=\"_blank\">abri\u00e9ndose a la personalizaci\u00f3n<\/a> pudiendo, entre otros, cambiar el color y fuente de la hora de la pantalla de bloqueo, con iOS 26 van un paso m\u00e1s all\u00e1. Ahora podemos <strong>cambiar el tama\u00f1o de la hora <\/strong>haciendo que ocupe m\u00e1s espacio hacia abajo. De hecho, es adaptable, ya que si te llegan notificaciones, la hora reducir\u00e1 su tama\u00f1o para no estorbarte.<\/p>\n<p>Para ello bastar\u00e1 con que mantengas pulsada la pantalla de bloqueo, le des a Personalizar y estires hacia abajo las esquinas de la hora hasta <strong>ajustarlo al tama\u00f1o que quieras<\/strong>. De paso, aparte de poder ponerle colores como suced\u00eda en iOS 18, tambi\u00e9n podr\u00e1s elegir una fuente transparente.<\/p>\n<p>    <a href=\"https:\/\/www.applesfera.com\/tutoriales\/hay-quienes-no-actualizan-a-ios-26-para-no-gastar-bateria-apple-ha-incorporado-nuevo-modo-ahorro-para-iphone\" class=\"pivot-outboundlink\" data-vars-post-title=\"Hay quienes no actualizan a iOS 26 para no gastar m\u00e1s bater\u00eda. Pero hay un nuevo modo de ahorro con IA que lo soluciona\" rel=\"nofollow noopener\" target=\"_blank\"><br \/>\n     <img loading=\"lazy\" decoding=\"async\" alt=\"Hay quienes no actualizan a iOS 26 para no gastar m\u00e1s bater\u00eda. Pero hay un nuevo modo de ahorro con IA que lo soluciona\" width=\"375\" height=\"142\" src=\"https:\/\/i.blogs.es\/cbf7e8\/iphone-bateria-ios-26\/375_142.webp\" onerror=\"this.src=\" https:=\"\"\/><br \/>\n    <\/a><\/p>\n<p>Como bonus track de la pantalla de bloqueo est\u00e1 la circunstancia de que <strong>ahora puedes colocar widgets en la parte inferior<\/strong>. Hasta ahora, si la fotograf\u00eda ten\u00eda efecto de profundidad no era posible porque solo se pod\u00edan colocar arriba.<\/p>\n<p>Nuevos fondos que \u00abse salen\u00bb de la pantalla<\/p>\n<p>                   <img class=\"\" height=\"900\" width=\"1350\" loading=\"lazy\" decoding=\"async\"  fetchpriority=\"high\"  src=\"https:\/\/i.blogs.es\/b7819c\/foto-3d-4\/450_1000.webp\" alt=\"Foto 3d 4\" onerror=\"this.src=\" https:=\"\" false=\"\"\/><\/p>\n<p>Es <a class=\"text-outboundlink\" href=\"https:\/\/www.applesfera.com\/tutoriales\/novedad-escondida-ios-26-que-mis-favoritas-conseguir-que-fotos-se-salgan-pantalla\" data-vars-post-title=\"La novedad escondida de iOS 26 que ya es de mis favoritas: conseguir que las fotos \" se=\"\" salgan=\"\" de=\"\" la=\"\" pantalla=\"\" data-vars-post-url=\"https:\/\/www.applesfera.com\/tutoriales\/novedad-escondida-ios-26-que-mis-favoritas-conseguir-que-fotos-se-salgan-pantalla\" pantal rel=\"nofollow noopener\" target=\"_blank\">una de mis novedades favoritas de iOS 26<\/a>. Se trata fundamentalmente de <strong>convertir fotos normales en 3D<\/strong>, creando un efecto de lo m\u00e1s llamativo cuando movemos el iPhone. Para ello, el \u00fanico requisito es que tengas una foto en la que haya un protagonista claramente distinguido del fondo (una persona, un animal o un objeto).<\/p>\n<p>Deber\u00e1s localizarlo en la app Fotos, pulsar el bot\u00f3n de compartir, elegir la opci\u00f3n Usar de fondo de pantalla y <strong>tocar el icono en forma de hex\u00e1gono<\/strong>. Esto \u00abespacializar\u00e1\u00bb la imagen (es como Apple llama a esta funci\u00f3n) y ya tendr\u00e1s ese efecto que hace que el protagonista se salga de la pantalla del iPhone.<\/p>\n<p>Iconos transparentes (aunque problem\u00e1ticos)<\/p>\n<p>Con tanta transparencia de <a class=\"text-outboundlink\" href=\"https:\/\/www.applesfera.com\/apple-1\/liquid-glass-unifica-que-nunca-ios-macos-watchos-resto-sistemas-operativos-apple-asi-luce\" data-vars-post-title=\"Liquid Glass unifica m\u00e1s que nunca iOS, macOS, watchOS y resto de sistemas operativos de Apple: as\u00ed luce\" data-vars-post-url=\"https:\/\/www.applesfera.com\/apple-1\/liquid-glass-unifica-que-nunca-ios-macos-watchos-resto-sistemas-operativos-apple-asi-luce\" rel=\"nofollow noopener\" target=\"_blank\">Liquid Glass<\/a>, no pod\u00eda faltar la opci\u00f3n de tener <strong>iconos trasl\u00facidos que se transparentan con el fondo<\/strong>. Pueden quedar muy bien, aunque tambi\u00e9n te advertimos de que <a class=\"text-outboundlink\" href=\"https:\/\/www.applesfera.com\/ios\/iconos-transparentes-ios-26-me-han-generado-dilema-que-punto-puedo-sacrificar-funcionalidad-estetica\" data-vars-post-title=\"Los iconos transparentes de iOS 26 me han generado un dilema: hasta qu\u00e9 punto puedo sacrificar funcionalidad por est\u00e9tica\" data-vars-post-url=\"https:\/\/www.applesfera.com\/ios\/iconos-transparentes-ios-26-me-han-generado-dilema-que-punto-puedo-sacrificar-funcionalidad-estetica\" rel=\"nofollow noopener\" target=\"_blank\">quiz\u00e1s no sea lo m\u00e1s id\u00f3neo<\/a> para distinguir bien las aplicaciones.<\/p>\n<p>                   <img class=\"\" height=\"900\" width=\"1350\" loading=\"lazy\" decoding=\"async\"  fetchpriority=\"high\"  src=\"https:\/\/i.blogs.es\/f0fedc\/transparentes\/450_1000.webp\" alt=\"Transparentes\" onerror=\"this.src=\" https:=\"\" false=\"\"\/><\/p>\n<p>Para probarlo deber\u00e1s estar en cualquier app en la que tengas iconos, mantener pulsada una parte vac\u00eda, darle a Editar (esquina superior izquierda), despu\u00e9s a Personalizar y finalmente <strong>elegir la opci\u00f3n <\/strong><strong>Trasl\u00facido<\/strong>.<\/p>\n<p>Descubre los nuevos tonos de llamada<\/p>\n<p>Hasta seis son los <a class=\"text-outboundlink\" href=\"https:\/\/www.applesfera.com\/ios\/apple-estrena-nuevos-tonos-ios-26-hay-uno-que-te-da-para-montarte-buena-rave-ibiza\" data-vars-post-title=\"iOS 26 trae seis nuevos tonos para el iPhone. Ojo, porque uno de ellos va a hacer que tu jefe piense que trabajas en una discoteca\" data-vars-post-url=\"https:\/\/www.applesfera.com\/ios\/apple-estrena-nuevos-tonos-ios-26-hay-uno-que-te-da-para-montarte-buena-rave-ibiza\" rel=\"nofollow noopener\" target=\"_blank\">nuevos tonos de llamada de iOS 26<\/a>. Se llaman &#8216;Celestial&#8217;, &#8216;Chispeante&#8217;, &#8216;Cristalino&#8217;, &#8216;Electr\u00f3nico&#8217;, &#8216;Sereno&#8217;, &#8216;Vivaz&#8217; y &#8216;Por omisi\u00f3n&#8217;. El \u00faltimo es el cl\u00e1sico de siempre, pero todos est\u00e1n ahora <strong>englobados dentro de &#8216;Reflejo&#8217;<\/strong>. Y para llegar a ellos tendr\u00e1s que ir a Ajustes &gt; Sonido y vibraciones &gt; Tono de llamada.<\/p>\n<p>Tambi\u00e9n en esta versi\u00f3n podr\u00e1s <strong>poner cualquier canci\u00f3n<\/strong>. Ya hab\u00eda m\u00e9todos para ello, pero <a class=\"text-outboundlink\" href=\"https:\/\/www.applesfera.com\/ios\/poner-tono-llamada-que-tu-quieres-iphone-no-era-facil-ios-26-eso-cambia-completo\" data-vars-post-title=\"De iOS 26 esperaba cualquier cosa menos esto: por fin puedo poner la canci\u00f3n que quiera como tono de llamada del iPhone\" data-vars-post-url=\"https:\/\/www.applesfera.com\/ios\/poner-tono-llamada-que-tu-quieres-iphone-no-era-facil-ios-26-eso-cambia-completo\" rel=\"nofollow noopener\" target=\"_blank\">ahora se simplifica mucho m\u00e1s<\/a>. Si tienes un clip de 30 segundos guardado en Archivos, podr\u00e1s mantenerlo pulsado para que entre las opciones se encuentre la de Usar como tono de llamada.<\/p>\n<p>Vuelve (si quieres) a la vieja app de Tel\u00e9fono<\/p>\n<p>                   <img class=\"\" height=\"900\" width=\"1350\" loading=\"lazy\" decoding=\"async\"  fetchpriority=\"high\"  src=\"https:\/\/i.blogs.es\/6494fb\/telefono\/450_1000.webp\" alt=\"Telefono\" onerror=\"this.src=\" https:=\"\" false=\"\"\/><\/p>\n<p>Habr\u00e1s observado que ahora <strong>la app Tel\u00e9fono se ha vuelto m\u00e1s compacta <\/strong>al agrupar en una sola pesta\u00f1a de llamadas el listado de recientes con los favoritos y el acceso al buz\u00f3n de voz. Si te apa\u00f1as con ella, fenomenal, pero en caso contrario podr\u00e1s dar marcha atr\u00e1s.<\/p>\n<p>Situ\u00e1ndote precisamente en la pesta\u00f1a Llamadas, deber\u00e1s <strong>pulsar el icono de tres rayas de la esquina superior derecha <\/strong>y elegir la opci\u00f3n Cl\u00e1sico. De ese modo volver\u00e1s a la interfaz de siempre, sin impedimento de que vuelvas a la nueva m\u00e1s adelante si quieres volver a utilizarla.<\/p>\n<p>A\u00f1ade un fondo a los chats de iMessage<\/p>\n<p>                   <img class=\"centro_sinmarco\" height=\"900\" width=\"1350\" loading=\"lazy\" decoding=\"async\"  fetchpriority=\"high\"  src=\"https:\/\/i.blogs.es\/608bed\/imessage\/450_1000.webp\" alt=\"Imessage\" onerror=\"this.src=\" https:=\"\" false=\"\"\/><\/p>\n<p>No es que <a class=\"text-outboundlink\" href=\"https:\/\/www.applesfera.com\/tutoriales\/tienes-iphone-tienes-imessage-esto-que-tienes-que-saber-para-usarlo-como-ninja\" data-vars-post-title=\"iMessage en iPhone: qu\u00e9 es, para qu\u00e9 sirve y todo lo que puedes hacer con la plataforma de mensajer\u00eda rival de WhatsApp\" data-vars-post-url=\"https:\/\/www.applesfera.com\/tutoriales\/tienes-iphone-tienes-imessage-esto-que-tienes-que-saber-para-usarlo-como-ninja\" rel=\"nofollow noopener\" target=\"_blank\">iMessage<\/a> sea tan popular en Espa\u00f1a como WhatsApp e incluso Telegram, pero si la usas con alguien, por fin podr\u00e1s <strong>tener un fondo distinto para cada conversaci\u00f3n <\/strong>m\u00e1s all\u00e1 del color blanco o negro que hasta ahora ha salido por defecto.<\/p>\n<p>Solo tendr\u00e1s que tocar en el nombre de ese chat, ir a la pesta\u00f1a Fondos y elegir el que m\u00e1s te guste.<strong> <\/strong>Podr\u00e1s elegir entre una lista de fondos sugeridos, algunos de ellos con tus mejores fotos. Pero si tienes un <a class=\"text-outboundlink\" href=\"https:\/\/www.applesfera.com\/analisis\/iphone-15-pro-iphone-15-pro-max-analisis-caracteristicas-precio-especificaciones\" data-vars-post-title=\"iPhone 15 Pro y iPhone 15 Pro Max, an\u00e1lisis: nuevos hitos en la gama alta\" data-vars-post-url=\"https:\/\/www.applesfera.com\/analisis\/iphone-15-pro-iphone-15-pro-max-analisis-caracteristicas-precio-especificaciones\" rel=\"nofollow noopener\" target=\"_blank\">iPhone 15 Pro<\/a> o un modelo posterior, <strong>tambi\u00e9n podr\u00e1s generar uno nuevo <\/strong>con <a class=\"text-outboundlink\" href=\"https:\/\/www.applesfera.com\/tutoriales\/image-playground-que-sirve-nueva-app-apple-que-puedes-crear-todo-tipo-imagenes\" data-vars-post-title=\"Image Playground: qu\u00e9 es y para qu\u00e9 sirve la nueva app de Apple con la que puedes crear todo tipo de im\u00e1genes\" data-vars-post-url=\"https:\/\/www.applesfera.com\/tutoriales\/image-playground-que-sirve-nueva-app-apple-que-puedes-crear-todo-tipo-imagenes\" rel=\"nofollow noopener\" target=\"_blank\">Image Playground<\/a>.<\/p>\n<p>Ordena a tu gusto la renovada app Fotos<\/p>\n<p>                   <img class=\"centro_sinmarco\" height=\"900\" width=\"1350\" loading=\"lazy\" decoding=\"async\"  fetchpriority=\"high\"  src=\"https:\/\/i.blogs.es\/b16a26\/fotos\/450_1000.webp\" alt=\"Fotos\" onerror=\"this.src=\" https:=\"\" false=\"\"\/><\/p>\n<p>Tras los <a class=\"text-outboundlink\" href=\"https:\/\/www.applesfera.com\/tutoriales\/como-organizar-app-fotos-ios-18\" data-vars-post-title=\"No me gusta la nueva app de Fotos en iOS 18, pero estos ajustes me han servido para aprovechar sus novedades sin volverme loco\" data-vars-post-url=\"https:\/\/www.applesfera.com\/tutoriales\/como-organizar-app-fotos-ios-18\" rel=\"nofollow noopener\" target=\"_blank\">pol\u00e9micos cambios<\/a> de la <a class=\"text-outboundlink\" href=\"https:\/\/www.applesfera.com\/tutoriales\/apple-fotos-que-como-funciona-aplicacion-para-ordenar-editar-imagenes-que-viene-todos-iphone\" data-vars-post-title=\"Apple Fotos, qu\u00e9 es y c\u00f3mo funciona la aplicaci\u00f3n para ordenar y editar im\u00e1genes que viene en todos los iPhone\" data-vars-post-url=\"https:\/\/www.applesfera.com\/tutoriales\/apple-fotos-que-como-funciona-aplicacion-para-ordenar-editar-imagenes-que-viene-todos-iphone\" rel=\"nofollow noopener\" target=\"_blank\">app Fotos<\/a> con iOS 18, en iOS 26 se arregla un poco a\u00f1adiendo de vuelta <strong>dos pesta\u00f1as para navegar m\u00e1s f\u00e1cilmente<\/strong>. En Fototeca todas tus fotos en cuadr\u00edcula y en Colecciones todo lo dem\u00e1s: \u00e1lbumes, recuerdos, fotos organizadas por tipos de \u00edtem, etc.<\/p>\n<p>    <a href=\"https:\/\/www.applesfera.com\/airpods\/tus-airpods-ios-26-hacen-mucho-ahora-detectan-te-duermes-e-incluso-sirven-mando-a-distancia-para-hacerte-fotos\" class=\"pivot-outboundlink\" data-vars-post-title=\"La mejor novedad de los AirPods no cuesta dinero. Se llama iOS 26 y ya la puedes usar\" rel=\"nofollow noopener\" target=\"_blank\"><br \/>\n     <img loading=\"lazy\" decoding=\"async\" alt=\"La mejor novedad de los AirPods no cuesta dinero. Se llama iOS 26 y ya la puedes usar\" width=\"375\" height=\"142\" src=\"https:\/\/i.blogs.es\/9a31bf\/airpods-ios-26\/375_142.webp\" onerror=\"this.src=\" https:=\"\"\/><br \/>\n    <\/a><\/p>\n<p>Pues bien, es precisamente esa segunda pesta\u00f1a la que se puede personalizar <strong>a\u00f1adiendo \u00e1lbumes fijados y ordenando el resto <\/strong>como quieras. Solo hay que ir abajo y pulsar en Reordenar. Tambi\u00e9n es importante saber que si no quieres ver alg\u00fan apartado, <strong>podr\u00e1s plegarlo <\/strong>con el icono de la flecha que aparece a la derecha.<\/p>\n<p>S\u00ed, tambi\u00e9n puedes decir adi\u00f3s a Liquid Glass<\/p>\n<p>                   <img class=\"\" height=\"1153\" width=\"1691\" loading=\"lazy\" decoding=\"async\"  fetchpriority=\"high\"  src=\"https:\/\/i.blogs.es\/49782f\/desactivar-liquid-glass\/450_1000.webp\" alt=\"Pasos para desactivar Liquid Glass\" onerror=\"this.src=\" https:=\"\" false=\"\"\/><\/p>\n<p>        Pasos para &#8216;desactivar&#8217; Liquid Glass<\/p>\n<p>La gracia de iOS 26 est\u00e1 en su nuevo dise\u00f1o, pero si no logras acostumbrarte o lo odias completamente, <a class=\"text-outboundlink\" href=\"https:\/\/www.applesfera.com\/trucos\/no-te-gusta-diseno-liquid-glass-ios-26-hay-solucion-simple-boton-que-se-activa-10-segundos\" data-vars-post-title=\"Si no te gusta el dise\u00f1o Liquid Glass de iOS 26, hay una soluci\u00f3n. Y es un simple bot\u00f3n que se activa en menos de 10 segundos \" data-vars-post-url=\"https:\/\/www.applesfera.com\/trucos\/no-te-gusta-diseno-liquid-glass-ios-26-hay-solucion-simple-boton-que-se-activa-10-segundos\" rel=\"nofollow noopener\" target=\"_blank\">hay\u00a0una forma<\/a> de <strong>reducir las transparencias y recuperar una interfaz algo m\u00e1s opaca<\/strong>. No ser\u00e1 igual que en iOS 18, pero se parecer\u00e1 mucho m\u00e1s.<\/p>\n<p>Para ello hay que ir a <strong>Ajustes <\/strong><strong>&gt; <\/strong><strong>Accesibilidad <\/strong><strong>&gt; <\/strong><strong>Pantalla y tama\u00f1o del texto<\/strong> y activar all\u00ed la casilla de Reducir transparencia. Y luego, si quieres volver a Liquid Glass, bastar\u00e1 con que sigas id\u00e9nticos pasos y vuelvas a desactivar el interruptor.<\/p>\n<p>En Applesfera | <a class=\"text-outboundlink\" href=\"https:\/\/www.applesfera.com\/nuevo\/cuantos-anos-actualizaciones-le-quedan-a-mi-iphone-asi-podemos-saberlo\" data-vars-post-title=\"\u00bfCu\u00e1ntos a\u00f1os de actualizaciones le quedan a mi iPhone? As\u00ed podemos saberlo\" data-vars-post-url=\"https:\/\/www.applesfera.com\/nuevo\/cuantos-anos-actualizaciones-le-quedan-a-mi-iphone-asi-podemos-saberlo\" rel=\"nofollow noopener\" target=\"_blank\">\u00bfCu\u00e1ntos a\u00f1os de actualizaciones le quedan a mi iPhone? As\u00ed podemos saberlo<\/a><\/p>\n<p>En Applesfera | <a class=\"text-outboundlink\" href=\"https:\/\/www.applesfera.com\/tutoriales\/mejores-trucos-fotos-iphone\" data-vars-post-title=\"C\u00f3mo conseguir mejores fotograf\u00edas con tu iPhone cambiando estos seis ajustes\" data-vars-post-url=\"https:\/\/www.applesfera.com\/tutoriales\/mejores-trucos-fotos-iphone\" rel=\"nofollow noopener\" target=\"_blank\">C\u00f3mo conseguir mejores fotograf\u00edas con tu iPhone cambiando estos seis ajustes<\/a><\/p>\n","protected":false},"excerpt":{"rendered":"Poco queda de aquella cerrada Apple en la que deb\u00edas usar el iPhone s\u00ed o s\u00ed c\u00f3mo ellos&hellip;\n","protected":false},"author":2,"featured_media":122995,"comment_status":"","ping_status":"","sticky":false,"template":"","format":"standard","meta":{"footnotes":""},"categories":[81],"tags":[119,123,124,25,24,117,121,122,23,118,120],"class_list":{"0":"post-122994","1":"post","2":"type-post","3":"status-publish","4":"format-standard","5":"has-post-thumbnail","7":"category-ciencia-y-tecnologia","8":"tag-ciencia","9":"tag-ciencia-y-tecnologia","10":"tag-cienciaytecnologia","11":"tag-es","12":"tag-espana","13":"tag-science","14":"tag-science-and-technology","15":"tag-scienceandtechnology","16":"tag-spain","17":"tag-technology","18":"tag-tecnologia"},"share_on_mastodon":{"url":"","error":""},"_links":{"self":[{"href":"https:\/\/www.europesays.com\/es\/wp-json\/wp\/v2\/posts\/122994","targetHints":{"allow":["GET"]}}],"collection":[{"href":"https:\/\/www.europesays.com\/es\/wp-json\/wp\/v2\/posts"}],"about":[{"href":"https:\/\/www.europesays.com\/es\/wp-json\/wp\/v2\/types\/post"}],"author":[{"embeddable":true,"href":"https:\/\/www.europesays.com\/es\/wp-json\/wp\/v2\/users\/2"}],"replies":[{"embeddable":true,"href":"https:\/\/www.europesays.com\/es\/wp-json\/wp\/v2\/comments?post=122994"}],"version-history":[{"count":0,"href":"https:\/\/www.europesays.com\/es\/wp-json\/wp\/v2\/posts\/122994\/revisions"}],"wp:featuredmedia":[{"embeddable":true,"href":"https:\/\/www.europesays.com\/es\/wp-json\/wp\/v2\/media\/122995"}],"wp:attachment":[{"href":"https:\/\/www.europesays.com\/es\/wp-json\/wp\/v2\/media?parent=122994"}],"wp:term":[{"taxonomy":"category","embeddable":true,"href":"https:\/\/www.europesays.com\/es\/wp-json\/wp\/v2\/categories?post=122994"},{"taxonomy":"post_tag","embeddable":true,"href":"https:\/\/www.europesays.com\/es\/wp-json\/wp\/v2\/tags?post=122994"}],"curies":[{"name":"wp","href":"https:\/\/api.w.org\/{rel}","templated":true}]}}