{"id":123005,"date":"2025-09-18T12:24:09","date_gmt":"2025-09-18T12:24:09","guid":{"rendered":"https:\/\/www.europesays.com\/es\/123005\/"},"modified":"2025-09-18T12:24:09","modified_gmt":"2025-09-18T12:24:09","slug":"vox-reclama-a-marco-perez-en-carnaval-y-eliminar-la-figura-del-comisionista-en-la-compra-de-los-toros-salamancartv-al-dia","status":"publish","type":"post","link":"https:\/\/www.europesays.com\/es\/123005\/","title":{"rendered":"Vox reclama a Marco P\u00e9rez en Carnaval y eliminar la figura del comisionista en la compra de los toros &#8211; SALAMANCArtv AL D\u00cdA"},"content":{"rendered":"<p class=\"prip\">La edil de <strong>Vox<\/strong> en el Ayuntamiento de Ciudad Rodrigo, <strong>Patricia Mart\u00edn<\/strong>, difundi\u00f3 en la ma\u00f1ana del jueves una <strong>nota de prensa<\/strong> para dar a conocer las propuestas que realiz\u00f3 el mi\u00e9rcoles en la primera reuni\u00f3n de la Comisi\u00f3n encargada de organizar el<strong> Carnaval del Toro 2026<\/strong>.<\/p>\n<p>Seg\u00fan resalta la edil, su propuesta principal fue <strong>eliminar la figura del comisionista a la hora de la compra de los toros<\/strong>, para as\u00ed \u201cabaratar los costes\u201d, ya que, aunque la comisi\u00f3n la paga el ganadero a la persona que ejerce esa funci\u00f3n, \u201crepercute siempre en el precio final de los toros\u201d. Desde su punto de vista, se trata de un <strong>sistema \u201cde toda la vida\u201d<\/strong> que \u201choy en d\u00eda resulta <strong>injustificable<\/strong>\u201d. <strong>Patricia Mart\u00edn<\/strong> se\u00f1ala que esta propuesta obtuvo una respuesta negativa \u201crotunda e inmediata\u201d por parte del presidente de la Comisi\u00f3n, <strong>Ram\u00f3n Sastre<\/strong>.<\/p>\n<p>En torno a los toros, <strong>Patricia Mart\u00edn<\/strong> reclam\u00f3 un a\u00f1o m\u00e1s que <strong>se compren en las ganader\u00edas de la comarca o en su defecto salmantinas<\/strong> (se\u00f1ala que \u201cnunca se ha visto a un franc\u00e9s comprar champagne en el extranjero\u201d), explicando que <strong>Ram\u00f3n Sastre<\/strong> plante\u00f3 que se intentar\u00eda, pero \u201cya dio unas <strong>justificaciones<\/strong> para no llevarlo a cabo y comprar fuera\u201d, como por ejemplo el precio y la calidad, pregunt\u00e1ndose c\u00f3mo, si en la \u201ctierra de toros por excelencia\u201d, no es posible, fuera de aqu\u00ed si lo ser\u00e1.<\/p>\n<p>Por otro lado, respecto a la \u2018puerta abierta\u2019 para que la oposici\u00f3n haga propuestas de ganader\u00edas, lo considera una <strong>\u201cpuerta falsa\u201d para \u201cquedar bien de cara a la galer\u00eda\u201d<\/strong>, ya que \u201cni se debe, ya que no corresponde a la oposici\u00f3n negociar o tratar cuestiones\u201d, \u201cy tampoco es posible\u201d, ya que ning\u00fan ganadero va a tratar con un miembro de la Comisi\u00f3n que no sea la persona encargada de la negociaci\u00f3n.<\/p>\n<p>Respecto al <strong>encierro a caballo<\/strong>, <strong>Patricia Mart\u00edn<\/strong> sugiri\u00f3 que los caballistas tengan una \u201c<strong>vestimenta uniforme<\/strong>, preferiblemente de charro\u201d, ya que as\u00ed tendr\u00e1 \u201cmayor vistosidad y fama, al poderse diferenciar de otros encierros\u201d. De igual modo plante\u00f3 <strong>que se limite el n\u00famero de caballistas que alcanzan la Plaza Mayor,<\/strong> para \u201creducir riesgos y evitar accidentes\u201d.<\/p>\n<p>En torno a los carteles, la edil de Vox pidi\u00f3 \u201clo que a todos nos gustar\u00eda, ver a <strong>Marco P\u00e9rez<\/strong> torear en la Plaza de Ciudad Rodrigo\u201d, reclamando concretamente que se contacte <strong>con su apoderado \u201ccuanto antes<\/strong>, para que su agenda no se lo impida por tener ya contratos previos\u201d.<\/p>\n<p>Fuera del \u00e1mbito taurino, <strong>Patricia Mart\u00edn<\/strong> pidi\u00f3 que, si los espacios para <strong>casetas de pe\u00f1as <\/strong>que se van a sacar a concurso son insuficientes para cubrir las solicitudes presentadas, \u201cse estudie\u201d una ubicaci\u00f3n adicional para m\u00e1s; mientras que en torno al <strong>\u2018evento alternativo\u2019,<\/strong> exigi\u00f3 que si se lleva a cabo, sea una <strong>iniciativa totalmente privada<\/strong>, \u201ccon coste cero para el Ayuntamiento\u201d.<\/p>\n<p>Con sus propuestas de cambio, <strong>Patricia Mart\u00edn<\/strong> indica que apuesta por una \u201cmodernizaci\u00f3n\u201d que implique \u201c<strong>m\u00e1xima transparencia y eficiencia<\/strong> para que todos disfrutemos del Carnaval sin riesgos ni accidentes lamentables, y responsabilidad en el uso del dinero p\u00fablico\u201d.<\/p>\n","protected":false},"excerpt":{"rendered":"La edil de Vox en el Ayuntamiento de Ciudad Rodrigo, Patricia Mart\u00edn, difundi\u00f3 en la ma\u00f1ana del jueves&hellip;\n","protected":false},"author":2,"featured_media":123006,"comment_status":"","ping_status":"","sticky":false,"template":"","format":"standard","meta":{"footnotes":""},"categories":[277],"tags":[373,40383,168,1819,1639,25,24,10,4069,3614,23,167,374],"class_list":{"0":"post-123005","1":"post","2":"type-post","3":"status-publish","4":"format-standard","5":"has-post-thumbnail","7":"category-toreo","8":"tag-bullfighting","9":"tag-carnaval-del-toro","10":"tag-deportes","11":"tag-diario","12":"tag-digital","13":"tag-es","14":"tag-espana","15":"tag-noticias","16":"tag-periodico","17":"tag-salamanca","18":"tag-spain","19":"tag-sports","20":"tag-toreo"},"share_on_mastodon":{"url":"","error":""},"_links":{"self":[{"href":"https:\/\/www.europesays.com\/es\/wp-json\/wp\/v2\/posts\/123005","targetHints":{"allow":["GET"]}}],"collection":[{"href":"https:\/\/www.europesays.com\/es\/wp-json\/wp\/v2\/posts"}],"about":[{"href":"https:\/\/www.europesays.com\/es\/wp-json\/wp\/v2\/types\/post"}],"author":[{"embeddable":true,"href":"https:\/\/www.europesays.com\/es\/wp-json\/wp\/v2\/users\/2"}],"replies":[{"embeddable":true,"href":"https:\/\/www.europesays.com\/es\/wp-json\/wp\/v2\/comments?post=123005"}],"version-history":[{"count":0,"href":"https:\/\/www.europesays.com\/es\/wp-json\/wp\/v2\/posts\/123005\/revisions"}],"wp:featuredmedia":[{"embeddable":true,"href":"https:\/\/www.europesays.com\/es\/wp-json\/wp\/v2\/media\/123006"}],"wp:attachment":[{"href":"https:\/\/www.europesays.com\/es\/wp-json\/wp\/v2\/media?parent=123005"}],"wp:term":[{"taxonomy":"category","embeddable":true,"href":"https:\/\/www.europesays.com\/es\/wp-json\/wp\/v2\/categories?post=123005"},{"taxonomy":"post_tag","embeddable":true,"href":"https:\/\/www.europesays.com\/es\/wp-json\/wp\/v2\/tags?post=123005"}],"curies":[{"name":"wp","href":"https:\/\/api.w.org\/{rel}","templated":true}]}}