{"id":123007,"date":"2025-09-18T12:27:04","date_gmt":"2025-09-18T12:27:04","guid":{"rendered":"https:\/\/www.europesays.com\/es\/123007\/"},"modified":"2025-09-18T12:27:04","modified_gmt":"2025-09-18T12:27:04","slug":"laver-cup-2025-agassi-da-la-descripcion-definitiva-de-alcaraz-es-como-si-el-big-3-se-hubiera-convertido-en-uno","status":"publish","type":"post","link":"https:\/\/www.europesays.com\/es\/123007\/","title":{"rendered":"Laver Cup 2025 | Agassi da la descripci\u00f3n definitiva de Alcaraz: \u00abEs como si el &#8216;Big 3&#8217; se hubiera convertido en uno\u00bb"},"content":{"rendered":"<p>\u00abVenimos de una generaci\u00f3n con Novak, Roger y Rafa, y si tomas lo mejor de cada uno, <b data-testid=\"body-text-bold\">es como si se hubiera convertido en una sola persona<\/b>\u00ab, asegur\u00f3 Agassi, lanzando un enorme piropo al espa\u00f1ol antes de tener que pensar c\u00f3mo hacer frente a su poder\u00edo para que la copa se quede en San Francisco.<\/p>\n<p>\u00abPuede defender como Novak. Tiene las manos suaves y la sensaci\u00f3n de Federer, y puede generar muchas revoluciones y ritmo como Rafa. Tiene la velocidad, tanto ofensiva como defensiva. <b data-testid=\"body-text-bold\">Tiene la pasi\u00f3n que lo mantiene en marcha todo el tiempo<\/b>. Lo tiene todo. Lo que hay que esperar es que se vuelva demasiado creativo. Esperas que cruce esa l\u00ednea de vez en cuando para darte algo de esperanza\u00bb, sentenci\u00f3 Agassi.<\/p>\n","protected":false},"excerpt":{"rendered":"\u00abVenimos de una generaci\u00f3n con Novak, Roger y Rafa, y si tomas lo mejor de cada uno, es&hellip;\n","protected":false},"author":2,"featured_media":123008,"comment_status":"","ping_status":"","sticky":false,"template":"","format":"standard","meta":{"footnotes":""},"categories":[274],"tags":[39678,168,25,24,23,167,327,326],"class_list":{"0":"post-123007","1":"post","2":"type-post","3":"status-publish","4":"format-standard","5":"has-post-thumbnail","7":"category-tenis","8":"tag-copa-laver-individual","9":"tag-deportes","10":"tag-es","11":"tag-espana","12":"tag-spain","13":"tag-sports","14":"tag-tenis","15":"tag-tennis"},"share_on_mastodon":{"url":"","error":""},"_links":{"self":[{"href":"https:\/\/www.europesays.com\/es\/wp-json\/wp\/v2\/posts\/123007","targetHints":{"allow":["GET"]}}],"collection":[{"href":"https:\/\/www.europesays.com\/es\/wp-json\/wp\/v2\/posts"}],"about":[{"href":"https:\/\/www.europesays.com\/es\/wp-json\/wp\/v2\/types\/post"}],"author":[{"embeddable":true,"href":"https:\/\/www.europesays.com\/es\/wp-json\/wp\/v2\/users\/2"}],"replies":[{"embeddable":true,"href":"https:\/\/www.europesays.com\/es\/wp-json\/wp\/v2\/comments?post=123007"}],"version-history":[{"count":0,"href":"https:\/\/www.europesays.com\/es\/wp-json\/wp\/v2\/posts\/123007\/revisions"}],"wp:featuredmedia":[{"embeddable":true,"href":"https:\/\/www.europesays.com\/es\/wp-json\/wp\/v2\/media\/123008"}],"wp:attachment":[{"href":"https:\/\/www.europesays.com\/es\/wp-json\/wp\/v2\/media?parent=123007"}],"wp:term":[{"taxonomy":"category","embeddable":true,"href":"https:\/\/www.europesays.com\/es\/wp-json\/wp\/v2\/categories?post=123007"},{"taxonomy":"post_tag","embeddable":true,"href":"https:\/\/www.europesays.com\/es\/wp-json\/wp\/v2\/tags?post=123007"}],"curies":[{"name":"wp","href":"https:\/\/api.w.org\/{rel}","templated":true}]}}