{"id":123009,"date":"2025-09-18T12:28:09","date_gmt":"2025-09-18T12:28:09","guid":{"rendered":"https:\/\/www.europesays.com\/es\/123009\/"},"modified":"2025-09-18T12:28:09","modified_gmt":"2025-09-18T12:28:09","slug":"ayuso-concedera-la-medalla-de-oro-de-la-comunidad-de-madrid-a-la-vuelta-ciclista-y-premiara-a-vingegaard","status":"publish","type":"post","link":"https:\/\/www.europesays.com\/es\/123009\/","title":{"rendered":"Ayuso conceder\u00e1 la Medalla de Oro de la Comunidad de Madrid a la Vuelta Ciclista y premiar\u00e1 a Vingegaard"},"content":{"rendered":"<p>1010061.1.260.149.20250918103249<\/p>\n<p> <img decoding=\"async\" alt=\"V\u00eddeo de la noticia\" width=\"100%\" height=\"auto\" class=\"cssW100\" src=\"https:\/\/www.europesays.com\/es\/wp-content\/uploads\/2025\/09\/fotonoticia_20250918103249_690.jpg\"\/><\/p>\n<p>La presidenta de la Comunidad de Madrid, Isabel D\u00edaz Ayuso, durante una rueda de prensa posterior a la reuni\u00f3n del Consejo de Gobierno, en la finca El Enc\u00edn, a 17 de septiembre de 2025  &#8211;  Alejandro Mart\u00ednez V\u00e9lez &#8211; Europa Press<\/p>\n<p><strong><a style=\"color:#cc0000\" href=\"https:\/\/www.europapress.es\/internacional\/noticia-guerra-gaza-directo-ultima-hora-conflicto-oriente-proximo-20250916075445.html\" title=\"Sigue en directo las \u00faltimas noticias sobre la guerra en Oriente Pr\u00f3ximo\" rel=\"nofollow noopener\" target=\"_blank\">Sigue en directo las \u00faltimas noticias sobre la guerra en Oriente Pr\u00f3ximo<\/a><\/strong><\/p>\n<p>    MADRID 18 Sep. (EUROPA PRESS) &#8211; <\/p>\n<p>   La presidenta de la Comunidad de Madrid, Isabel D\u00edaz Ayuso, ha anunciado este jueves que el Gobierno regional conceder\u00e1 la Medalla de Oro del Gobierno regional, que otorga en el marco de los reconocimientos del Dos de Mayo, a la Vuelta Ciclista, adem\u00e1s de premiar al ciclista ganador, el dan\u00e9s Jonas Vingegaard.<\/p>\n<p>   As\u00ed lo ha anunciado D\u00edaz Ayuso en la sesi\u00f3n de control en el Pleno de la C\u00e1mara regional, despu\u00e9s de que la \u00faltima etapa de La Vuelta Ciclista fuera cancelada el domingo pasado debido a las protestas propalestinas, que se saldaron con dos detenidos y 22 polic\u00edas heridos.<\/p>\n<p>   La presidenta ha subrayado que es necesario premiar a este ciclista internacional que \u00abno merece ser recibido\u00bb con protestas, adem\u00e1s de destacar que La Vuelta es una de las competiciones internacionales m\u00e1s importantes pese a que el Gobierno la ha querido \u00abdesguazar\u00bb.<\/p>\n","protected":false},"excerpt":{"rendered":"1010061.1.260.149.20250918103249 La presidenta de la Comunidad de Madrid, Isabel D\u00edaz Ayuso, durante una rueda de prensa posterior a&hellip;\n","protected":false},"author":2,"featured_media":123010,"comment_status":"","ping_status":"","sticky":false,"template":"","format":"standard","meta":{"footnotes":""},"categories":[273],"tags":[313,312,168,25,24,23,167],"class_list":{"0":"post-123009","1":"post","2":"type-post","3":"status-publish","4":"format-standard","5":"has-post-thumbnail","7":"category-ciclismo","8":"tag-ciclismo","9":"tag-cycling","10":"tag-deportes","11":"tag-es","12":"tag-espana","13":"tag-spain","14":"tag-sports"},"share_on_mastodon":{"url":"","error":""},"_links":{"self":[{"href":"https:\/\/www.europesays.com\/es\/wp-json\/wp\/v2\/posts\/123009","targetHints":{"allow":["GET"]}}],"collection":[{"href":"https:\/\/www.europesays.com\/es\/wp-json\/wp\/v2\/posts"}],"about":[{"href":"https:\/\/www.europesays.com\/es\/wp-json\/wp\/v2\/types\/post"}],"author":[{"embeddable":true,"href":"https:\/\/www.europesays.com\/es\/wp-json\/wp\/v2\/users\/2"}],"replies":[{"embeddable":true,"href":"https:\/\/www.europesays.com\/es\/wp-json\/wp\/v2\/comments?post=123009"}],"version-history":[{"count":0,"href":"https:\/\/www.europesays.com\/es\/wp-json\/wp\/v2\/posts\/123009\/revisions"}],"wp:featuredmedia":[{"embeddable":true,"href":"https:\/\/www.europesays.com\/es\/wp-json\/wp\/v2\/media\/123010"}],"wp:attachment":[{"href":"https:\/\/www.europesays.com\/es\/wp-json\/wp\/v2\/media?parent=123009"}],"wp:term":[{"taxonomy":"category","embeddable":true,"href":"https:\/\/www.europesays.com\/es\/wp-json\/wp\/v2\/categories?post=123009"},{"taxonomy":"post_tag","embeddable":true,"href":"https:\/\/www.europesays.com\/es\/wp-json\/wp\/v2\/tags?post=123009"}],"curies":[{"name":"wp","href":"https:\/\/api.w.org\/{rel}","templated":true}]}}