{"id":123020,"date":"2025-09-18T12:34:14","date_gmt":"2025-09-18T12:34:14","guid":{"rendered":"https:\/\/www.europesays.com\/es\/123020\/"},"modified":"2025-09-18T12:34:14","modified_gmt":"2025-09-18T12:34:14","slug":"el-club-de-los-super-validos","status":"publish","type":"post","link":"https:\/\/www.europesays.com\/es\/123020\/","title":{"rendered":"El club de los s\u00faper v\u00e1lidos"},"content":{"rendered":"<p><img fetchpriority=\"high\" decoding=\"async\" class=\"alignnone wp-image-39131 size-full\" src=\"https:\/\/www.europesays.com\/es\/wp-content\/uploads\/2025\/09\/WhatsApp-Image-2025-09-17-at-08.33.06-2-e1758157784650.jpeg\" alt=\"\" width=\"867\" height=\"595\"  \/>Desde peque\u00f1a, Mariana Santini convivi\u00f3 con historias. Las que le contaba su madre, mezcla de cl\u00e1sicos y cuentos inventados, fueron la semilla de una pasi\u00f3n que con el tiempo se volvi\u00f3 forma de vida. <strong>\u201cSiempre fue \u2018mi forma de vida\u2019, vincularme con la palabra escrita\u201d<\/strong>, dice la escritora, que es tambi\u00e9n docente y terapeuta hol\u00edstica. Este jueves, a sus 55 a\u00f1os, presentar\u00e1 su nuevo libro El club de los s\u00faper v\u00e1lidos en el sal\u00f3n de la Parroquia Santa Mar\u00eda de la Paz, el mismo lugar donde naci\u00f3 el grupo que la inspir\u00f3.<\/p>\n<p><strong>\u201cEl club naci\u00f3 como propuesta de pensar juntos c\u00f3mo acompa\u00f1ar a las personas con discapacidad en su necesidad de vincularse, de enamorarse, de pertenecer a un grupo para crecer integralmente\u201d<\/strong>, explica Santini, que vive en el barrio Las Magnolias y lleva d\u00e9cadas trabajando en educaci\u00f3n inclusiva. Con emoci\u00f3n, recuerda que las historias que componen su libro son reales, aunque los nombres fueron cambiados. <strong>\u201cEllos son los verdaderos s\u00faper v\u00e1lidos. Generosamente me compartieron sus vidas, sus pesares, sus amores y desamores\u201d.<\/strong><\/p>\n<p><img loading=\"lazy\" decoding=\"async\" class=\"alignleft wp-image-39130 size-full\" src=\"https:\/\/www.europesays.com\/es\/wp-content\/uploads\/2025\/09\/WhatsApp-Image-2025-09-17-at-08.33.07-1-e1758197535305.jpeg\" alt=\"\" width=\"733\" height=\"1350\"  \/><\/p>\n<p>Las p\u00e1ginas de esta obra est\u00e1n cargadas de vivencias profundas y sensibles. A lo largo del proceso creativo, Mariana escuch\u00f3 historias que la conmovieron y que, con su pluma, transform\u00f3 en personajes que representan mucho m\u00e1s que sus limitaciones. <strong>\u201cAl componer los personajes, descubr\u00ed que nac\u00edan otras clases de amor: filial, fraternal, el amor propio, amores truncos, correspondidos o sobreprotectores\u201d<\/strong>, detalla. Y afirma con convicci\u00f3n: <strong>\u201cLa palabra escrita sana. Sana al que escribe y a quien la lee\u201d.<\/strong><\/p>\n<p>El mensaje central de la obra est\u00e1 atravesado por la inclusi\u00f3n, la empat\u00eda y el amor como fuerza transformadora. Mariana invita a ver m\u00e1s all\u00e1 de las apariencias: <strong>\u201cBusco ayudar a abrir los ojos. Empezar a ver con los ojos del alma. Reflexionar acerca de qu\u00e9 vemos cuando vemos a personas con alg\u00fan impedimento. Y qu\u00e9 hacemos con nosotros mismos cuando somos los que atravesamos las dificultades\u201d<\/strong>. Cree que si logramos cambiar la mirada, ya no podremos permanecer indiferentes ante el dolor ajeno.<\/p>\n<blockquote>\n<p><strong>\u201cLa palabra escrita sana. Sana al que escribe, y tambi\u00e9n al que se anima a leer. Yo escribo para ayudar a abrir los ojos, pero no los que miran hacia afuera, sino los que nos conectan con el alma. Porque cuando cambiamos la mirada, dejamos de ser indiferentes al dolor ajeno\u201d<\/strong><\/p>\n<\/blockquote>\n<p>El club de los s\u00faper v\u00e1lidos es su tercer libro, pero quiz\u00e1s el m\u00e1s personal. Aunque naci\u00f3 en un taller literario, la obra fue gest\u00e1ndose tambi\u00e9n en su recorrido de vida como docente en aulas diversas. <strong>\u201cMe conect\u00e9 con el dolor ajeno, con lo que falta, con la necesidad de desarrollar la empat\u00eda. Las personas que forman parte del Club me ense\u00f1aron que enfrentar desaf\u00edos es tambi\u00e9n descubrir las mil maneras de fortalecer el esp\u00edritu humano\u201d.<\/strong><\/p>\n<p>Una de las frases que gu\u00eda el libro es <strong>\u201cni perfectos ni imperfectos, personas diversas\u201d<\/strong>, una definici\u00f3n que Mariana adopta como principio vital.<strong> \u201cLo que nos iguala como seres humanos es justamente la diferencia. No hay vara para medir la perfecci\u00f3n. Somos perfectos porque somos obra de Dios\u201d<\/strong>, afirma. Lejos de una mirada condescendiente, su propuesta es desafiante: construir nuestra mejor versi\u00f3n, comparti\u00e9ndonos con otros, sin competir, sin juzgar.<\/p>\n<blockquote>\n<p><strong>\u201cLas personas que inspiraron este libro <\/strong><strong>no se quedaron en el lamento ni en el \u2018no puedo\u2019. <\/strong><strong>Me compartieron sus vidas con generosidad, <\/strong><strong>y me ense\u00f1aron que enfrentar desaf\u00edos <\/strong><strong>es tambi\u00e9n descubrir las mil formas de ser valientes.\u201d<\/strong><\/p>\n<\/blockquote>\n<p><img loading=\"lazy\" decoding=\"async\" class=\"wp-image-39129 size-full alignleft\" src=\"https:\/\/www.europesays.com\/es\/wp-content\/uploads\/2025\/09\/WhatsApp-Image-2025-09-17-at-08.33.08.jpeg\" alt=\"\" width=\"1280\" height=\"841\"  \/><\/p>\n<p>La presentaci\u00f3n del libro ser\u00e1, para Mariana, mucho m\u00e1s que un acto literario. Ser\u00e1 una forma de honrar sus ra\u00edces, su barrio, su comunidad. <strong>\u201cEl grupo lo pens\u00e9 en ese sal\u00f3n. Pertenezco al barrio desde hace m\u00e1s de 30 a\u00f1os, mis hijos crecieron aqu\u00ed. Este es mi legado tambi\u00e9n como vecina\u201d<\/strong>. Por eso, la emoci\u00f3n es doble: la del encuentro con los lectores y la del reencuentro con un lugar lleno de sentido.<\/p>\n<p>\u00bfY qu\u00e9 espera que se lleven quienes lean el libro? <strong>\u201cQue esta historia de inclusi\u00f3n, amor, valent\u00eda y libertad contagie muchas almas. Que nadie se quede solo porque no tenga con qui\u00e9n compartir su vida, sus historias, sus miedos. Que cada lector se anime a creer en su propio poder para trascender la adversidad con valent\u00eda y determinaci\u00f3n\u201d<\/strong>, responde. Mariana no duda: hay luz incluso en los momentos m\u00e1s oscuros.<\/p>\n<p>Con palabras que conmueven y relatos que abrazan, <strong>El club de los s\u00faper v\u00e1lidos<\/strong> propone una revoluci\u00f3n silenciosa, la de mirar con el alma, amar sin barreras y tender puentes all\u00ed donde muchos solo ven muros. Porque, como ella misma afirma, <strong>\u201clo que hacemos con lo que nos toca vivir, es lo que realmente nos hace sentir vivos\u201d.<\/strong><\/p>\n<p><strong>M\u00e1s info:<\/strong> <a href=\"https:\/\/www.instagram.com\/yo_tan_bien_puedo\/\" rel=\"nofollow noopener\" target=\"_blank\">yo_tan_bien_puedo<\/a><\/p>\n<p>        <script async src=\"\/\/www.instagram.com\/embed.js\"><\/script><\/p>\n","protected":false},"excerpt":{"rendered":"Desde peque\u00f1a, Mariana Santini convivi\u00f3 con historias. Las que le contaba su madre, mezcla de cl\u00e1sicos y cuentos&hellip;\n","protected":false},"author":2,"featured_media":123021,"comment_status":"","ping_status":"","sticky":false,"template":"","format":"standard","meta":{"footnotes":""},"categories":[172],"tags":[224,40385,13875,40386,40387,146,147,25,24,40388,40389,225,40390,40391,40392,33234,23],"class_list":{"0":"post-123020","1":"post","2":"type-post","3":"status-publish","4":"format-standard","5":"has-post-thumbnail","7":"category-libros","8":"tag-books","9":"tag-cordoba-cultural","10":"tag-diversidad","11":"tag-el-club-de-los-super-validos","12":"tag-empatia","13":"tag-entertainment","14":"tag-entretenimiento","15":"tag-es","16":"tag-espana","17":"tag-historias-reales","18":"tag-lecturas-que-transforman","19":"tag-libros","20":"tag-libros-que-sanen","21":"tag-mariana-santini","22":"tag-poeta-lugones","23":"tag-presentacion-de-libro","24":"tag-spain"},"share_on_mastodon":{"url":"","error":""},"_links":{"self":[{"href":"https:\/\/www.europesays.com\/es\/wp-json\/wp\/v2\/posts\/123020","targetHints":{"allow":["GET"]}}],"collection":[{"href":"https:\/\/www.europesays.com\/es\/wp-json\/wp\/v2\/posts"}],"about":[{"href":"https:\/\/www.europesays.com\/es\/wp-json\/wp\/v2\/types\/post"}],"author":[{"embeddable":true,"href":"https:\/\/www.europesays.com\/es\/wp-json\/wp\/v2\/users\/2"}],"replies":[{"embeddable":true,"href":"https:\/\/www.europesays.com\/es\/wp-json\/wp\/v2\/comments?post=123020"}],"version-history":[{"count":0,"href":"https:\/\/www.europesays.com\/es\/wp-json\/wp\/v2\/posts\/123020\/revisions"}],"wp:featuredmedia":[{"embeddable":true,"href":"https:\/\/www.europesays.com\/es\/wp-json\/wp\/v2\/media\/123021"}],"wp:attachment":[{"href":"https:\/\/www.europesays.com\/es\/wp-json\/wp\/v2\/media?parent=123020"}],"wp:term":[{"taxonomy":"category","embeddable":true,"href":"https:\/\/www.europesays.com\/es\/wp-json\/wp\/v2\/categories?post=123020"},{"taxonomy":"post_tag","embeddable":true,"href":"https:\/\/www.europesays.com\/es\/wp-json\/wp\/v2\/tags?post=123020"}],"curies":[{"name":"wp","href":"https:\/\/api.w.org\/{rel}","templated":true}]}}