{"id":123024,"date":"2025-09-18T12:36:15","date_gmt":"2025-09-18T12:36:15","guid":{"rendered":"https:\/\/www.europesays.com\/es\/123024\/"},"modified":"2025-09-18T12:36:15","modified_gmt":"2025-09-18T12:36:15","slug":"chayanne-emocionadisimo-por-la-nominacion-de-su-hija-isadora-al-grammy-latino","status":"publish","type":"post","link":"https:\/\/www.europesays.com\/es\/123024\/","title":{"rendered":"Chayanne, emocionad\u00edsimo por la nominaci\u00f3n de su hija Isadora al Grammy Latino"},"content":{"rendered":"<p id=\"eYwQaVM2QjF\" data-wc=\"64\">Es\u00a0tiempo de vals para <a class=\"hm-link ho-link\" href=\"https:\/\/www.hola.com\/actualidad\/20230209226023\/chayanne-familia-quien-es-quien\/\" data-mrf-recirculation=\"article-body-link\" rel=\"nofollow noopener\" target=\"_blank\">Chayanne y su familia<\/a>. El l\u00edder boricua no puede estar m\u00e1s emocionado al saber que <strong>su hija<\/strong> <strong>Isadora ha sido nominada al Grammy Latino<\/strong> en la categor\u00eda de Mejor Artista Nuevo. \u00a0La Academia Latina de la Grabaci\u00f3n dio a conocer hace unas horas a los nominados de esta edici\u00f3n e instantes despu\u00e9s Isadora compart\u00eda su emoci\u00f3n con sus seguidores.\u00a0<\/p>\n<p> <img src=\"https:\/\/www.europesays.com\/es\/wp-content\/uploads\/2025\/09\/16e9924e338f-isadora-ig5.jpg\"   width=\"819\" height=\"1024\" loading=\"lazy\" decoding=\"async\" alt=\"Isadora Figueroa, la hija de Chayanne, nominada a un Latin Grammy\" fetchpriority=\"auto\" class=\"image ho-image\"\/>\u00a9 isadorafigueroaIsadora Figueroa, la hija de Chayanne, nominada a un Latin Grammy<\/p>\n<p id=\"eqLQW_Pf8Uu\" data-wc=\"142\">\u00abIntento poner en palabras lo que siento\u2026 pero todav\u00eda no me lo creo\u2026 y cada vez que lo pienso, se me aguan los ojos. C\u00f3mo le explico a <a class=\"hm-link ho-link\" href=\"https:\/\/www.hola.com\/actualidad\/20200621170576\/chayanne-hija-canta\/\" data-mrf-recirculation=\"article-body-link\" rel=\"nofollow noopener\" target=\"_blank\">la nenita de 6 a\u00f1os que escrib\u00eda canciones en su cuarto<\/a>, que hoy est\u00e1 nominada a un Latin Grammy. Queeeee.<strong>\u00a0H<\/strong><strong>e so\u00f1ado toda mi vida con hacer m\u00fasica y dar amor\u2026 y hoy ese sue\u00f1o se est\u00e1 cumpliendo<\/strong>. Gracias Dios, gracias m\u00fasica, gracias familia, gracias a cada persona que he conocido en este camino y gracias a ustedes por sentir conmigo cada canci\u00f3n, por creer en m\u00ed, y por amar conmigo\u00bb, \u00a0escribi\u00f3 la joven artista, de 24 a\u00f1os. <strong>\u00abY felicidades a todos los dem\u00e1s nominados.<\/strong> Los admiro much\u00edsimo y gracias por hacer la m\u00fasica que me inspira cada d\u00eda\u00bb, a\u00f1adi\u00f3.<strong>\u00a0<\/strong>Entre<strong>\u00a0<\/strong>los nominados est\u00e1n<strong>\u00a0los espa\u00f1oles Aitana, Dani Mart\u00edn, Alejandro Sanz, Leiva y\u00a0<\/strong><strong>Judeline.<\/strong><\/p>\n<p> <img src=\"https:\/\/www.europesays.com\/es\/wp-content\/uploads\/2025\/09\/03972337b916-isadora-ig4.jpg\"   width=\"596\" height=\"1024\" loading=\"lazy\" decoding=\"async\" alt=\"Chayanne con su hija, Isadora, cuando era ni\u00f1a\" fetchpriority=\"auto\" class=\"image ho-image\"\/>\u00a9 chayanneChayanne con su hija, Isadora, cuando era ni\u00f1a<\/p>\n<p id=\"eNJrOcQ0Pi\" data-wc=\"145\">Una emoci\u00f3n compartida por su familia. <strong>Isadora es la hija menor de Chayanne y Marilisa Maronesse.<\/strong> Adem\u00e1s de &#8216;Isa&#8217;, como la llaman sus familiares de cari\u00f1o, el matrimonio tiene otro hijo, Lorenzo, que es el vivo retrato del int\u00e9rprete El cantante de Torero dedicaba estas palabras a su hija Isadora, aquella ni\u00f1a con la que bail\u00f3\u00a0Tiempo de Vals\u00a0en la fiesta de su 15 cumplea\u00f1os. <strong>\u00abMi ni\u00f1a bonita me siento orgulloso\u00a0<\/strong>por tu nominaci\u00f3n al Grammy, e<strong>s algo que se gana con esfuerzo y dedicaci\u00f3n<\/strong> y eso es lo que veo en ti todos los d\u00edas, se hace camino al andar, \u00a1sigue adelante!\u00bb, escribi\u00f3 junto a una preciosa fotograf\u00eda en la que aparecen cuando era ni\u00f1a.<br \/>Lele Pons, prima de Isadora, tambi\u00e9n comparti\u00f3 su felicidd.- \u00abMi beb\u00e9, hermana, mi persona favorita est\u00e1 nominada para los Latin Grammys. \u00a1Tan orgullosa de ti, Isa! Te amamos\u00bb. \u00ab<\/p>\n<p> <img src=\"https:\/\/www.europesays.com\/es\/wp-content\/uploads\/2025\/09\/6d08f4ba7179-isadora-ig3.jpg\"   width=\"1024\" height=\"576\" loading=\"lazy\" decoding=\"async\" alt=\"Chayanne el d\u00eda de la fiesta del 15 cumplea\u00f1os de su hija Isadora\" fetchpriority=\"auto\" class=\"image ho-image\"\/>\u00a9 isadorafigueroaChayanne el d\u00eda de la fiesta del 15 cumplea\u00f1os de su hija Isadora<\/p>\n<p id=\"ecLpJ-5Gkz\" data-wc=\"102\">Isadora Figueroa<strong>\u00a0comenz\u00f3 su carrera musical en diciembre de 2022\u00a0<\/strong>con el lanzamiento del tema\u00a0HBD,\u00a0al que luego le siguieron Dime Qu\u00e9 Hago y\u00a0Ag\u00fcita Con Sal, adem\u00e1s de <strong>colaboraciones con artistas como Shakira<\/strong> en el videoclip de Soltera.\u00a0 La joven inici\u00f3 su carrera art\u00edstica despu\u00e9s de graduarse con honores en la Escuela de M\u00fasica Frost, de la Universidad de Miami, donde estudi\u00f3 composici\u00f3n musical. \u00a0 A pesar de que Chayanne la brinda apoyo profesional, \u00a0Isadora busca consolidar una carrera lejos de la sombra de su padre, creando su propia identidad y proyect\u00e1ndose como una de las j\u00f3venes promesas del pop latino.\u00a0<\/p>\n<p> <img src=\"https:\/\/www.europesays.com\/es\/wp-content\/uploads\/2025\/09\/dcbcba9dac43-isadora-ig2.jpg\"   width=\"1024\" height=\"1024\" loading=\"lazy\" decoding=\"async\" alt=\"Chayanne con su mujer y su hija el d\u00eda de su graduaci\u00f3n\" fetchpriority=\"auto\" class=\"image ho-image\"\/>\u00a9 isadorafigueroaChayanne con su mujer y su hija el d\u00eda de su graduaci\u00f3n<\/p>\n<p> <img src=\"https:\/\/www.europesays.com\/es\/wp-content\/uploads\/2025\/09\/652a678c853a-isadora-ig.jpg\"   width=\"1024\" height=\"1024\" loading=\"lazy\" decoding=\"async\" alt=\"Chayanne con su mujer y sus hijos\" fetchpriority=\"auto\" class=\"image ho-image\"\/>\u00a9 isadorafigueroaChayanne con su mujer, Marilisa Maronesse, y sus hijos, Lorenzo e Isadora<\/p>\n<p class=\"\" id=\"ex0Ysx6m4I\" data-wc=\"86\">\u00a0Para el artista no hay nada m\u00e1s maravilloso que ver crecer a sus hijos. \u00abLo de ser padre ha sido una bendici\u00f3n. <strong>Tengo dos hijos maravillosos<\/strong>. Isadora est\u00e1 en la m\u00fasica y haciendo sus canciones, componiendo, que de eso se gradu\u00f3\u00bb, confes\u00f3 en una entrevista concedida a Despierta Am\u00e9rica.\u00a0 Por su parte, <a class=\"hm-link ho-link\" href=\"https:\/\/www.hola.com\/actualidad\/20190417140731\/chayanne-abdominales-50-anos-belleza\/\" data-mrf-recirculation=\"article-body-link\" rel=\"nofollow noopener\" target=\"_blank\">su hijo Lorenzo<\/a> ha encontrado su camino en la industria de la moda como <strong>modelo y dise\u00f1ador<\/strong>, presentando su propia firma llamada Stamos Bien en la prestigiosa Semana de la Moda de Nueva York.\u00a0<\/p>\n","protected":false},"excerpt":{"rendered":"Es\u00a0tiempo de vals para Chayanne y su familia. El l\u00edder boricua no puede estar m\u00e1s emocionado al saber&hellip;\n","protected":false},"author":2,"featured_media":123025,"comment_status":"","ping_status":"","sticky":false,"template":"","format":"standard","meta":{"footnotes":""},"categories":[170],"tags":[517,40119,146,147,25,24,184,185,23],"class_list":{"0":"post-123024","1":"post","2":"type-post","3":"status-publish","4":"format-standard","5":"has-post-thumbnail","7":"category-musica","8":"tag-actualidad","9":"tag-chayanne","10":"tag-entertainment","11":"tag-entretenimiento","12":"tag-es","13":"tag-espana","14":"tag-music","15":"tag-musica","16":"tag-spain"},"share_on_mastodon":{"url":"","error":""},"_links":{"self":[{"href":"https:\/\/www.europesays.com\/es\/wp-json\/wp\/v2\/posts\/123024","targetHints":{"allow":["GET"]}}],"collection":[{"href":"https:\/\/www.europesays.com\/es\/wp-json\/wp\/v2\/posts"}],"about":[{"href":"https:\/\/www.europesays.com\/es\/wp-json\/wp\/v2\/types\/post"}],"author":[{"embeddable":true,"href":"https:\/\/www.europesays.com\/es\/wp-json\/wp\/v2\/users\/2"}],"replies":[{"embeddable":true,"href":"https:\/\/www.europesays.com\/es\/wp-json\/wp\/v2\/comments?post=123024"}],"version-history":[{"count":0,"href":"https:\/\/www.europesays.com\/es\/wp-json\/wp\/v2\/posts\/123024\/revisions"}],"wp:featuredmedia":[{"embeddable":true,"href":"https:\/\/www.europesays.com\/es\/wp-json\/wp\/v2\/media\/123025"}],"wp:attachment":[{"href":"https:\/\/www.europesays.com\/es\/wp-json\/wp\/v2\/media?parent=123024"}],"wp:term":[{"taxonomy":"category","embeddable":true,"href":"https:\/\/www.europesays.com\/es\/wp-json\/wp\/v2\/categories?post=123024"},{"taxonomy":"post_tag","embeddable":true,"href":"https:\/\/www.europesays.com\/es\/wp-json\/wp\/v2\/tags?post=123024"}],"curies":[{"name":"wp","href":"https:\/\/api.w.org\/{rel}","templated":true}]}}