{"id":123026,"date":"2025-09-18T12:37:06","date_gmt":"2025-09-18T12:37:06","guid":{"rendered":"https:\/\/www.europesays.com\/es\/123026\/"},"modified":"2025-09-18T12:37:06","modified_gmt":"2025-09-18T12:37:06","slug":"matt-reeves-asegura-que-the-batman-parte-2-contara-con-un-villano-nunca-antes-visto-en-las-peliculas-y-los-fans-tienen-dos-candidatos-clarisimos","status":"publish","type":"post","link":"https:\/\/www.europesays.com\/es\/123026\/","title":{"rendered":"Matt Reeves asegura que The Batman Parte 2 contar\u00e1 con un villano nunca antes visto en las pel\u00edculas, y los fans tienen dos candidatos clar\u00edsimos"},"content":{"rendered":"<p>Quedan todav\u00eda m\u00e1s de dos a\u00f1os para que llegue a los cines de todo el mundo <strong>The Batman Parte 2<\/strong>, una de las cintas de superh\u00e9roes m\u00e1s esperadas de DC Studios que, a pesar de no formar parte del universo de Gunn, est\u00e1 generando un hype tremendo debido a todas las novedades que estamos recibiendo de la pel\u00edcula.<\/p>\n<p>Y es que no solo apunta a ser una de las mejores pel\u00edculas del Hombre Murci\u00e9lago, sino que tambi\u00e9n presentar\u00e1 a un <strong>nuevo villano que jam\u00e1s hemos visto en la gran pantalla<\/strong>. As\u00ed lo confirm\u00f3 el propio Matt Reeves, director de la cinta, a trav\u00e9s de una breve entrevista con el periodista <a rel=\"noopener, noreferrer nofollow\" href=\"https:\/\/www.youtube.com\/watch?v=j9mdvzqLT_Y\" target=\"_blank\">Josh Horowitz<\/a>.<\/p>\n<p>Esta respuesta, como era de esperar, ha provocado que una enorme cantidad de fans hayan comenzado a explorar qu\u00e9 tipo de villanos que a\u00fan no han tenido aparici\u00f3n en una pel\u00edcula encajan con las caracter\u00edsticas de este universo en concreto y, aunque hemos visto muchas respuestas, hay dos que han sonado bastante m\u00e1s que el resto.<\/p>\n<p>    <a href=\"https:\/\/www.vidaextra.com\/industria\/he-probado-nueva-family-app-playstation-durante-semana-muy-util-esta-ha-sido-mi-experiencia\" class=\"pivot-outboundlink\" data-vars-post-title=\"He probado la nueva Family App de PlayStation durante una semana y es muy \u00fatil. Esta ha sido mi experiencia \" rel=\"nofollow noopener\" target=\"_blank\"><br \/>\n     <img loading=\"lazy\" decoding=\"async\" alt=\"He probado la nueva Family App de PlayStation durante una semana y es muy \u00fatil. Esta ha sido mi experiencia \" width=\"375\" height=\"142\" src=\"https:\/\/i.blogs.es\/4c2f5b\/god-of-war\/375_142.webp\" onerror=\"this.src=\" https:=\"\"\/><br \/>\n    <\/a><\/p>\n<p>Uno de ellos es <strong>Hush<\/strong>, conocido como <strong>Silencio <\/strong>en Espa\u00f1a, un joven llamado Tommy Elliott que fue amigo de Bruce Wayne desde peque\u00f1o y que, con el paso del tiempo, acab\u00f3 volvi\u00e9ndose loco, llegando incluso a asesinar a sus padres para cobrar la herencia y sentir envidia por Bruce Wayne, lo que lo llev\u00f3 a convertirse en villano. De hecho, en algunas historias su obsesi\u00f3n por Bruce es tal que incluso se opera la cara para parecerse a \u00e9l.<\/p>\n<p>Por otro lado, tenemos un nombre que ha rondado una y otra vez en los \u00faltimos a\u00f1os: el <strong>Tribunal de los <\/strong><strong>B\u00fahos<\/strong>, una sociedad secreta creada por las familias m\u00e1s poderosas de toda Gotham que llevaba controlando la ciudad en secreto incluso antes de la aparici\u00f3n de los Wayne. No sabemos a\u00fan qu\u00e9 villano aparecer\u00e1, pero, conociendo al director, estamos seguros de que, independientemente de su elecci\u00f3n, veremos una pel\u00edcula tremendamente detectivesca.<\/p>\n<p>En VidaExtra | <a class=\"text-outboundlink\" href=\"https:\/\/www.vidaextra.com\/comics\/todo-red-hood-gretchen-felker-martin-jeff-spokes-retorno-protegido-peligroso-a-comics-dc\" data-vars-post-title=\"Todo sobre Red Hood, de Gretchen Felker-Martin y Jeff Spokes: el retorno del protegido m\u00e1s peligroso de Batman a los c\u00f3mics de DC\" data-vars-post-url=\"https:\/\/www.vidaextra.com\/comics\/todo-red-hood-gretchen-felker-martin-jeff-spokes-retorno-protegido-peligroso-a-comics-dc\" target=\"_blank\" rel=\"nofollow noopener\">Todo sobre Red Hood, de Gretchen Felker-Martin y Jeff Spokes: el retorno del protegido m\u00e1s peligroso de Batman a los c\u00f3mics de DC<\/a><\/p>\n<p>En VidaExtra | <a class=\"text-outboundlink\" href=\"https:\/\/www.vidaextra.com\/comics\/que-batman-teme-a-plastic-man-uno-heroes-divertidos-dc-comics\" data-vars-post-title=\"Por qu\u00e9 Batman teme tanto a Plastic Man, uno de los h\u00e9roes m\u00e1s bobos (y divertidos) de DC Comics\" data-vars-post-url=\"https:\/\/www.vidaextra.com\/comics\/que-batman-teme-a-plastic-man-uno-heroes-divertidos-dc-comics\" target=\"_blank\" rel=\"nofollow noopener\">Por qu\u00e9 Batman teme tanto a Plastic Man, uno de los h\u00e9roes m\u00e1s bobos (y divertidos) de DC Comics<\/a><\/p>\n","protected":false},"excerpt":{"rendered":"Quedan todav\u00eda m\u00e1s de dos a\u00f1os para que llegue a los cines de todo el mundo The Batman&hellip;\n","protected":false},"author":2,"featured_media":123027,"comment_status":"","ping_status":"","sticky":false,"template":"","format":"standard","meta":{"footnotes":""},"categories":[169],"tags":[177,146,147,25,24,176,175,23],"class_list":{"0":"post-123026","1":"post","2":"type-post","3":"status-publish","4":"format-standard","5":"has-post-thumbnail","7":"category-cine","8":"tag-cine","9":"tag-entertainment","10":"tag-entretenimiento","11":"tag-es","12":"tag-espana","13":"tag-film","14":"tag-movies","15":"tag-spain"},"share_on_mastodon":{"url":"","error":""},"_links":{"self":[{"href":"https:\/\/www.europesays.com\/es\/wp-json\/wp\/v2\/posts\/123026","targetHints":{"allow":["GET"]}}],"collection":[{"href":"https:\/\/www.europesays.com\/es\/wp-json\/wp\/v2\/posts"}],"about":[{"href":"https:\/\/www.europesays.com\/es\/wp-json\/wp\/v2\/types\/post"}],"author":[{"embeddable":true,"href":"https:\/\/www.europesays.com\/es\/wp-json\/wp\/v2\/users\/2"}],"replies":[{"embeddable":true,"href":"https:\/\/www.europesays.com\/es\/wp-json\/wp\/v2\/comments?post=123026"}],"version-history":[{"count":0,"href":"https:\/\/www.europesays.com\/es\/wp-json\/wp\/v2\/posts\/123026\/revisions"}],"wp:featuredmedia":[{"embeddable":true,"href":"https:\/\/www.europesays.com\/es\/wp-json\/wp\/v2\/media\/123027"}],"wp:attachment":[{"href":"https:\/\/www.europesays.com\/es\/wp-json\/wp\/v2\/media?parent=123026"}],"wp:term":[{"taxonomy":"category","embeddable":true,"href":"https:\/\/www.europesays.com\/es\/wp-json\/wp\/v2\/categories?post=123026"},{"taxonomy":"post_tag","embeddable":true,"href":"https:\/\/www.europesays.com\/es\/wp-json\/wp\/v2\/tags?post=123026"}],"curies":[{"name":"wp","href":"https:\/\/api.w.org\/{rel}","templated":true}]}}