{"id":123035,"date":"2025-09-18T12:42:09","date_gmt":"2025-09-18T12:42:09","guid":{"rendered":"https:\/\/www.europesays.com\/es\/123035\/"},"modified":"2025-09-18T12:42:09","modified_gmt":"2025-09-18T12:42:09","slug":"transformacion-tecnologica-y-la-urgencia-climatica-y-social-temas-centrales-de-esg-spain-2025-medio-ambiente-buen-gobierno-rse-compromiso-rse","status":"publish","type":"post","link":"https:\/\/www.europesays.com\/es\/123035\/","title":{"rendered":"Transformaci\u00f3n tecnol\u00f3gica y la urgencia clim\u00e1tica y social, temas centrales de \u2018ESG Spain 2025\u2019 (Medio Ambiente-Buen Gobierno-RSE) :: Compromiso RSE"},"content":{"rendered":"<p><strong>Germ\u00e1n Granda, director general de For\u00e9tica<\/strong>: \u00abEn el contexto de incertidumbre geopol\u00edtica, clim\u00e1tica y social, la sostenibilidad se convierte en una estrategia clave para garantizar futuro y competitividad.\u00bb<\/p>\n<p><strong>Soledad Nu\u00f1ez, subgobernadora del Banco de Espa\u00f1a<\/strong>: \u00abLa gobernanza es clave para la buena gesti\u00f3n de las entidades. Por ello, el Consejo de Administraci\u00f3n es el responsable \u00faltimo de integrar la estrategia general de los riesgos derivados del cambio clim\u00e1tico y deterioro medioambiental seg\u00fan su materialidad. Asimismo, esperamos que el Consejo incorpore estos riesgos de manera adecuada a la organizaci\u00f3n de la entidad.\u00bb<\/p>\n<p><strong>Rafael Garc\u00eda, viceconsejero de Medio Ambiente, Agricultura y Ordenaci\u00f3n del Territorio de la Comunidad de Madrid<\/strong>: \u00abLa Comunidad de Madrid trabaja en un modelo que combina desarrollo econ\u00f3mico con sostenibilidad, con la mitad de su territorio protegido y medidas para mejorar la calidad del aire y avanzar en descarbonizaci\u00f3n y movilidad el\u00e9ctrica. Este enfoque se apoya en la colaboraci\u00f3n p\u00fablico-privada y en la innovaci\u00f3n tecnol\u00f3gica para impulsar soluciones m\u00e1s eficientes y responder a los retos ambientales.\u00bb<\/p>\n<p>Entre las personalidades destacadas que intervinieron este a\u00f1o en el foro se encuentran Kate Frisby, analista legal de la Comisi\u00f3n Europea; Alessandra Fajardo, directora de Sostenibilidad del Consejo Empresarial Brasile\u00f1o para el Desarrollo Sostenible (CEBDS); Gefei Yin, fundador de GoldenBee; Filippo Veglio, Head of Social &amp; Environmental Sustainability de la UEFA; Miriam Zaitegui, directora del Programa de Espa\u00f1a de la European Climate Foundation (ECF); Ko Barret, secretaria general adjunta de la Organizaci\u00f3n Meteorol\u00f3gica Mundial (OMM); Dan Ioschpe, Champion de Alto Nivel de la COP30; Eli Pinedo, medallista ol\u00edmpica de balonmano y embajadora de Healthy cities y Alberto Granados, presidente de For\u00e9tica y del Consejo Empresarial Espa\u00f1ol para el Desarrollo Sostenible.<\/p>\n<p>En el evento tambi\u00e9n participaron <strong>altos representantes de compa\u00f1\u00edas que analizaron las tendencias presentes y futuras m\u00e1s importantes en los \u00e1mbitos social, ambiental y de buen gobierno<\/strong>, con el prop\u00f3sito de establecer las bases para alcanzar un futuro sostenible. Entre ellos: Javier Bardaj\u00ed, consejero delegado de <strong>Atresmedia<\/strong>; Severiano Solana, director de Estrategia y Seguimiento de Sostenibilidad en <strong>CaixaBank<\/strong>; Dorleta Vicente, directora de Asuntos Legales y ESG de Ecoembes; Daniel Fern\u00e1ndez, director de ESG, Comunicaci\u00f3n, Regulaci\u00f3n y RR. II. de <strong>ENGIE<\/strong>; Alberto Zamora, cofundador y CEO de <strong>Osapiens<\/strong>; Patricia Due\u00f1as, Global Lead Circular Economy de <strong>Iberostar<\/strong>; Catherine Cummings, directora de Sostenibilidad y RR. II. de <strong>Sanitas<\/strong>; o \u00c1ngel P\u00e9rez, fundador y socio director de <strong>Transcendent<\/strong>. Todos ellos compartieron c\u00f3mo est\u00e1n integrando la sostenibilidad en sus modelos de negocio, acelerando la transici\u00f3n energ\u00e9tica y clim\u00e1tica, y generando impacto positivo en el \u00e1mbito social y econ\u00f3mico.<\/p>\n<p>Temas clave como el <strong>papel de la inteligencia artificial en el desarrollo sostenible<\/strong>, el <strong>impacto de la innovaci\u00f3n tecnol\u00f3gica en la trazabilidad y la transparencia<\/strong>, y la<strong> necesidad de construir ciudades m\u00e1s saludables y equitativas a trav\u00e9s de la colaboraci\u00f3n p\u00fablico-privada<\/strong> fueron los que m\u00e1s se analizaron en el foro. El evento fue clausurado por Antonio Budia, presidente de la Junta Directiva de For\u00e9tica.<\/p>\n<p><strong>Su Majestad el Rey Felipe VI ha presidido el Comit\u00e9 de Honor de esta 13\u00aa edici\u00f3n<\/strong> de ESG Spain, integrado por los presidentes y CEOs que componen el Consejo Empresarial Espa\u00f1ol para el Desarrollo Sostenible, junto a altos representantes institucionales.<\/p>\n","protected":false},"excerpt":{"rendered":"Germ\u00e1n Granda, director general de For\u00e9tica: \u00abEn el contexto de incertidumbre geopol\u00edtica, clim\u00e1tica y social, la sostenibilidad se&hellip;\n","protected":false},"author":2,"featured_media":123036,"comment_status":"","ping_status":"","sticky":false,"template":"","format":"standard","meta":{"footnotes":""},"categories":[80],"tags":[82,95,94,25,24,23],"class_list":{"0":"post-123035","1":"post","2":"type-post","3":"status-publish","4":"format-standard","5":"has-post-thumbnail","7":"category-economia","8":"tag-business","9":"tag-economia","10":"tag-economy","11":"tag-es","12":"tag-espana","13":"tag-spain"},"share_on_mastodon":{"url":"","error":""},"_links":{"self":[{"href":"https:\/\/www.europesays.com\/es\/wp-json\/wp\/v2\/posts\/123035","targetHints":{"allow":["GET"]}}],"collection":[{"href":"https:\/\/www.europesays.com\/es\/wp-json\/wp\/v2\/posts"}],"about":[{"href":"https:\/\/www.europesays.com\/es\/wp-json\/wp\/v2\/types\/post"}],"author":[{"embeddable":true,"href":"https:\/\/www.europesays.com\/es\/wp-json\/wp\/v2\/users\/2"}],"replies":[{"embeddable":true,"href":"https:\/\/www.europesays.com\/es\/wp-json\/wp\/v2\/comments?post=123035"}],"version-history":[{"count":0,"href":"https:\/\/www.europesays.com\/es\/wp-json\/wp\/v2\/posts\/123035\/revisions"}],"wp:featuredmedia":[{"embeddable":true,"href":"https:\/\/www.europesays.com\/es\/wp-json\/wp\/v2\/media\/123036"}],"wp:attachment":[{"href":"https:\/\/www.europesays.com\/es\/wp-json\/wp\/v2\/media?parent=123035"}],"wp:term":[{"taxonomy":"category","embeddable":true,"href":"https:\/\/www.europesays.com\/es\/wp-json\/wp\/v2\/categories?post=123035"},{"taxonomy":"post_tag","embeddable":true,"href":"https:\/\/www.europesays.com\/es\/wp-json\/wp\/v2\/tags?post=123035"}],"curies":[{"name":"wp","href":"https:\/\/api.w.org\/{rel}","templated":true}]}}