{"id":123037,"date":"2025-09-18T12:43:09","date_gmt":"2025-09-18T12:43:09","guid":{"rendered":"https:\/\/www.europesays.com\/es\/123037\/"},"modified":"2025-09-18T12:43:09","modified_gmt":"2025-09-18T12:43:09","slug":"tanques-y-aviones-israelies-bombardean-ciudad-de-gaza-y-el-exodo-de-palestinos-continua","status":"publish","type":"post","link":"https:\/\/www.europesays.com\/es\/123037\/","title":{"rendered":"Tanques y aviones israel\u00edes bombardean Ciudad de Gaza y el \u00e9xodo de palestinos contin\u00faa"},"content":{"rendered":"<p>    <img src=\"https:\/\/www.europesays.com\/es\/wp-content\/uploads\/2025\/09\/2025-09-18T123A083A01Z-90027909.jpg\" width=\"1024\" height=\"682\" alt=\"\" loading=\"eager\" decoding=\"sync\" fetchpriority=\"high\"\/><\/p>\n<p>            afp_tickers        <\/p>\n<p>        Este contenido fue publicado en    <\/p>\n<p>        18 septiembre 2025 &#8211; 14:08\n<\/p>\n<p>Tanques y aviones de combate israel\u00edes contin\u00faan bombardeando este jueves Ciudad de Gaza, obligando a sus habitantes a huir en masa hacia el sur del territorio palestino sumido en casi dos a\u00f1os de guerra.<\/p>\n<p>Israel lanz\u00f3 el martes una gran ofensiva terrestre y a\u00e9rea sobre la mayor urbe de la Franja de Gaza con el fin de \u00abeliminar\u00bb al movimiento islamista Ham\u00e1s, cuyo ataque el 7 de octubre de 2023 en suelo israel\u00ed desencaden\u00f3 esta contienda.<\/p>\n<p>El conflicto entre Israel y Ham\u00e1s ha provocado una cat\u00e1strofe humanitaria y devastado el peque\u00f1o enclave.<\/p>\n<p>Una fila ininterrumpida de palestinos que huyen de Ciudad de Gaza avanza hacia el sur del enclave a pie o en carretas tiradas por burros, llevando consigo sus pocas pertenencias, seg\u00fan periodistas de AFP.<\/p>\n<p>Pero otros, como Aya Ahmed, de 32 a\u00f1os, no saben a donde ir, o no pueden permitirse pagar los elevados gastos de transporte.<\/p>\n<p>\u00abEl mundo no entiende lo que est\u00e1 pasando. Ellos [Israel] quieren que evacuemos hacia el sur, pero \u00bfd\u00f3nde vamos a vivir? No tenemos carpas, ni transporte, ni dinero\u00bb, dice Ahmed, que se refugia junto a 13 familiares en la ciudad, bajo \u00abbombardeos incesantes\u00bb.<\/p>\n<p>Los palestinos afirman que el costo del viaje al sur se ha disparado, llegando en algunos casos a superar los 1.000 d\u00f3lares.<\/p>\n<p>Los militares israel\u00edes anunciaron la apertura de \u00abuna ruta de paso temporal a trav\u00e9s de la carretera Salah al Din\u00bb, que atraviesa de norte a sur el centro de la Franja.<\/p>\n<p>No obstante, este corredor permanecer\u00e1 abierto solo hasta el viernes al mediod\u00eda (09H00 GMT). Seg\u00fan estimaciones de la ONU, alrededor de un mill\u00f3n de personas viv\u00edan a finales de agosto en Ciudad de Gaza y sus alrededores.<\/p>\n<p>\u2013 \u00abGenocidio en Gaza\u00bb \u2013<\/p>\n<p>\u00abLa incursi\u00f3n militar y las \u00f3rdenes de evacuaci\u00f3n en el norte de Gaza est\u00e1n provocando nuevas oleadas de desplazamientos, lo que obliga a familias traumatizadas a refugiarse en una zona cada vez m\u00e1s reducida e inadecuada para la dignidad humana\u00bb, denunci\u00f3 en X el director de la Organizaci\u00f3n Mundial de la Salud, Tedros Adhanom Ghebreyesus.<\/p>\n<p>\u00abLos hospitales, ya desbordados, est\u00e1n al borde del colapso, ya que la escalada de violencia bloquea el acceso e impide a la OMS entregar suministros vitales\u00bb, agreg\u00f3.<\/p>\n<p>Seg\u00fan fuentes hospitalarias, tres ni\u00f1os figuran entre las 12 personas reportadas muertas en los bombardeos de la pasada noche.<\/p>\n<p>La Defensa Civil local, que opera bajo la autoridad de Ham\u00e1s, inform\u00f3 de al menos 64 muertos, 41 de ellos en Ciudad de Gaza el mi\u00e9rcoles.<\/p>\n<p>Las restricciones a los medios de comunicaci\u00f3n en Gaza y las dificultades para acceder a muchas zonas impiden a la AFP verificar de forma independiente los detalles proporcionados por ambas partes.<\/p>\n<p>La Comisi\u00f3n Internacional Independiente de Investigaci\u00f3n de la ONU, que no habla en nombre de Naciones Unidas, afirm\u00f3 el martes que \u00abse est\u00e1 produciendo un genocidio en Gaza\u00bb. Israel rechaz\u00f3 \u00abcateg\u00f3ricamente\u00bb ese informe \u00absesgado y mentiroso\u00bb.<\/p>\n<p>Espa\u00f1a anunci\u00f3 que investigar\u00e1 las \u00abgraves violaciones\u00bb de derechos humanos cometidas en Gaza para cooperar con la Corte Penal Internacional, que emiti\u00f3 \u00f3rdenes de arresto contra funcionarios israel\u00edes por presuntos cr\u00edmenes de guerra<\/p>\n<p>\u2013 \u00abNo queremos morir\u00bb \u2013<\/p>\n<p>\u00ab\u00a1Ya basta, queremos ser libres! \u00a1Queremos vivir, no queremos morir!\u00bb, afirma desesperado Mohamed al Danf, habitante de Ciudad de Gaza.<\/p>\n<p>La ofensiva israel\u00ed en Ciudad de Gaza ha sido ampliamente condenada en el extranjero, pero tambi\u00e9n en Israel, donde gran parte de la poblaci\u00f3n est\u00e1 preocupada por los rehenes secuestrados en octubre de 2023 por Ham\u00e1s.<\/p>\n<p>Familiares de los rehenes protestaron el mi\u00e9rcoles frente a la casa del primer ministro israel\u00ed, Benjamin Netanyahu, en Jerusal\u00e9n contra la ofensiva.<\/p>\n<p>\u00abMi hijo se est\u00e1 muriendo all\u00ed. En lugar de traerlo de vuelta, has hecho exactamente lo contrario: has hecho todo lo posible para impedir su regreso\u00bb, dijo -dirigi\u00e9ndose a Netanyahu- Ofir Braslavski, cuyo hijo Rom est\u00e1 cautivo en Gaza.<\/p>\n<p>Durante su ataque en octubre de 2023, combatientes islamistas mataron en Israel a 1.219 personas, la mayor\u00eda de ellas civiles, seg\u00fan un recuento de la AFP basado en fuentes oficiales.<\/p>\n<p>De las 251 personas secuestradas ese d\u00eda, 47 siguen cautivas en Gaza, 25 de las cuales han sido declaradas muertas por el ej\u00e9rcito israel\u00ed.<\/p>\n<p>La campa\u00f1a de represalia israel\u00ed ha matado al menos a 65.141 palestinos en la Franja de Gaza, tambi\u00e9n en su mayor parte civiles, seg\u00fan cifras del Ministerio de Salud de ese territorio gobernado por Ham\u00e1s, que la ONU considera fiables.<\/p>\n<p>bur-jd\/kir\/meb\/pb<\/p>\n","protected":false},"excerpt":{"rendered":"afp_tickers Este contenido fue publicado en 18 septiembre 2025 &#8211; 14:08 Tanques y aviones de combate israel\u00edes contin\u00faan&hellip;\n","protected":false},"author":2,"featured_media":123038,"comment_status":"","ping_status":"","sticky":false,"template":"","format":"standard","meta":{"footnotes":""},"categories":[42],"tags":[17,18,636,13,14,11,61,62,63,64,19,20,9,10,15,16,90,12,21,22,65,66,67],"class_list":{"0":"post-123037","1":"post","2":"type-post","3":"status-publish","4":"format-standard","5":"has-post-thumbnail","7":"category-internacional","8":"tag-breaking-news","9":"tag-breakingnews","10":"tag-conflict","11":"tag-featured-news","12":"tag-featurednews","13":"tag-headlines","14":"tag-internacional","15":"tag-international","16":"tag-international-news","17":"tag-internationalnews","18":"tag-latest-news","19":"tag-latestnews","20":"tag-news","21":"tag-noticias","22":"tag-noticias-destacadas","23":"tag-noticiasdestacadas","24":"tag-ticker","25":"tag-titulares","26":"tag-ultimas-noticias","27":"tag-ultimasnoticias","28":"tag-world","29":"tag-world-news","30":"tag-worldnews"},"share_on_mastodon":{"url":"","error":""},"_links":{"self":[{"href":"https:\/\/www.europesays.com\/es\/wp-json\/wp\/v2\/posts\/123037","targetHints":{"allow":["GET"]}}],"collection":[{"href":"https:\/\/www.europesays.com\/es\/wp-json\/wp\/v2\/posts"}],"about":[{"href":"https:\/\/www.europesays.com\/es\/wp-json\/wp\/v2\/types\/post"}],"author":[{"embeddable":true,"href":"https:\/\/www.europesays.com\/es\/wp-json\/wp\/v2\/users\/2"}],"replies":[{"embeddable":true,"href":"https:\/\/www.europesays.com\/es\/wp-json\/wp\/v2\/comments?post=123037"}],"version-history":[{"count":0,"href":"https:\/\/www.europesays.com\/es\/wp-json\/wp\/v2\/posts\/123037\/revisions"}],"wp:featuredmedia":[{"embeddable":true,"href":"https:\/\/www.europesays.com\/es\/wp-json\/wp\/v2\/media\/123038"}],"wp:attachment":[{"href":"https:\/\/www.europesays.com\/es\/wp-json\/wp\/v2\/media?parent=123037"}],"wp:term":[{"taxonomy":"category","embeddable":true,"href":"https:\/\/www.europesays.com\/es\/wp-json\/wp\/v2\/categories?post=123037"},{"taxonomy":"post_tag","embeddable":true,"href":"https:\/\/www.europesays.com\/es\/wp-json\/wp\/v2\/tags?post=123037"}],"curies":[{"name":"wp","href":"https:\/\/api.w.org\/{rel}","templated":true}]}}