{"id":123043,"date":"2025-09-18T12:46:15","date_gmt":"2025-09-18T12:46:15","guid":{"rendered":"https:\/\/www.europesays.com\/es\/123043\/"},"modified":"2025-09-18T12:46:15","modified_gmt":"2025-09-18T12:46:15","slug":"el-bada-huesca-prepara-la-visita-del-villa-de-aranda-con-numerosas-ausencias","status":"publish","type":"post","link":"https:\/\/www.europesays.com\/es\/123043\/","title":{"rendered":"El Bada Huesca prepara la visita del Villa de Aranda con numerosas ausencias"},"content":{"rendered":"<p>            El Bada Huesca prepara la visita del Villa de Aranda con numerosas ausencias                <\/p>\n<p>El Bada Huesca prepara la visita del Villa de Aranda con numerosas ausencias<\/p>\n<p>balonmano<\/p>\n<p class=\"epigraph\">Nolasco tiene seis bajas seguras tras la lesi\u00f3n de Charly P\u00e9rez en Valladolid y las dudas de Fabricio de Souza y \u00d3scar Garc\u00eda.<\/p>\n<p class=\"paragraph\">Baqueteado en el estreno de la temporada, derrotado por diez goles de diferencia en Valladolid (35-25), el <a href=\"https:\/\/www.heraldo.es\/tags\/instituciones_empresas\/bm_huesca.html\" title=\"BM Huesca\" rel=\"nofollow noopener\" target=\"_blank\"><b>Bada Huesca<\/b><\/a> tiene la oportunidad de levantarse este s\u00e1bado con la visita del Tubos Aranda Villa de Aranda al Palacio de los Deportes (20.30, Arag\u00f3n Deporte). Pero las lesiones no se lo est\u00e1n poniendo f\u00e1cil a Jos\u00e9 Nolasco.<b> El t\u00e9cnico tendr\u00e1 seis bajas seguras; el \u00faltimo en sumarse a la lista ha sido Charly P\u00e9rez, <\/b>que en Pucela sufri\u00f3 una lesi\u00f3n en su pierna derecha. Tras realizarse las pruebas m\u00e9dicas necesarias, se confirma que el extremo sufre una lesi\u00f3n en la musculatura del s\u00f3leo y no estar\u00e1 al menos esta jornada.<\/p>\n<p>            Conforme a los criterios de<br \/>\n            <a class=\"trustproject_img\" id=\"trustproject_img\" href=\"https:\/\/thetrustproject.org\/\" target=\"_blank\" rel=\"nofollow noopener\" aria-label=\"Trust Project\"><img decoding=\"async\" loading=\"lazy\" src=\"https:\/\/www.heraldo.es\/images\/Trust-Logo-Horizontal.svg\" alt=\"Logo Trust Project\" width=\"200\" height=\"34\"\/><\/a><\/p>\n<p>        <a href=\"https:\/\/www.henneo.com\/\" title=\"Grupo Henneo\" class=\"logo\" rel=\"nofollow noopener\" target=\"_blank\"><br \/>\n            <img decoding=\"async\" src=\"https:\/\/www.heraldo.es\/images\/logo_henneo_gris.svg\" alt=\"Logo Henneo\" width=\"559\" height=\"389\" loading=\"lazy\"\/><br \/>\n        <\/a><\/p>\n<p>\u00a9 HERALDO DE ARAGON EDITORA, S.L.U.<br \/>Tel\u00e9fono 976 765 000 \/ &#8211; P\u00ba. Independencia, 29, 50001 Zaragoza &#8211; CIF: B99288763 &#8211; Inscrita en el Registro Mercantil de Zaragoza al Tomo 3796, Libro 0, Folio 177, Secci\u00f3n 8, Hoja Z-50564<br \/>Queda prohibida toda reproducci\u00f3n sin permiso escrito de la empresa a los efectos del art\u00edculo 32.1, p\u00e1rrafo segundo, de la Ley de Propiedad Intelectual<\/p>\n<p>\n                P\u00ba Independencia, 29, 50001 Zaragoza<br \/> Tel\u00e9fono 976 765 000\n            <\/p>\n<p>                    Actualmente tu navegador no permite ejecutar JavaScript. Para poder disfrutar de nuestro contenido es necesario que lo permita.<br \/>\n                                        <img decoding=\"async\" loading=\"lazy\" alt=\"Heraldo logo\" src=\"https:\/\/dkumiip2e9ary.cloudfront.net\/xalok\/heraldo\/especiales\/hola-de-nuevo\/logo-heraldo.svg\" width=\"215\" height=\"43\"\/><\/p>\n","protected":false},"excerpt":{"rendered":"El Bada Huesca prepara la visita del Villa de Aranda con numerosas ausencias El Bada Huesca prepara la&hellip;\n","protected":false},"author":2,"featured_media":123044,"comment_status":"","ping_status":"","sticky":false,"template":"","format":"standard","meta":{"footnotes":""},"categories":[278],"tags":[11836,7521,376,168,25,24,375,10295,5936,23,167,938],"class_list":{"0":"post-123043","1":"post","2":"type-post","3":"status-publish","4":"format-standard","5":"has-post-thumbnail","7":"category-balonmano","8":"tag-aranda","9":"tag-ausencias","10":"tag-balonmano","11":"tag-deportes","12":"tag-es","13":"tag-espana","14":"tag-handball","15":"tag-numerosas","16":"tag-prepara","17":"tag-spain","18":"tag-sports","19":"tag-visita"},"share_on_mastodon":{"url":"","error":""},"_links":{"self":[{"href":"https:\/\/www.europesays.com\/es\/wp-json\/wp\/v2\/posts\/123043","targetHints":{"allow":["GET"]}}],"collection":[{"href":"https:\/\/www.europesays.com\/es\/wp-json\/wp\/v2\/posts"}],"about":[{"href":"https:\/\/www.europesays.com\/es\/wp-json\/wp\/v2\/types\/post"}],"author":[{"embeddable":true,"href":"https:\/\/www.europesays.com\/es\/wp-json\/wp\/v2\/users\/2"}],"replies":[{"embeddable":true,"href":"https:\/\/www.europesays.com\/es\/wp-json\/wp\/v2\/comments?post=123043"}],"version-history":[{"count":0,"href":"https:\/\/www.europesays.com\/es\/wp-json\/wp\/v2\/posts\/123043\/revisions"}],"wp:featuredmedia":[{"embeddable":true,"href":"https:\/\/www.europesays.com\/es\/wp-json\/wp\/v2\/media\/123044"}],"wp:attachment":[{"href":"https:\/\/www.europesays.com\/es\/wp-json\/wp\/v2\/media?parent=123043"}],"wp:term":[{"taxonomy":"category","embeddable":true,"href":"https:\/\/www.europesays.com\/es\/wp-json\/wp\/v2\/categories?post=123043"},{"taxonomy":"post_tag","embeddable":true,"href":"https:\/\/www.europesays.com\/es\/wp-json\/wp\/v2\/tags?post=123043"}],"curies":[{"name":"wp","href":"https:\/\/api.w.org\/{rel}","templated":true}]}}