{"id":123057,"date":"2025-09-18T12:55:12","date_gmt":"2025-09-18T12:55:12","guid":{"rendered":"https:\/\/www.europesays.com\/es\/123057\/"},"modified":"2025-09-18T12:55:12","modified_gmt":"2025-09-18T12:55:12","slug":"la-estrella-de-hollywood-angelina-jolie-sorpresa-de-ultima-hora-en-el-zinemaldia","status":"publish","type":"post","link":"https:\/\/www.europesays.com\/es\/123057\/","title":{"rendered":"La estrella de Hollywood Angelina Jolie, sorpresa de \u00faltima hora en el Zinemaldia"},"content":{"rendered":"<p>\n        La estrella de Hollywood y ganadora de un premio Oscar <a href=\"https:\/\/www.noticiasdegipuzkoa.eus\/tags\/angelina-jolie\/\" title=\"Angelina Jolie\" target=\"_blank\" class=\"link copy\" rel=\"nofollow noopener\"><strong>Angelina Jolie<\/strong> <\/a>visitar\u00e1 por primera vez el Zinemaldia, seg\u00fan acaba de anunciar el Festival Internacional de Cine de San Sebasti\u00e1n. Su presencia, en principio, no se esperaba, pero finalmente la estadounidense llegar\u00e1 a Donostia para presentar su \u00faltima pel\u00edcula Couture.\n<\/p>\n<p class=\"article-body__text \">\n        A un d\u00eda de que arranque la 73\u00aa edici\u00f3n, el festival dirigido por <a href=\"https:\/\/www.noticiasdegipuzkoa.eus\/cultura\/2025\/09\/14\/jose-luis-rebordinos-entrevista-73-zinemaldia-genocidio-gaza-10078186.html\" title=\"Jos\u00e9 Luis Rebordinos\" target=\"_blank\" class=\"link copy\" rel=\"nofollow noopener\"><strong>Jos\u00e9 Luis Rebordinos<\/strong><\/a>, quien ya hab\u00eda adelantado la posibilidad de confirmar la presencia de alg\u00fan famoso\/a en el \u00faltimo momento, ha soltado un bombazo al confirmar la visita a la capital guipuzcoana de una de las actrices m\u00e1s conocidas internacionalmente.\n<\/p>\n<p>  Tres mujeres en la Semana de la Moda parisina<\/p>\n<p class=\"article-body__text \">\n        La tambi\u00e9n directora, productora, empresaria y fil\u00e1ntropa, recalar\u00e1 en Donostia este domingo, junto a<strong> Louis Garrel y Garance Marillier,<\/strong> para presentar couture, la pel\u00edcula de Alice Winocour incluida en la <a href=\"https:\/\/www.noticiasdegipuzkoa.eus\/tags\/seccion-oficial\/\" title=\"Secci\u00f3n Oficial\" target=\"_blank\" class=\"link copy\" rel=\"nofollow noopener\"><strong>Secci\u00f3n Oficial<\/strong><\/a>. En principio, la proyecci\u00f3n de la pel\u00edcula iba a estar defendida por su directora, junto a las actrices Anyier Anei y Ella Rumpf. Pero en el \u00faltimo momento se ha confirmado la presencia tambi\u00e9n de Jolie, junto a los actores franceses Louis Garrel y Garance Marillier.\n<\/p>\n<blockquote class=\"twitter-tweet\" data-lang=\"es\" wp_automatic_readability=\"8.6057692307692\">\n<p lang=\"es\" dir=\"ltr\"><a href=\"https:\/\/twitter.com\/hashtag\/73SSIFF?src=hash&amp;ref_src=twsrc%5Etfw\" rel=\"nofollow noopener\" target=\"_blank\">#73SSIFF<\/a> \ud83d\udcab Angelina Jolie, Louis Garrel y Garance Marillier participar\u00e1n en la presentaci\u00f3n de \u2018Couture\u2019, la pel\u00edcula de Alice Winocour incluida en la Secci\u00f3n Oficial a concurso.\u00a0<br \/>\u00a0<br \/>Los tres se sumar\u00e1n a Winocour y a las dos actrices cuyas presencias ya hab\u00edan sido anunciadas:\u2026 <a href=\"https:\/\/t.co\/m7jNg45clP\" rel=\"nofollow\">pic.twitter.com\/m7jNg45clP<\/a><\/p>\n<p>\u2014 Donostia Zinemaldia &#8211; Festival de San Sebasti\u00e1n (@sansebastianfes) <a href=\"https:\/\/twitter.com\/sansebastianfes\/status\/1968570969519264163?ref_src=twsrc%5Etfw\" rel=\"nofollow noopener\" target=\"_blank\">18 de septiembre de 2025<\/a><\/p><\/blockquote>\n<p>  Las estrellas del festival<\/p>\n<p class=\"article-body__text \">\n        De este modo, la pel\u00edcula de Winocour contar\u00e1 con una importante representaci\u00f3n para su<a href=\"https:\/\/www.noticiasdegipuzkoa.eus\/tags\/donostia\/\" title=\"estreno en Donostia\" target=\"_blank\" class=\"link copy\" rel=\"nofollow noopener\"><strong> estreno en Donostia<\/strong><\/a>. Ambientada en plena vor\u00e1gine de la Semana de la Moda de Par\u00eds, el filme aborda los caminos de tres mujeres que se entrecruzan: Maxine, interpretada por Angelina Jolie, una cineasta estadounidense con c\u00e1ncer de mama que se ve envuelta en una relaci\u00f3n inesperada con su colaborador (Louis Garrel), mientras que el personaje de Ana, al que da vida Anyier Anei, escapa de Sud\u00e1n del Sur para convertirse en una nueva cara en el mundo de la moda; finalmente, Ang\u00e8le (Ella Rumpf), es una maquilladora que trabaja entre bambalinas.\n<\/p>\n<p>            <a href=\"https:\/\/www.noticiasdegipuzkoa.eus\/zinemaldia\/2025\/09\/18\/zinemaldia-calienta-motores-llegadas-famosos-10098187.html\" title=\"El Zinemaldia calienta motores: todas las llegadas de famosos previstas para este jueves\" class=\"new__media\" rel=\"nofollow noopener\" target=\"_blank\"><\/p>\n<p>                <img alt=\"El Zinemaldia calienta motores: todas las llegadas de famosos previstas para este jueves\" data-src=\"https:\/\/www.europesays.com\/es\/wp-content\/uploads\/2025\/09\/9e55779e-8ecb-4bd0-8369-ba4dcaeccd1e_16-9-aspect-ratio_default_0.jpg\" class=\"lozad\"\/><\/p>\n<p>        <\/a><\/p>\n<p>        <a href=\"https:\/\/www.noticiasdegipuzkoa.eus\/zinemaldia\/2025\/09\/18\/zinemaldia-calienta-motores-llegadas-famosos-10098187.html\" title=\"El Zinemaldia calienta motores: todas las llegadas de famosos previstas para este jueves\" class=\"new__headline\" rel=\"nofollow noopener\" target=\"_blank\"><br \/>\n            El Zinemaldia calienta motores: todas las llegadas de famosos previstas para este jueves<br \/>\n        <\/a><\/p>\n<p class=\"article-body__text \">\n        Jolie no ser\u00e1 la \u00fanica estrella que se dej\u00e9 ver por Donostia en los pr\u00f3ximos d\u00edas, aunque s\u00ed ha sido la \u00faltima en confirmarse. Entre otros, desfilar\u00e1n por la alfombra del Kursaal actores y actrices tan conocidos como la protagonista de Juegos del hambre, Jennifer Lawrence (Premio Donostia), Juliette Binoche, Paul Dano, Matt Dillon, Colin Farrell y Stellan Skarsgard, entre otros.\n<\/p>\n<p>            <script async src=\"https:\/\/platform.twitter.com\/widgets.js\" charset=\"utf-8\"><\/script><\/p>\n","protected":false},"excerpt":{"rendered":"La estrella de Hollywood y ganadora de un premio Oscar Angelina Jolie visitar\u00e1 por primera vez el Zinemaldia,&hellip;\n","protected":false},"author":2,"featured_media":123058,"comment_status":"","ping_status":"","sticky":false,"template":"","format":"standard","meta":{"footnotes":""},"categories":[174],"tags":[20128,255,146,147,25,24,14267,256,1505,40396,23,24803],"class_list":{"0":"post-123057","1":"post","2":"type-post","3":"status-publish","4":"format-standard","5":"has-post-thumbnail","7":"category-famosos","8":"tag-angelina-jolie","9":"tag-celebrities","10":"tag-entertainment","11":"tag-entretenimiento","12":"tag-es","13":"tag-espana","14":"tag-estrella","15":"tag-famosos","16":"tag-hollywood","17":"tag-sorpesa","18":"tag-spain","19":"tag-zinemaldia"},"share_on_mastodon":{"url":"","error":""},"_links":{"self":[{"href":"https:\/\/www.europesays.com\/es\/wp-json\/wp\/v2\/posts\/123057","targetHints":{"allow":["GET"]}}],"collection":[{"href":"https:\/\/www.europesays.com\/es\/wp-json\/wp\/v2\/posts"}],"about":[{"href":"https:\/\/www.europesays.com\/es\/wp-json\/wp\/v2\/types\/post"}],"author":[{"embeddable":true,"href":"https:\/\/www.europesays.com\/es\/wp-json\/wp\/v2\/users\/2"}],"replies":[{"embeddable":true,"href":"https:\/\/www.europesays.com\/es\/wp-json\/wp\/v2\/comments?post=123057"}],"version-history":[{"count":0,"href":"https:\/\/www.europesays.com\/es\/wp-json\/wp\/v2\/posts\/123057\/revisions"}],"wp:featuredmedia":[{"embeddable":true,"href":"https:\/\/www.europesays.com\/es\/wp-json\/wp\/v2\/media\/123058"}],"wp:attachment":[{"href":"https:\/\/www.europesays.com\/es\/wp-json\/wp\/v2\/media?parent=123057"}],"wp:term":[{"taxonomy":"category","embeddable":true,"href":"https:\/\/www.europesays.com\/es\/wp-json\/wp\/v2\/categories?post=123057"},{"taxonomy":"post_tag","embeddable":true,"href":"https:\/\/www.europesays.com\/es\/wp-json\/wp\/v2\/tags?post=123057"}],"curies":[{"name":"wp","href":"https:\/\/api.w.org\/{rel}","templated":true}]}}