{"id":123059,"date":"2025-09-18T12:56:20","date_gmt":"2025-09-18T12:56:20","guid":{"rendered":"https:\/\/www.europesays.com\/es\/123059\/"},"modified":"2025-09-18T12:56:20","modified_gmt":"2025-09-18T12:56:20","slug":"se-subasta-de-un-klimt-del-heredero-de-estee-lauder-por-mas-de-126-millones-de-euros-en-sothebys-libertad-digital","status":"publish","type":"post","link":"https:\/\/www.europesays.com\/es\/123059\/","title":{"rendered":"Se subasta de un Klimt, del heredero de Est\u00e9e Lauder, por m\u00e1s de 126 millones de euros en Sotheby&#8217;s &#8211; Libertad Digital"},"content":{"rendered":"<p>La casa de subastas Sotheby\u2019s anunci\u00f3 que ofrecer\u00e1 en noviembre <strong>el Retrato de Elisabeth Lederer<\/strong>, del pintor austr\u00edaco<strong> Gustav Klimt<\/strong>, con un precio estimado de salida de 150 millones de d\u00f3lares \u2014126.682.234 millones de euros\u2014, dentro de la venta de parte de la colecci\u00f3n privada del magnate estadounidense <strong>Leonard Lauder<\/strong>.<\/p>\n<p>El retrato m\u00e1s esperado de la colecci\u00f3n<\/p>\n<p>La pieza central de la subasta ser\u00e1 el retrato de Elisabeth Lederer, hija de un cliente de Gustav Klimt. Se trata de una obra de gran formato que, hasta la fecha, no hab\u00eda salido al mercado. La estimaci\u00f3n inicial lo convierte en <strong>uno de los cuadros m\u00e1s valiosos<\/strong>.<\/p>\n<p>La obra pertenece a la colecci\u00f3n de<strong> Leonard Lauder<\/strong>, heredero del imperio de cosm\u00e9tica <strong>Est\u00e9e Lauder<\/strong>, fallecido en junio de este a\u00f1o. Su legado art\u00edstico incluye una de las colecciones privadas m\u00e1s relevantes de arte moderno en Estados Unidos.<\/p>\n<p>La apertura de la nueva sede de Sotheby\u2019s<\/p>\n<p>La subasta marcar\u00e1 la inauguraci\u00f3n de la nueva sede de<strong> Sotheby\u2019s en Nueva York<\/strong>, ubicada en el edificio Breuer, un inmueble hist\u00f3rico de estilo brutalista. El evento se <strong>celebrar\u00e1 el 18 de noviembre<\/strong> y servir\u00e1 de presentaci\u00f3n p\u00fablica de las instalaciones de la casa de subastas, que busca reforzar su presencia en el mercado internacional.<\/p>\n<p>El traslado a este espacio, con mayor capacidad para exposiciones y subastas, supone un <strong>paso estrat\u00e9gico para Sotheby\u2019s<\/strong>, que aprovechar\u00e1 el atractivo medi\u00e1tico de la colecci\u00f3n Lauder para dar visibilidad a su nueva sede.<\/p>\n<p>Klimt y tres obras in\u00e9ditas en el mercado<\/p>\n<p>Adem\u00e1s del retrato de Elisabeth Lederer, <strong>la venta incluir\u00e1 otras dos pinturas de Gustav Klimt<\/strong>: \u2018Blumenwiese\u2019, un paisaje floral valorado en 80 millones de d\u00f3lares, \u201467.5 millones de euros\u2014, y \u2018Waldhag bei Unterach am Attersee\u2019, que muestra un bosque junto a un lago y parte de una estimaci\u00f3n de 70 millones, \u201459 millones de euros\u2014.<\/p>\n<p>&#13;<br \/>\n    Relacionado&#13;<br \/>\n    &#13;<\/p>\n<p>Estas<strong> tres obras<\/strong> comparten una caracter\u00edstica com\u00fan: <strong>nunca hab\u00edan estado disponibles en el mercado<\/strong>, lo que eleva las expectativas en torno a la puja. La combinaci\u00f3n de procedencia, estado de conservaci\u00f3n y relevancia del autor sit\u00faan estas piezas en el centro de atenci\u00f3n de coleccionistas e instituciones.<\/p>\n<p>24 obras valoradas en 400 millones de d\u00f3lares<\/p>\n<p>La colecci\u00f3n de Leonard Lauder que saldr\u00e1 a <strong>subasta contar\u00e1 con 24 obras de maestros del siglo XX<\/strong>, con un valor estimado global de 400 millones de d\u00f3lares, \u2014casi 338 millones de euros\u2014. Entre los nombres presentes destacan artistas como Henri Matisse, con seis esculturas; Edvard Munch; Pablo Picasso; Agnes Martin; Claes Oldenburg y Coosje van Bruggen.<\/p>\n<p>Seg\u00fan Sotheby\u2019s, la<strong> variedad y calidad de las piezas <\/strong>reflejan la amplitud de intereses de Lauder como coleccionista, que a lo largo de d\u00e9cadas reuni\u00f3 obras de distintas disciplinas, desde pintura y escultura hasta arte conceptual.<\/p>\n<p>Un legado art\u00edstico de referencia<\/p>\n<p>Leonard Lauder fue conocido no solo por su papel al frente del grupo cosm\u00e9tico Est\u00e9e Lauder, sino tambi\u00e9n por su apoyo a instituciones culturales. Don\u00f3 en vida una parte sustancial de su colecci\u00f3n al <strong>Metropolitan Museum of Art de Nueva York<\/strong>. La subasta de noviembre representa una parte distinta de su legado, centrada en obras destinadas al mercado privado.<\/p>\n<p>La expectaci\u00f3n en torno a esta venta se explica tanto por el prestigio del coleccionista como por la rareza de las piezas que se presentan. Sotheby\u2019s conf\u00eda en que la combinaci\u00f3n de nombres consagrados y<strong> obras in\u00e9ditas en el mercado atraiga a compradores internacionales<\/strong>.<\/p>\n","protected":false},"excerpt":{"rendered":"La casa de subastas Sotheby\u2019s anunci\u00f3 que ofrecer\u00e1 en noviembre el Retrato de Elisabeth Lederer, del pintor austr\u00edaco&hellip;\n","protected":false},"author":2,"featured_media":123060,"comment_status":"","ping_status":"","sticky":false,"template":"","format":"standard","meta":{"footnotes":""},"categories":[173],"tags":[229,40397,233,231,230,232,234,146,147,25,24,40398,40399,40400,23,40401],"class_list":{"0":"post-123059","1":"post","2":"type-post","3":"status-publish","4":"format-standard","5":"has-post-thumbnail","7":"category-arte-y-diseno","8":"tag-arte","9":"tag-arte-moderno","10":"tag-arte-y-diseno","11":"tag-arts","12":"tag-arts-and-design","13":"tag-design","14":"tag-diseno","15":"tag-entertainment","16":"tag-entretenimiento","17":"tag-es","18":"tag-espana","19":"tag-gustav-klimt","20":"tag-leonard-lauder","21":"tag-sothebys","22":"tag-spain","23":"tag-subasta-nueva-york"},"share_on_mastodon":{"url":"","error":""},"_links":{"self":[{"href":"https:\/\/www.europesays.com\/es\/wp-json\/wp\/v2\/posts\/123059","targetHints":{"allow":["GET"]}}],"collection":[{"href":"https:\/\/www.europesays.com\/es\/wp-json\/wp\/v2\/posts"}],"about":[{"href":"https:\/\/www.europesays.com\/es\/wp-json\/wp\/v2\/types\/post"}],"author":[{"embeddable":true,"href":"https:\/\/www.europesays.com\/es\/wp-json\/wp\/v2\/users\/2"}],"replies":[{"embeddable":true,"href":"https:\/\/www.europesays.com\/es\/wp-json\/wp\/v2\/comments?post=123059"}],"version-history":[{"count":0,"href":"https:\/\/www.europesays.com\/es\/wp-json\/wp\/v2\/posts\/123059\/revisions"}],"wp:featuredmedia":[{"embeddable":true,"href":"https:\/\/www.europesays.com\/es\/wp-json\/wp\/v2\/media\/123060"}],"wp:attachment":[{"href":"https:\/\/www.europesays.com\/es\/wp-json\/wp\/v2\/media?parent=123059"}],"wp:term":[{"taxonomy":"category","embeddable":true,"href":"https:\/\/www.europesays.com\/es\/wp-json\/wp\/v2\/categories?post=123059"},{"taxonomy":"post_tag","embeddable":true,"href":"https:\/\/www.europesays.com\/es\/wp-json\/wp\/v2\/tags?post=123059"}],"curies":[{"name":"wp","href":"https:\/\/api.w.org\/{rel}","templated":true}]}}