{"id":123065,"date":"2025-09-18T12:59:07","date_gmt":"2025-09-18T12:59:07","guid":{"rendered":"https:\/\/www.europesays.com\/es\/123065\/"},"modified":"2025-09-18T12:59:07","modified_gmt":"2025-09-18T12:59:07","slug":"iron-maiden-confirman-las-primeras-fechas-para-2026-grabaran-su-concierto-en-paris","status":"publish","type":"post","link":"https:\/\/www.europesays.com\/es\/123065\/","title":{"rendered":"IRON MAIDEN confirman las primeras fechas para 2026. Grabar\u00e1n su concierto en Par\u00eds."},"content":{"rendered":"<p>\u00a0<\/p>\n<p><strong>IRON MAIDEN confirman las primeras fechas para 2026. Grabar\u00e1n su concierto en Par\u00eds. <\/strong><br \/>\n<img fetchpriority=\"high\" decoding=\"async\" src=\"https:\/\/www.europesays.com\/es\/wp-content\/uploads\/2025\/09\/gira2026_1_600.jpg\" alt=\"IRON MAIDEN\" width=\"600\" height=\"253\"\/><\/p>\n<p>Lo hace con esta nota:<\/p>\n<p>\u00a1The Run For Your Lives World Tour regresa a Europa y m\u00e1s all\u00e1 en 2026!<\/p>\n<p><strong><a href=\"https:\/\/www.ironmaiden.com\/the-run-for-your-lives-world-tour-returns-to-europe-and-beyond-in-2026\/\" target=\"_blank\" rel=\"noopener nofollow\">IRON MAIDEN <\/a><\/strong><a href=\"https:\/\/www.ironmaiden.com\/the-run-for-your-lives-world-tour-returns-to-europe-and-beyond-in-2026\/\" rel=\"nofollow noopener\" target=\"_blank\">ha anunciado los primeros conciertos<\/a> para 2026, empezando con un regreso de verano a Europa para tocar predominantemente en festivales y tambi\u00e9n en estadios en pa\u00edses y regiones no visitados en 2025. M\u00e1s tarde se anunciar\u00e1n fechas adicionales para el resto del mundo.<\/p>\n<p>Las fechas iniciales europeas se enumeran a continuaci\u00f3n, con m\u00e1s apariciones en festivales que ser\u00e1n anunciadas a su debido tiempo. Es un a\u00f1o muy ocupado, as\u00ed que despu\u00e9s de esto no habr\u00e1 conciertos de <strong>MAIDEN<\/strong> en 2027.<\/p>\n<p>Un concierto especial como cabezas de cartel en el Reino Unido tendr\u00e1 lugar el 11 de julio de 2026, del que se desvelar\u00e1n m\u00e1s detalles en los pr\u00f3ximos d\u00edas.<\/p>\n<p>\u00a1<strong>La banda tambi\u00e9n regresar\u00e1 a Par\u00eds para que nuestro show Run For Your Lives pueda ser filmado para nuestros fans y para la posteridad<\/strong>! Elegimos un estadio cubierto para ver lo mejor de la producci\u00f3n y tambi\u00e9n un gran p\u00fablico que sabemos que Par\u00eds es y siempre ha sido para nosotros. Fue genial ver a los fans aceptar la petici\u00f3n de limitar el uso del tel\u00e9fono en la reciente gira, creando una atm\u00f3sfera poderosa que elev\u00f3 cada concierto. Para el 2026, la banda pide al p\u00fablico continuar con este enfoque, asegurando que los conciertos se disfruten plenamente, en el momento.<\/p>\n<p>S\u00f3lo en Par\u00eds, las entradas de admisi\u00f3n general (de pie) se vender\u00e1n libres de tel\u00e9fono con el sistema de bolsa seguro de Yondr, garantizando el mejor ambiente posible tanto para los fans como para la filmaci\u00f3n. Para m\u00e1s informaci\u00f3n sobre esto se puede encontrar en <a href=\"https:\/\/www.ironmaiden.com\/the-run-for-your-lives-world-tour-returns-to-europe-and-beyond-in-2026\/\" target=\"_blank\" rel=\"noopener nofollow\"><strong>IronMaiden.com<\/strong><\/a><\/p>\n<p>Tengan la seguridad de que visitaremos a tantos de ustedes como sea posible el a\u00f1o que viene, antes de que la banda se tome un merecido descanso de la carretera en 2027.<\/p>\n<p style=\"text-align: center;\"><strong>The Run For Your Lives TOUR MUNDIAL 2026:<\/strong><\/p>\n<p>MAYO<\/p>\n<ul>\n<li>23 Atenas, GRECIA \u2013 OAKA<\/li>\n<li>26 Sof\u00eda, BULGARIA \u2013 Estadio Vasil Levski<\/li>\n<li>28.o Bucarest, RUMANIA \u2013 Estadio Nacional<\/li>\n<li>30 Bratislava, Eslovaquia \u2013 Estadio Nacional de F\u00fatbol<\/li>\n<\/ul>\n<p>JUNIO<\/p>\n<ul>\n<li>02 Hannover, Alemania \u2013 Heinz von Heiden Arena<\/li>\n<li>10 \u00c1msterdam, PA\u00cdSES BAJOS \u2013 Ziggo Dome<\/li>\n<li>17 Mil\u00e1n, Italia \u2013 Estadio San Siro<\/li>\n<li>22 Par\u00eds, Francia \u2013 Par\u00eds La D\u00e9fense Arena<\/li>\n<li>28 Lyon \u2013 Deccines, FRANCIA \u2013 Estadio Groupama<\/li>\n<\/ul>\n<p>JULIO<\/p>\n<ul>\n<li>07 Lisboa, PORTUGAL \u2013 Estadio da Luz<\/li>\n<li>11 Reino Unido \u2013 Headline Show \u2013 Detalles a revelar<\/li>\n<\/ul>\n<p>Las entradas salen a la venta el 22 de septiembre \u2013 Vea <a href=\"https:\/\/www.ironmaiden.com\/the-run-for-your-lives-world-tour-returns-to-europe-and-beyond-in-2026\/\" target=\"_blank\" rel=\"noopener nofollow\"><strong>IronMaiden.com<\/strong><\/a> para m\u00e1s informaci\u00f3n.<\/p>\n<p style=\"text-align: center;\"><strong>\u00bfEspa\u00f1a? Pronto se confirmar\u00e1n fechas y lugares. <\/strong><\/p>\n<p><img loading=\"lazy\" decoding=\"async\" src=\"https:\/\/www.europesays.com\/es\/wp-content\/uploads\/2025\/09\/gira2026_1.jpg\" alt=\"IRON MAIDEN\" width=\"500\" height=\"625\"\/><\/p>\n<p>\u00a0<\/p>\n<p>\u00a0<\/p>\n","protected":false},"excerpt":{"rendered":"\u00a0 IRON MAIDEN confirman las primeras fechas para 2026. Grabar\u00e1n su concierto en Par\u00eds. Lo hace con esta&hellip;\n","protected":false},"author":2,"featured_media":123066,"comment_status":"","ping_status":"","sticky":false,"template":"","format":"standard","meta":{"footnotes":""},"categories":[170],"tags":[146,147,25,24,184,185,23],"class_list":{"0":"post-123065","1":"post","2":"type-post","3":"status-publish","4":"format-standard","5":"has-post-thumbnail","7":"category-musica","8":"tag-entertainment","9":"tag-entretenimiento","10":"tag-es","11":"tag-espana","12":"tag-music","13":"tag-musica","14":"tag-spain"},"share_on_mastodon":{"url":"","error":""},"_links":{"self":[{"href":"https:\/\/www.europesays.com\/es\/wp-json\/wp\/v2\/posts\/123065","targetHints":{"allow":["GET"]}}],"collection":[{"href":"https:\/\/www.europesays.com\/es\/wp-json\/wp\/v2\/posts"}],"about":[{"href":"https:\/\/www.europesays.com\/es\/wp-json\/wp\/v2\/types\/post"}],"author":[{"embeddable":true,"href":"https:\/\/www.europesays.com\/es\/wp-json\/wp\/v2\/users\/2"}],"replies":[{"embeddable":true,"href":"https:\/\/www.europesays.com\/es\/wp-json\/wp\/v2\/comments?post=123065"}],"version-history":[{"count":0,"href":"https:\/\/www.europesays.com\/es\/wp-json\/wp\/v2\/posts\/123065\/revisions"}],"wp:featuredmedia":[{"embeddable":true,"href":"https:\/\/www.europesays.com\/es\/wp-json\/wp\/v2\/media\/123066"}],"wp:attachment":[{"href":"https:\/\/www.europesays.com\/es\/wp-json\/wp\/v2\/media?parent=123065"}],"wp:term":[{"taxonomy":"category","embeddable":true,"href":"https:\/\/www.europesays.com\/es\/wp-json\/wp\/v2\/categories?post=123065"},{"taxonomy":"post_tag","embeddable":true,"href":"https:\/\/www.europesays.com\/es\/wp-json\/wp\/v2\/tags?post=123065"}],"curies":[{"name":"wp","href":"https:\/\/api.w.org\/{rel}","templated":true}]}}