{"id":123081,"date":"2025-09-18T13:08:16","date_gmt":"2025-09-18T13:08:16","guid":{"rendered":"https:\/\/www.europesays.com\/es\/123081\/"},"modified":"2025-09-18T13:08:16","modified_gmt":"2025-09-18T13:08:16","slug":"jordi-hereu-destaca-el-liderazgo-de-espana-en-el-desarrollo-de-vacunas-basadas-en-proteinas","status":"publish","type":"post","link":"https:\/\/www.europesays.com\/es\/123081\/","title":{"rendered":"Jordi Hereu destaca el liderazgo de Espa\u00f1a en el desarrollo de vacunas basadas en prote\u00ednas"},"content":{"rendered":"<p class=\"main-image\">&#13;<br \/>\n                     &#13;<br \/>\n                        &#13;<br \/>\n                        <img decoding=\"async\" alt=\"El ministro en la visita\" title=\"El ministro en la visita\" src=\"https:\/\/www.europesays.com\/es\/wp-content\/uploads\/2025\/09\/180925-hereu-campus-hipra.jpg\"\/>&#13;<br \/>\n                        El ministro de Industria y Turismo, Jordi Hereu, en la inauguraci\u00f3n del Campus Hipra.&#13;<br \/>\n                    &#13;\n                <\/p>\n<p>El titular de Industria lo ha expresado as\u00ed durante la inauguraci\u00f3n del Campus Hipra, celebrado hoy en las instalaciones de esta farmac\u00e9utica, en un acto en el que ha acompa\u00f1ado al president de la Generalitat de Catalunya, Salvador Illa. En concreto, los laboratorios seleccionados son Hipra, CZ Vaccines y Laboratorio Reig Jofre.<\/p>\n<p>Para el ministro, este reconocimiento europeo es una muestra de que en Espa\u00f1a contamos con un ecosistema industrial s\u00f3lido y competitivo que ofrece amplias oportunidades para la inversi\u00f3n en sectores estrat\u00e9gicos, incluyendo el farmac\u00e9utico.<\/p>\n<p>Desde el Gobierno se apoya al sector farmac\u00e9utico con medidas espec\u00edficas, como el PERTE de Salud de Vanguardia. El Ministerio de Industria y Turismo convoc\u00f3, durante 2022 y 2023, ayudas dentro de este programa, y otorg\u00f3 casi 28 millones de euros. El 35% de las ayudas han ido a parar a empresas catalanas.<\/p>\n<p>Hereu tambi\u00e9n ha recordado que Espa\u00f1a lidera el proyecto de Reserva de Capacidades Industriales (RECAPI) junto con Portugal, Finlandia y Ruman\u00eda y en coordinaci\u00f3n con las Direcciones Generales de Apoyo a las Reformas Estructurales y de Mercado Interior, Industria, Emprendimiento y PYMES de la Comisi\u00f3n Europea. La idea es que esta reserva se ponga en marcha este mismo a\u00f1o y el sector farmac\u00e9utico estar\u00e1 muy presente en este ensayo.<\/p>\n<p>El ministro ha terminado animando a los laboratorios a que se presenten a la convocatoria del nuevo Plan PROFARMA, cuyo plazo de presentaci\u00f3n de solicitudes finaliza el 15 de octubre.<\/p>\n<p>Se trata de un programa que prioriza las actividades de I+D+i, la fabricaci\u00f3n y los principios de sostenibilidad en los centros radicados en Espa\u00f1a. Cubre los medicamentos estrat\u00e9gicos, antimicrobianos, biotecnol\u00f3gicos y de terapias avanzadas y aquellos medicamentos con menos impacto ambiental.<\/p>\n","protected":false},"excerpt":{"rendered":"&#13; &#13; &#13; &#13; El ministro de Industria y Turismo, Jordi Hereu, en la inauguraci\u00f3n del Campus Hipra.&#13;&hellip;\n","protected":false},"author":2,"featured_media":123082,"comment_status":"","ping_status":"","sticky":false,"template":"","format":"standard","meta":{"footnotes":""},"categories":[5],"tags":[17,18,25,24,13,14,11,19,20,9,10,15,16,23,12,21,22],"class_list":{"0":"post-123081","1":"post","2":"type-post","3":"status-publish","4":"format-standard","5":"has-post-thumbnail","7":"category-titulares","8":"tag-breaking-news","9":"tag-breakingnews","10":"tag-es","11":"tag-espana","12":"tag-featured-news","13":"tag-featurednews","14":"tag-headlines","15":"tag-latest-news","16":"tag-latestnews","17":"tag-news","18":"tag-noticias","19":"tag-noticias-destacadas","20":"tag-noticiasdestacadas","21":"tag-spain","22":"tag-titulares","23":"tag-ultimas-noticias","24":"tag-ultimasnoticias"},"share_on_mastodon":{"url":"","error":""},"_links":{"self":[{"href":"https:\/\/www.europesays.com\/es\/wp-json\/wp\/v2\/posts\/123081","targetHints":{"allow":["GET"]}}],"collection":[{"href":"https:\/\/www.europesays.com\/es\/wp-json\/wp\/v2\/posts"}],"about":[{"href":"https:\/\/www.europesays.com\/es\/wp-json\/wp\/v2\/types\/post"}],"author":[{"embeddable":true,"href":"https:\/\/www.europesays.com\/es\/wp-json\/wp\/v2\/users\/2"}],"replies":[{"embeddable":true,"href":"https:\/\/www.europesays.com\/es\/wp-json\/wp\/v2\/comments?post=123081"}],"version-history":[{"count":0,"href":"https:\/\/www.europesays.com\/es\/wp-json\/wp\/v2\/posts\/123081\/revisions"}],"wp:featuredmedia":[{"embeddable":true,"href":"https:\/\/www.europesays.com\/es\/wp-json\/wp\/v2\/media\/123082"}],"wp:attachment":[{"href":"https:\/\/www.europesays.com\/es\/wp-json\/wp\/v2\/media?parent=123081"}],"wp:term":[{"taxonomy":"category","embeddable":true,"href":"https:\/\/www.europesays.com\/es\/wp-json\/wp\/v2\/categories?post=123081"},{"taxonomy":"post_tag","embeddable":true,"href":"https:\/\/www.europesays.com\/es\/wp-json\/wp\/v2\/tags?post=123081"}],"curies":[{"name":"wp","href":"https:\/\/api.w.org\/{rel}","templated":true}]}}