{"id":123087,"date":"2025-09-18T13:13:08","date_gmt":"2025-09-18T13:13:08","guid":{"rendered":"https:\/\/www.europesays.com\/es\/123087\/"},"modified":"2025-09-18T13:13:08","modified_gmt":"2025-09-18T13:13:08","slug":"rune-encendio-la-polemica-con-la-laver-cup-es-el-evento-favorito-de-muchos-por-encima-de-los-grand-slams-2","status":"publish","type":"post","link":"https:\/\/www.europesays.com\/es\/123087\/","title":{"rendered":"Rune encendi\u00f3 la pol\u00e9mica con la Laver Cup: \u00abes el evento favorito de muchos, por encima de los Grand Slams\u00bb"},"content":{"rendered":"<p><strong>Holger Rune<\/strong> (N\u00b011 del ranking mundial ATP) ya lleg\u00f3 a San Francisco para disputar una nueva edici\u00f3n de la <strong>Laver Cup<\/strong>. El dan\u00e9s, de 22 a\u00f1os, ser\u00e1 parte del equipo europeo que buscar\u00e1 un nuevo t\u00edtulo frente a Resto del Mundo. En ese contexto, dialog\u00f3 con la organizaci\u00f3n en la previa al certamen y encendi\u00f3 la pol\u00e9mica manifestando que varios colegas ponderaron este evento por sobre los Grand Slam.<\/p>\n<p><img class=\" lazyload lazyload\" data-image-container=\".inline-photo\" height=\"320\" width=\"570\"\/>Holger Rune, pieza clave del equipo de Europa contra Resto del Mundo en la Laver Cup 2025.\u00a0EPA<\/p>\n<p><strong>\u00abHe hablado con muchos de los jugadores y dicen que es uno de los eventos m\u00e1s divertidos para jugar. Para muchos de ellos, es su evento favorito, incluso m\u00e1s que los Grand Slams. Tengo grandes expectativas, pero sobre todo, voy a disfrutarlo al m\u00e1ximo\u00bb<\/strong> manifest\u00f3 quien, dentro del combinado del Viejo Continente, ser\u00e1 la raqueta N\u00b03 por detr\u00e1s de Carlos Alcaraz y Alexander Zverev.<\/p>\n<p>Relacionado<\/p>\n<p>2 Relacionado<\/p>\n<p>El mejor tenista de Dinamarca tambi\u00e9n se mostr\u00f3 ilusionado con su papel en este curioso evento: <strong>\u00abNo es muy frecuente que juguemos en equipo, as\u00ed que me parece genial. Creo que voy a brillar mucho en este entorno. Tengo muchas ganas de jugar. Mi plan es aportar mucha energ\u00eda e intensidad\u00bb. <\/strong><\/p>\n<p>Para el nacido en Gentofte, esta ser\u00e1 su primera participaci\u00f3n en la Laver Cup. Y all\u00ed tendr\u00e1 la chance de disputar un dobles so\u00f1ado con alguien que, curiosamente, ya comparti\u00f3 cancha: Carlos Alcaraz. <strong>\u00abSer\u00eda muy ic\u00f3nico revivir ese momento\u00bb<\/strong> expres\u00f3 el escandinavo, que jug\u00f3 con el N\u00b01 del mundo en el torneo juvenil de Les Petits A &#8216;s en 2017, donde llegaron hasta las semifinales.<\/p>\n<p>En la temporada 2025, <strong>Holger Rune disput\u00f3 17 torneos y sali\u00f3 campe\u00f3n solo en uno: el ATP 500 de Barcelona. Su r\u00e9cord de partidos es de 29 victorias y 18 derrotas pero con un balance m\u00e1s que irregular en los torneos de Grand Slam.<\/strong> Entre el Australian Open y Roland Garros, gan\u00f3 seis partidos y perdi\u00f3 dos. Pero entre Wimbledon y el US Open, solamente gan\u00f3 uno y perdi\u00f3 dos.<\/p>\n","protected":false},"excerpt":{"rendered":"Holger Rune (N\u00b011 del ranking mundial ATP) ya lleg\u00f3 a San Francisco para disputar una nueva edici\u00f3n de&hellip;\n","protected":false},"author":2,"featured_media":120427,"comment_status":"","ping_status":"","sticky":false,"template":"","format":"standard","meta":{"footnotes":""},"categories":[274],"tags":[168,25,24,23,167,327,326],"class_list":{"0":"post-123087","1":"post","2":"type-post","3":"status-publish","4":"format-standard","5":"has-post-thumbnail","7":"category-tenis","8":"tag-deportes","9":"tag-es","10":"tag-espana","11":"tag-spain","12":"tag-sports","13":"tag-tenis","14":"tag-tennis"},"share_on_mastodon":{"url":"","error":""},"_links":{"self":[{"href":"https:\/\/www.europesays.com\/es\/wp-json\/wp\/v2\/posts\/123087","targetHints":{"allow":["GET"]}}],"collection":[{"href":"https:\/\/www.europesays.com\/es\/wp-json\/wp\/v2\/posts"}],"about":[{"href":"https:\/\/www.europesays.com\/es\/wp-json\/wp\/v2\/types\/post"}],"author":[{"embeddable":true,"href":"https:\/\/www.europesays.com\/es\/wp-json\/wp\/v2\/users\/2"}],"replies":[{"embeddable":true,"href":"https:\/\/www.europesays.com\/es\/wp-json\/wp\/v2\/comments?post=123087"}],"version-history":[{"count":0,"href":"https:\/\/www.europesays.com\/es\/wp-json\/wp\/v2\/posts\/123087\/revisions"}],"wp:featuredmedia":[{"embeddable":true,"href":"https:\/\/www.europesays.com\/es\/wp-json\/wp\/v2\/media\/120427"}],"wp:attachment":[{"href":"https:\/\/www.europesays.com\/es\/wp-json\/wp\/v2\/media?parent=123087"}],"wp:term":[{"taxonomy":"category","embeddable":true,"href":"https:\/\/www.europesays.com\/es\/wp-json\/wp\/v2\/categories?post=123087"},{"taxonomy":"post_tag","embeddable":true,"href":"https:\/\/www.europesays.com\/es\/wp-json\/wp\/v2\/tags?post=123087"}],"curies":[{"name":"wp","href":"https:\/\/api.w.org\/{rel}","templated":true}]}}