{"id":123088,"date":"2025-09-18T13:14:07","date_gmt":"2025-09-18T13:14:07","guid":{"rendered":"https:\/\/www.europesays.com\/es\/123088\/"},"modified":"2025-09-18T13:14:07","modified_gmt":"2025-09-18T13:14:07","slug":"ayuso-concedera-la-medalla-de-oro-de-madrid-a-la-vuelta-y-vingegaard-tras-los-incidentes","status":"publish","type":"post","link":"https:\/\/www.europesays.com\/es\/123088\/","title":{"rendered":"Ayuso conceder\u00e1 la Medalla de Oro de Madrid a La Vuelta y Vingegaard tras los incidentes"},"content":{"rendered":"<p class=\"\"><b>La presidenta de la Comunidad de Madrid, Isabel D\u00edaz Ayuso<\/b>, ha anunciado este jueves que el Gobierno regional conceder\u00e1 la <b>Medalla de Oro <\/b>del Gobierno regional, que otorga en el marco de los reconocimientos del Dos de Mayo, <b>a la Vuelta Ciclista a Espa\u00f1a, adem\u00e1s de premiar al ciclista ganador, el dan\u00e9s Jonas Vingegaard <\/b>(Visma-Lease a Bike).<\/p>\n<p class=\"\">As\u00ed lo ha anunciado D\u00edaz Ayuso en la sesi\u00f3n de control en el Pleno de la C\u00e1mara regional, despu\u00e9s de que<b> la \u00faltima etapa de La Vuelta fuera cancelada el domingo pasado debido a las protestas pro-Palestinas<\/b>, que se saldaron con dos detenidos y 22 polic\u00edas heridos.<\/p>\n<p>Noticias relacionadas<\/p>\n<p class=\"\">La presidenta ha subrayado que es necesario premiar a <b>este ciclista internacional que \u201cno merece ser recibido\u201d<\/b> con protestas, adem\u00e1s de destacar que<b> La Vuelta es una de las competiciones internacionales m\u00e1s importantes pese a que el Gobierno la ha querido \u201cdesguazar\u201d.<\/b><\/p>\n<p class=\"\"><b>\u00a1Tus opiniones importan!<\/b> Comenta en los art\u00edculos y suscr\u00edbete gratis a nuestra <a href=\"https:\/\/asfan.as.com\/newsletters\/\" target=\"_blank\" rel=\"nofollow noopener\" title=\"https:\/\/asfan.as.com\/newsletters\/\">newsletter<\/a> y a las alertas informativas en la <a href=\"https:\/\/as.com\/aplicacion-de-as-n\/\" target=\"_blank\" rel=\"nofollow noopener\" title=\"https:\/\/as.com\/aplicacion-de-as-n\/\">App<\/a> o el canal de <a href=\"https:\/\/www.whatsapp.com\/channel\/0029VaAasdA7j6g745nz9M10\" target=\"_blank\" rel=\"nofollow noopener\" title=\"https:\/\/www.whatsapp.com\/channel\/0029VaAasdA7j6g745nz9M10\">WhatsApp<\/a>. \u00bfBuscas licenciar contenido? Haz clic <a href=\"https:\/\/profesional.elpais.com\/soluciones-sindicacion?utm_medium=interno&amp;utm_source=crosslinking&amp;utm_campaign=sindicacion_as_pie_articulos\" target=\"_blank\" rel=\"nofollow noopener\" title=\"https:\/\/profesional.elpais.com\/soluciones-sindicacion?utm_medium=interno&amp;utm_source=crosslinking&amp;utm_campaign=sindicacion_as_pie_articulos\">aqu\u00ed<\/a><\/p>\n","protected":false},"excerpt":{"rendered":"La presidenta de la Comunidad de Madrid, Isabel D\u00edaz Ayuso, ha anunciado este jueves que el Gobierno regional&hellip;\n","protected":false},"author":2,"featured_media":123089,"comment_status":"","ping_status":"","sticky":false,"template":"","format":"standard","meta":{"footnotes":""},"categories":[273],"tags":[313,312,168,25,24,23,167],"class_list":{"0":"post-123088","1":"post","2":"type-post","3":"status-publish","4":"format-standard","5":"has-post-thumbnail","7":"category-ciclismo","8":"tag-ciclismo","9":"tag-cycling","10":"tag-deportes","11":"tag-es","12":"tag-espana","13":"tag-spain","14":"tag-sports"},"share_on_mastodon":{"url":"","error":""},"_links":{"self":[{"href":"https:\/\/www.europesays.com\/es\/wp-json\/wp\/v2\/posts\/123088","targetHints":{"allow":["GET"]}}],"collection":[{"href":"https:\/\/www.europesays.com\/es\/wp-json\/wp\/v2\/posts"}],"about":[{"href":"https:\/\/www.europesays.com\/es\/wp-json\/wp\/v2\/types\/post"}],"author":[{"embeddable":true,"href":"https:\/\/www.europesays.com\/es\/wp-json\/wp\/v2\/users\/2"}],"replies":[{"embeddable":true,"href":"https:\/\/www.europesays.com\/es\/wp-json\/wp\/v2\/comments?post=123088"}],"version-history":[{"count":0,"href":"https:\/\/www.europesays.com\/es\/wp-json\/wp\/v2\/posts\/123088\/revisions"}],"wp:featuredmedia":[{"embeddable":true,"href":"https:\/\/www.europesays.com\/es\/wp-json\/wp\/v2\/media\/123089"}],"wp:attachment":[{"href":"https:\/\/www.europesays.com\/es\/wp-json\/wp\/v2\/media?parent=123088"}],"wp:term":[{"taxonomy":"category","embeddable":true,"href":"https:\/\/www.europesays.com\/es\/wp-json\/wp\/v2\/categories?post=123088"},{"taxonomy":"post_tag","embeddable":true,"href":"https:\/\/www.europesays.com\/es\/wp-json\/wp\/v2\/tags?post=123088"}],"curies":[{"name":"wp","href":"https:\/\/api.w.org\/{rel}","templated":true}]}}