{"id":123102,"date":"2025-09-18T13:21:12","date_gmt":"2025-09-18T13:21:12","guid":{"rendered":"https:\/\/www.europesays.com\/es\/123102\/"},"modified":"2025-09-18T13:21:12","modified_gmt":"2025-09-18T13:21:12","slug":"no-sabes-como-me-sangraba","status":"publish","type":"post","link":"https:\/\/www.europesays.com\/es\/123102\/","title":{"rendered":"No sabes c\u00f3mo me sangraba"},"content":{"rendered":"<p data-journey-content=\"true\" data-node-id=\"3\" class=\"css-6wxqfj emevuu60\"><strong data-node-id=\"3.0\">Miri P\u00e9rez-Cabrera tuvo que ser atendida por el servicio m\u00e9dico de &#8216;Supervivientes All Stars&#8217; despu\u00e9s de un accidente. <\/strong>Parece que esta edici\u00f3n de la aventura en Honduras es m\u00e1s dura que nunca, y por si fuera poco con el temporal que vivieron y que les hizo <a href=\"https:\/\/www.diezminutos.es\/teleprograma\/programas-tv\/a66093047\/supervivientes-all-stars-2025-evacuados-en-directo-temporal\/\" target=\"_blank\" data-vars-ga-outbound-link=\"https:\/\/www.diezminutos.es\/teleprograma\/programas-tv\/a66093047\/supervivientes-all-stars-2025-evacuados-en-directo-temporal\/\" data-vars-ga-ux-element=\"Hyperlink\" data-vars-ga-call-to-action=\"evacuar en directo\" data-node-id=\"3.2\" class=\"body-link css-177bzfx emevuu60\" rel=\"nofollow noopener\">evacuar en directo<\/a>, los percances entre los participantes han empezado a tener lugar. Ya en la pasada edici\u00f3n del reality, varios incidentes afectaron a los concursantes y fueron dos personas las que tuvieron que abandonar por diferentes lesiones: <a href=\"https:\/\/www.diezminutos.es\/teleprograma\/programas-tv\/a64962737\/supervivientes-comunicado-estado-alex-adrover-obliga-abandonar\/\" target=\"_blank\" data-vars-ga-outbound-link=\"https:\/\/www.diezminutos.es\/teleprograma\/programas-tv\/a64962737\/supervivientes-comunicado-estado-alex-adrover-obliga-abandonar\/\" data-vars-ga-ux-element=\"Hyperlink\" data-vars-ga-call-to-action=\"\u00c1lex Adrover tras una luxaci\u00f3n de r\u00f3tula\" data-node-id=\"3.4\" class=\"body-link css-177bzfx emevuu60\" rel=\"nofollow noopener\">\u00c1lex Adrover tras una luxaci\u00f3n de r\u00f3tula<\/a> y <a href=\"https:\/\/www.diezminutos.es\/teleprograma\/programas-tv\/a64492113\/supervivientes-almacor-abandono-lesion\/\" target=\"_blank\" data-vars-ga-outbound-link=\"https:\/\/www.diezminutos.es\/teleprograma\/programas-tv\/a64492113\/supervivientes-almacor-abandono-lesion\/\" data-vars-ga-ux-element=\"Hyperlink\" data-vars-ga-call-to-action=\"Alm\u00e1cor por un traumatismo en el hombro\" data-node-id=\"3.6\" class=\"body-link css-177bzfx emevuu60\" rel=\"nofollow noopener\">Alm\u00e1cor por un traumatismo en el hombro<\/a>.<\/p>\n<p data-journey-content=\"true\" data-node-id=\"6\" class=\"css-6wxqfj emevuu60\">Aunque de momento no ha sido necesario que ning\u00fan superviviente vuelva a Espa\u00f1a, <strong data-node-id=\"6.1\">s\u00ed que en &#8216;Supervivientes All Stars 2025&#8217; hemos tenido alg\u00fan susto<\/strong>. As\u00ed fue el caso de <strong data-node-id=\"6.3\">Fani<\/strong>, que <a href=\"https:\/\/www.diezminutos.es\/teleprograma\/programas-tv\/a66091070\/fani-carbajo-golpe-miri-perez-supervivientes-all-stars-2025\/\" target=\"_blank\" data-vars-ga-outbound-link=\"https:\/\/www.diezminutos.es\/teleprograma\/programas-tv\/a66091070\/fani-carbajo-golpe-miri-perez-supervivientes-all-stars-2025\/\" data-vars-ga-ux-element=\"Hyperlink\" data-vars-ga-call-to-action=\"sufri\u00f3 un duro golpe en uno de los juegos\" data-node-id=\"6.5\" class=\"body-link css-177bzfx emevuu60\" rel=\"nofollow noopener\">sufri\u00f3 un duro golpe en uno de los juegos<\/a> (pilares de la Atl\u00e1ntida) por el que tuvo que ser atendida, paralizando el desarrollo normal de la prueba.<\/p>\n<p><img draggable=\"true\" alt=\"miri perez, accidentada en 'supervivientes' haciendo un tendedero\" title=\"Miri Perez tiene un accidente en 'supervivientes'\" loading=\"lazy\" width=\"2032\" height=\"1136\" decoding=\"async\" data-nimg=\"1\" style=\"color:transparent;width:100%;height:auto;\"   src=\"https:\/\/www.europesays.com\/es\/wp-content\/uploads\/2025\/09\/miri-perez-supervivientes-68cbba9c0bd7d.png\" class=\"css-0 e1g79fud0\"\/><\/p>\n<p>Telecinco<\/p>\n<p> Miri P\u00e9rez-Cabrera, accidentada y atendida de urgencia por el servicio m\u00e9dico: \u00abNo sabes c\u00f3mo me sangraba\u00bb<\/p>\n<p data-journey-content=\"true\" data-node-id=\"11\" class=\"css-6wxqfj emevuu60\">M\u00e1s all\u00e1 de los incidentes que puedan ocurrir en las pruebas o el malestar del propio cansancio de realizarlas  \u2014como le ocurri\u00f3 a <a href=\"https:\/\/www.diezminutos.es\/teleprograma\/programas-tv\/a66092938\/gloria-camila-miri-perez-noria-infernal-supervivientes-all-stars-2025\/\" target=\"_blank\" data-vars-ga-outbound-link=\"https:\/\/www.diezminutos.es\/teleprograma\/programas-tv\/a66092938\/gloria-camila-miri-perez-noria-infernal-supervivientes-all-stars-2025\/\" data-vars-ga-ux-element=\"Hyperlink\" data-vars-ga-call-to-action=\"Gloria Camila, que acab\u00f3 exhausta tras la noria infernal\" data-node-id=\"11.1\" class=\"body-link css-177bzfx emevuu60\" rel=\"nofollow noopener\">Gloria Camila, que acab\u00f3 exhausta tras la noria infernal<\/a>\u2014, <strong data-node-id=\"11.3\">alg\u00fan percance tambi\u00e9n ocurre haciendo tareas cotidianas en las playas de los Cayos Cochinos<\/strong>. Precisamente eso le sucedi\u00f3 a Miri P\u00e9rez-Cabrera, como vimos en el &#8216;\u00daltima Hora&#8217; de &#8216;Supervivientes All Stars&#8217; del pasado 17 de septiembre.<\/p>\n<p data-journey-content=\"true\" data-node-id=\"15\" class=\"css-6wxqfj emevuu60\">La joven, que despu\u00e9s de su <a href=\"https:\/\/www.diezminutos.es\/teleprograma\/programas-tv\/a66060850\/supervivientes-all-stars-alejandro-albala-miri-perez-tonteo-mi-amor\/\" target=\"_blank\" data-vars-ga-outbound-link=\"https:\/\/www.diezminutos.es\/teleprograma\/programas-tv\/a66060850\/supervivientes-all-stars-alejandro-albala-miri-perez-tonteo-mi-amor\/\" data-vars-ga-ux-element=\"Hyperlink\" data-vars-ga-call-to-action=\"tonteo con Alejandro Albal\u00e1\" data-node-id=\"15.1\" class=\"body-link css-177bzfx emevuu60\" rel=\"nofollow noopener\">tonteo con Alejandro Albal\u00e1<\/a> ya ha protagonizado <a href=\"https:\/\/www.diezminutos.es\/teleprograma\/programas-tv\/a66098460\/alejandro-albala-regalo-taza-miri-perez-cabrero-beso-supervivientes-all-stars\/\" target=\"_blank\" data-vars-ga-outbound-link=\"https:\/\/www.diezminutos.es\/teleprograma\/programas-tv\/a66098460\/alejandro-albala-regalo-taza-miri-perez-cabrero-beso-supervivientes-all-stars\/\" data-vars-ga-ux-element=\"Hyperlink\" data-vars-ga-call-to-action=\"el primer beso de la edici\u00f3n\" data-node-id=\"15.3\" class=\"body-link css-177bzfx emevuu60\" rel=\"nofollow noopener\">el primer beso de la edici\u00f3n<\/a>, <strong data-node-id=\"15.5\">se propuso hacer un tendedero<\/strong> para poder secar la ropa con tanta lluvia por los temporales. \u00ab<strong data-node-id=\"15.7\">Estoy harta de poner las cosas en la roca<\/strong>\u00ab, dec\u00eda Miri. \u00ab<strong data-node-id=\"15.9\">Tengo toda la ropa calada de la lluvia<\/strong>\u00ab. Aunque admit\u00eda que con agua dulce se lava bien, \u00abno la quiero secar en las rocas porque huele mucho a mar y hay cangrejos. <strong data-node-id=\"15.11\">He decidido que voy a hacer un tendedero<\/strong>\u00ab. <\/p>\n<p><img draggable=\"true\" alt=\"miri perez intenta hacer un tendedero en 'supervivientes'\" title=\"Miri Perez intenta hacer un tendedero en 'supervivientes'\" loading=\"lazy\" width=\"2025\" height=\"1128\" decoding=\"async\" data-nimg=\"1\" style=\"color:transparent;width:100%;height:auto;\"   src=\"https:\/\/www.europesays.com\/es\/wp-content\/uploads\/2025\/09\/miri-perez-tendedero-supervivientes-68cbbae9d8469.png\" class=\"css-0 e1g79fud0\"\/><\/p>\n<p>Telecinco<\/p>\n<p data-journey-content=\"true\" data-node-id=\"18\" class=\"css-6wxqfj emevuu60\"><strong data-node-id=\"18.0\">Con varias ramas y un machete, Miri se puso manos a la obra<\/strong>, midiendo y cortando a ojo. Sin embargo, al poco tiempo se escuch\u00f3 un quejido y se vio que<strong data-node-id=\"18.2\"> empezaba a sangrarle el dedo<\/strong>. Ante el contratiempo, fue hacia Tony Spina, a quien entreg\u00f3 el machete mientras su compa\u00f1ero le preguntaba si estaba bien. \u00ab<strong data-node-id=\"18.4\">Me he cortado un poco. No pasa nada, ahora vengo. Me lo voy a limpiar<\/strong>\u00ab, dec\u00eda la exconcursante de &#8216;<a href=\"https:\/\/www.diezminutos.es\/masterchef\/\" target=\"_blank\" data-vars-ga-outbound-link=\"https:\/\/www.diezminutos.es\/masterchef\/\" data-vars-ga-ux-element=\"Hyperlink\" data-vars-ga-call-to-action=\"Masterchef\" data-node-id=\"18.6\" class=\"body-link css-177bzfx emevuu60\" rel=\"nofollow noopener\">Masterchef<\/a>&#8216; dirigi\u00e9ndose al agua.<\/p>\n<p><img draggable=\"true\" alt=\"accidente de miri perez en supervivientes all stars\" title=\"Accidente de Miri Perez en Supervivientes All Stars\" loading=\"lazy\" width=\"2032\" height=\"1140\" decoding=\"async\" data-nimg=\"1\" style=\"color:transparent;width:100%;height:auto;\"   src=\"https:\/\/www.europesays.com\/es\/wp-content\/uploads\/2025\/09\/miri-accidente-supervivientes-68cbbcb02cb37.png\" class=\"css-0 e1g79fud0\"\/><\/p>\n<p>Telecinco<\/p>\n<p data-journey-content=\"true\" data-node-id=\"21\" class=\"css-6wxqfj emevuu60\">Sin embargo, aunque la superviviente le restaba importancia, <strong data-node-id=\"21.1\">fue atendida por el equipo m\u00e9dico<\/strong> de &#8216;<a href=\"https:\/\/www.diezminutos.es\/supervivientes-television\/\" target=\"_blank\" data-vars-ga-outbound-link=\"https:\/\/www.diezminutos.es\/supervivientes-television\/\" data-vars-ga-ux-element=\"Hyperlink\" data-vars-ga-call-to-action=\"Supervivientes\" data-node-id=\"21.3\" class=\"body-link css-177bzfx emevuu60\" rel=\"nofollow noopener\">Supervivientes<\/a>&#8216;, saliendo con el dedo vendado. \u00ab<strong data-node-id=\"21.5\">Me he rebanado la punta, que debe estar mi punta ah\u00ed.<\/strong> No sabes c\u00f3mo me sangraba\u00bb, explicaba. \u00ab<strong data-node-id=\"21.7\">\u00a1C\u00f3mo corta el machete!<\/strong>\u00ab.<\/p>\n","protected":false},"excerpt":{"rendered":"Miri P\u00e9rez-Cabrera tuvo que ser atendida por el servicio m\u00e9dico de &#8216;Supervivientes All Stars&#8217; despu\u00e9s de un accidente.&hellip;\n","protected":false},"author":2,"featured_media":123103,"comment_status":"","ping_status":"","sticky":false,"template":"","format":"standard","meta":{"footnotes":""},"categories":[171],"tags":[253,146,147,25,24,23,214],"class_list":{"0":"post-123102","1":"post","2":"type-post","3":"status-publish","4":"format-standard","5":"has-post-thumbnail","7":"category-tv","8":"tag-discover","9":"tag-entertainment","10":"tag-entretenimiento","11":"tag-es","12":"tag-espana","13":"tag-spain","14":"tag-tv"},"share_on_mastodon":{"url":"","error":""},"_links":{"self":[{"href":"https:\/\/www.europesays.com\/es\/wp-json\/wp\/v2\/posts\/123102","targetHints":{"allow":["GET"]}}],"collection":[{"href":"https:\/\/www.europesays.com\/es\/wp-json\/wp\/v2\/posts"}],"about":[{"href":"https:\/\/www.europesays.com\/es\/wp-json\/wp\/v2\/types\/post"}],"author":[{"embeddable":true,"href":"https:\/\/www.europesays.com\/es\/wp-json\/wp\/v2\/users\/2"}],"replies":[{"embeddable":true,"href":"https:\/\/www.europesays.com\/es\/wp-json\/wp\/v2\/comments?post=123102"}],"version-history":[{"count":0,"href":"https:\/\/www.europesays.com\/es\/wp-json\/wp\/v2\/posts\/123102\/revisions"}],"wp:featuredmedia":[{"embeddable":true,"href":"https:\/\/www.europesays.com\/es\/wp-json\/wp\/v2\/media\/123103"}],"wp:attachment":[{"href":"https:\/\/www.europesays.com\/es\/wp-json\/wp\/v2\/media?parent=123102"}],"wp:term":[{"taxonomy":"category","embeddable":true,"href":"https:\/\/www.europesays.com\/es\/wp-json\/wp\/v2\/categories?post=123102"},{"taxonomy":"post_tag","embeddable":true,"href":"https:\/\/www.europesays.com\/es\/wp-json\/wp\/v2\/tags?post=123102"}],"curies":[{"name":"wp","href":"https:\/\/api.w.org\/{rel}","templated":true}]}}