{"id":123106,"date":"2025-09-18T13:24:11","date_gmt":"2025-09-18T13:24:11","guid":{"rendered":"https:\/\/www.europesays.com\/es\/123106\/"},"modified":"2025-09-18T13:24:11","modified_gmt":"2025-09-18T13:24:11","slug":"entradas-para-la-f1-en-madrid-dos-minutos-de-preventa-y-una-lista-de-espera-de-235-000-personas-formula-1-deportes","status":"publish","type":"post","link":"https:\/\/www.europesays.com\/es\/123106\/","title":{"rendered":"Entradas para la F1 en Madrid: dos minutos de preventa y una lista de espera de 235.000 personas | F\u00f3rmula 1 | Deportes"},"content":{"rendered":"<p class=\"\">La presidenta de la Comunidad de Madrid, Isabel D\u00edaz Ayuso, ha informado este jueves de que las entradas de la F\u00f3rmula 1 se agotaron en dos minutos tras salir ya en preventa para los aficionados y registran ya una lista de espera de 235.000 personas. \u201cEl lunes sali\u00f3 a la venta las entradas, la preventa, superando todas las expectativas. Las localidades generales se agotaron en dos minutos y hay adem\u00e1s una lista de 235.000 personas. Esto significa c\u00f3mo va a ser el Gran premio F\u00f3rmula 1 para Madrid y para Espa\u00f1a\u201d, ha explicado la presidenta desde la sesi\u00f3n de control al Gobierno en la C\u00e1mara regional.<\/p>\n<p class=\"\">Esta preventa estaba destinada exclusivamente a los titulares de tarjeta American Express y estaba disponible en la web <a href=\"https:\/\/www.madring.com\" target=\"_self\" rel=\"nofollow noopener\" title=\"https:\/\/www.madring.com\">www.madring.com<\/a> del 15 de septiembre a las 10:00h hasta el 22 de septiembre a las 8:00h. El p\u00fablico general podr\u00e1 acceder a la compra a partir del martes 23 de septiembre y podr\u00e1 utilizar cualquier tipo de tarjeta para comprar localidades tanto de acceso general, como Paddock Club, hospitality y entradas de tribuna hasta agotar existencias.<\/p>\n<p class=\"\">El GP de Espa\u00f1a de F\u00f3rmula 1 se disputar\u00e1 en Madrid del 11 al 13 de septiembre de 2026. <a href=\"https:\/\/elpais.com\/espana\/madrid\/2025-06-07\/carlos-sainz-se-exhibe-en-parte-del-futuro-circuito-de-la-f-1-en-madrid.html\" rel=\"nofollow noopener\" title=\"https:\/\/elpais.com\/espana\/madrid\/2025-06-07\/carlos-sainz-se-exhibe-en-parte-del-futuro-circuito-de-la-f-1-en-madrid.html\" target=\"_blank\">El circuito, que lleva el nombre de Madring<\/a>, tendr\u00e1 5,4 kil\u00f3metros, con 22 curvas alrededor del recinto ferial de Ifema Madrid y los terrenos destinados a su expansi\u00f3n en Valdebebas. De esta forma, el circuito de Madring convivir\u00e1 con el de Montmel\u00f3 en este primer a\u00f1o, a expensas de saber qu\u00e9 pasar\u00e1 con Barcelona, cuyo contrato expira precisamente en 2026. <\/p>\n","protected":false},"excerpt":{"rendered":"La presidenta de la Comunidad de Madrid, Isabel D\u00edaz Ayuso, ha informado este jueves de que las entradas&hellip;\n","protected":false},"author":2,"featured_media":123107,"comment_status":"","ping_status":"","sticky":false,"template":"","format":"standard","meta":{"footnotes":""},"categories":[93],"tags":[1467,168,25,24,271,3515,205,23,167],"class_list":{"0":"post-123106","1":"post","2":"type-post","3":"status-publish","4":"format-standard","5":"has-post-thumbnail","7":"category-deportes","8":"tag-comunidad-de-madrid","9":"tag-deportes","10":"tag-es","11":"tag-espana","12":"tag-formula-1","13":"tag-isabel-diaz-ayuso","14":"tag-madrid","15":"tag-spain","16":"tag-sports"},"share_on_mastodon":{"url":"","error":""},"_links":{"self":[{"href":"https:\/\/www.europesays.com\/es\/wp-json\/wp\/v2\/posts\/123106","targetHints":{"allow":["GET"]}}],"collection":[{"href":"https:\/\/www.europesays.com\/es\/wp-json\/wp\/v2\/posts"}],"about":[{"href":"https:\/\/www.europesays.com\/es\/wp-json\/wp\/v2\/types\/post"}],"author":[{"embeddable":true,"href":"https:\/\/www.europesays.com\/es\/wp-json\/wp\/v2\/users\/2"}],"replies":[{"embeddable":true,"href":"https:\/\/www.europesays.com\/es\/wp-json\/wp\/v2\/comments?post=123106"}],"version-history":[{"count":0,"href":"https:\/\/www.europesays.com\/es\/wp-json\/wp\/v2\/posts\/123106\/revisions"}],"wp:featuredmedia":[{"embeddable":true,"href":"https:\/\/www.europesays.com\/es\/wp-json\/wp\/v2\/media\/123107"}],"wp:attachment":[{"href":"https:\/\/www.europesays.com\/es\/wp-json\/wp\/v2\/media?parent=123106"}],"wp:term":[{"taxonomy":"category","embeddable":true,"href":"https:\/\/www.europesays.com\/es\/wp-json\/wp\/v2\/categories?post=123106"},{"taxonomy":"post_tag","embeddable":true,"href":"https:\/\/www.europesays.com\/es\/wp-json\/wp\/v2\/tags?post=123106"}],"curies":[{"name":"wp","href":"https:\/\/api.w.org\/{rel}","templated":true}]}}