{"id":123122,"date":"2025-09-18T13:33:10","date_gmt":"2025-09-18T13:33:10","guid":{"rendered":"https:\/\/www.europesays.com\/es\/123122\/"},"modified":"2025-09-18T13:33:10","modified_gmt":"2025-09-18T13:33:10","slug":"pasion-por-el-toro-avance-taurino-2","status":"publish","type":"post","link":"https:\/\/www.europesays.com\/es\/123122\/","title":{"rendered":"Pasi\u00f3n por el toro \u2013 Avance Taurino"},"content":{"rendered":"<p>\u201cDolores Aguirre: Pasi\u00f3n por el toro\u201d, es un documental sobre esta ganadera que se estrena esta tarde a las 18:30 horas en los cines\u00a0\u00a0mk2 Palacio de Hielo \u2013 Madrid.<\/p>\n<p>Se trata de\u00a0un viaje narrativo y visual.\u00a0Un recorrido\u00a0que une campo, plaza, pensamiento, arte y emoci\u00f3n, a trav\u00e9s de quienes vivieron de cerca el legado de una mujer que fue s\u00edmbolo de autenticidad, firmeza y verdad en el mundo del toro.<\/p>\n<p>A trav\u00e9s del retrato de Dolores Aguirre, el documental plantea una reflexi\u00f3n cultural y humana sobre la Tauromaquia.<\/p>\n<p>Es una producci\u00f3n de Impulsa.tv. La obra est\u00e1 dirigida por Jos\u00e9 Pardo Ventura, realizador con una amplia trayectoria audiovisual, y gran aficionado a laTauromaquia. Con sensibilidad y rigor, Jos\u00e9 Pardo construye una pel\u00edcula que emociona e invita a la reflexi\u00f3n y al debate.<\/p>\n<p>Cinco matadores de toros comparten su visi\u00f3n de la ganader\u00eda de Dolores Aguirre: Cayetano Rivera Ord\u00f3\u00f1ez, Pep\u00edn Liria, Jos\u00e9 Pacheco \u201cEl Califa\u201d, Jos\u00e9 Antonio Campuzano y Dami\u00e1n Casta\u00f1o, as\u00ed como distintos aficionados: Eneko Andueza,\u00a0\u00a0Carlos Rodr\u00edguez,\u00a0\u00a0Jon San Jos\u00e9, Alberto Palacios, Javier Molero y Sabino Guti\u00e9rrez, Bruno Hueso y Trist\u00e1n Lezama, aficionado y amigo de Dolores Aguirre.<\/p>\n<p>No faltan testimonios de artistas y expertos, tales como Fernando Fern\u00e1ndez Rom\u00e1n, Ram\u00f3n Garc\u00eda, Domingo Delgado de la C\u00e1mara,\u00a0\u00a0Gonzalo Guadalupe, Lorenzo Caprile, \u00a0Imanol San Jos\u00e9 y Mat\u00edas Gonz\u00e1lez.<\/p>\n<p>Uno de los pilares del documental es su cuidado tratamiento musical, con la participaci\u00f3n de la Banda Sinf\u00f3nica Municipal de Bilbao, dirigida por Urbano Ru\u00edz Laorden,<\/p>\n<p>El documental cuenta con la colaboraci\u00f3n del pintor jerezano Antonio Santana, artista de reconocido prestigio internacional, cuyas obras han sido expuestas en galer\u00edas y colecciones dentro y fuera de Espa\u00f1a.<\/p>\n","protected":false},"excerpt":{"rendered":"\u201cDolores Aguirre: Pasi\u00f3n por el toro\u201d, es un documental sobre esta ganadera que se estrena esta tarde a&hellip;\n","protected":false},"author":2,"featured_media":123123,"comment_status":"","ping_status":"","sticky":false,"template":"","format":"standard","meta":{"footnotes":""},"categories":[277],"tags":[373,168,25,24,23,167,374],"class_list":{"0":"post-123122","1":"post","2":"type-post","3":"status-publish","4":"format-standard","5":"has-post-thumbnail","7":"category-toreo","8":"tag-bullfighting","9":"tag-deportes","10":"tag-es","11":"tag-espana","12":"tag-spain","13":"tag-sports","14":"tag-toreo"},"share_on_mastodon":{"url":"","error":""},"_links":{"self":[{"href":"https:\/\/www.europesays.com\/es\/wp-json\/wp\/v2\/posts\/123122","targetHints":{"allow":["GET"]}}],"collection":[{"href":"https:\/\/www.europesays.com\/es\/wp-json\/wp\/v2\/posts"}],"about":[{"href":"https:\/\/www.europesays.com\/es\/wp-json\/wp\/v2\/types\/post"}],"author":[{"embeddable":true,"href":"https:\/\/www.europesays.com\/es\/wp-json\/wp\/v2\/users\/2"}],"replies":[{"embeddable":true,"href":"https:\/\/www.europesays.com\/es\/wp-json\/wp\/v2\/comments?post=123122"}],"version-history":[{"count":0,"href":"https:\/\/www.europesays.com\/es\/wp-json\/wp\/v2\/posts\/123122\/revisions"}],"wp:featuredmedia":[{"embeddable":true,"href":"https:\/\/www.europesays.com\/es\/wp-json\/wp\/v2\/media\/123123"}],"wp:attachment":[{"href":"https:\/\/www.europesays.com\/es\/wp-json\/wp\/v2\/media?parent=123122"}],"wp:term":[{"taxonomy":"category","embeddable":true,"href":"https:\/\/www.europesays.com\/es\/wp-json\/wp\/v2\/categories?post=123122"},{"taxonomy":"post_tag","embeddable":true,"href":"https:\/\/www.europesays.com\/es\/wp-json\/wp\/v2\/tags?post=123122"}],"curies":[{"name":"wp","href":"https:\/\/api.w.org\/{rel}","templated":true}]}}