{"id":123127,"date":"2025-09-18T13:38:10","date_gmt":"2025-09-18T13:38:10","guid":{"rendered":"https:\/\/www.europesays.com\/es\/123127\/"},"modified":"2025-09-18T13:38:10","modified_gmt":"2025-09-18T13:38:10","slug":"sainz-ve-a-la-revision-de-sanciones-como-un-avance-y-pide-comisarios-fijos-en-la-f1-noticia-de-f1","status":"publish","type":"post","link":"https:\/\/www.europesays.com\/es\/123127\/","title":{"rendered":"Sainz ve a la revisi\u00f3n de sanciones como un \u00abavance\u00bb y pide comisarios fijos en la F1 &#8211; Noticia de F1"},"content":{"rendered":"<p>\n                Carlos Sainz celebra la revisi\u00f3n de la sanci\u00f3n en el GP de Pa\u00edses Bajos (Foto: Williams)\n              <\/p>\n<p><strong>Carlos Sainz<\/strong> habl\u00f3 sobre la revisi\u00f3n de la sanci\u00f3n recibida en el <strong>GP de los Pa\u00edses Bajos<\/strong>. El espa\u00f1ol recibi\u00f3 10 segundos por el toque con <strong>Liam Lawson<\/strong>, adem\u00e1s de dos puntos en su superlicencia. Tras una solicitud de <strong>Williams<\/strong>, la <strong>Federaci\u00f3n Internacional del Autom\u00f3vil (FIA)<\/strong> revis\u00f3 el episodio y anul\u00f3 la quita de puntos en la licencia, manteniendo solo la penalizaci\u00f3n en tiempo, ya cumplida en <strong>Zandvoort<\/strong>.<\/p>\n<p>\ud83d\udfe5\u00a0<strong>\u00a1Todas las novedades te esperan en el canal de\u00a0<\/strong><a href=\"https:\/\/www.youtube.com\/@GrandePremioES\" rel=\"nofollow noopener\" target=\"_blank\">YouTube<\/a><strong>\u00a0de Grande Pr\u00eamio en Espa\u00f1ol!<\/strong>\u00a0\ud83d\udfe8<\/p>\n<p>Para el espa\u00f1ol, el episodio representa un avance de la federaci\u00f3n en la forma de analizar los incidentes y corregir las decisiones cuando es necesario. En una entrevista en la jornada de prensa en <strong>Azerbaiy\u00e1n<\/strong>, <strong>Sainz <\/strong>admiti\u00f3 que no es habitual que se revisen los veredictos de los comisarios, pero destac\u00f3 que, en situaciones obvias, la entidad debe contar con mecanismos para actuar, como fue el caso.<\/p>\n<p>\u00abEs inusual que se revierta una decisi\u00f3n, pero no deber\u00eda serlo, porque no es como si todos quisi\u00e9ramos cambiar y impugnar todas las decisiones posibles tomadas por los comisarios. Pero, en este caso, creo que era tan obvio que hab\u00eda que analizarlo, y me alegro de que la <strong>FIA <\/strong>tuviera el mecanismo para hacerlo\u00bb, afirm\u00f3.<\/p>\n<p>\u00abEsto dice mucho sobre el incidente en s\u00ed, pero tambi\u00e9n sobre lo mucho que avanz\u00f3 la FIA en t\u00e9rminos de analizar estos casos y rectificar una decisi\u00f3n\u00bb, afirm\u00f3.<\/p>\n<p>\u23e9\u00a0<strong>\u00a1Seguinos en redes por\u00a0<\/strong><a href=\"https:\/\/twitter.com\/grandepremioES\" rel=\"nofollow noopener\" target=\"_blank\">Twitter\u00a0<\/a><strong>e\u00a0<\/strong><a href=\"https:\/\/www.instagram.com\/grandepremioes\/\" rel=\"nofollow noopener\" target=\"_blank\">Instagram!<\/a><br \/>\u23e9\u00a0<strong>Adem\u00e1s, tenemos nuestro\u00a0<\/strong><a href=\"https:\/\/whatsapp.com\/channel\/0029VaDZ5zb0gcfDxuwxBM05\" rel=\"nofollow noopener\" target=\"_blank\">canal de Whatsapp<\/a><strong>\u00a0con toda la informaci\u00f3n al instante<\/strong>\u00a0\ud83c\udfc1<\/p>\n<p><img decoding=\"async\" data-attachment-id=\"361841\" data-permalink=\"https:\/\/grandepremio.com\/es\/italia-2025-f1-treinos-livres-williams-carlos-sainz-03\/\" data-orig-file=\"https:\/\/grandepremio.com\/cdn-cgi\/image\/width=893,height=558,fit=contain,gravity=0.5x0.5,quality=75,format=webp\/es\/wp-content\/uploads\/..\/gp_br_uploads\/2025\/09\/italia-2025-f1-treinos-livres-williams-carlos-sainz-03.jpg\" data-orig-size=\"\" data-comments-opened=\"1\" data-image-meta=\"[]\" data-image-title=\"it\u00e1lia-2025-f1-treinos-livres-williams-carlos-sainz-03\" data-image-description=\"\" data-image-caption=\"&lt;p&gt;Carlos Sainz pide \u00abmayor coherencia\u00bb en los criterios de sanci\u00f3n (Foto: Williams)&lt;\/p&gt;&#10;\" data-medium-file=\"https:\/\/grandepremio.com\/cdn-cgi\/image\/width=893,height=558,fit=contain,gravity=0.5x0.5,quality=75,format=webp\/es\/wp-content\/uploads\/..\/gp_br_uploads\/2025\/09\/italia-2025-f1-treinos-livres-williams-carlos-sainz-03.jpg\" data-large-file=\"https:\/\/grandepremio.com\/cdn-cgi\/image\/width=893,height=558,fit=contain,gravity=0.5x0.5,quality=75,format=webp\/es\/wp-content\/uploads\/..\/gp_br_uploads\/2025\/09\/italia-2025-f1-treinos-livres-williams-carlos-sainz-03.jpg\" src=\"https:\/\/www.europesays.com\/es\/wp-content\/uploads\/2025\/09\/italia-2025-f1-treinos-livres-williams-carlos-sainz-03.jpg\" alt=\"\" class=\"wp-image-361841\"\/>Carlos Sainz pide \u00abmayor coherencia\u00bb en los criterios de sanci\u00f3n (Foto: Williams)<\/p>\n<p><strong>Sainz <\/strong>tambi\u00e9n defendi\u00f3 cambios estructurales para el futuro. Entre las ideas, la principal es la adopci\u00f3n de comisarios permanentes, lo que, seg\u00fan \u00e9l, podr\u00eda reducir las inconsistencias en los an\u00e1lisis y reforzar la credibilidad de la <strong>FIA<\/strong>.<\/p>\n<p>\u201cDe cara al futuro, lo \u00fanico que podr\u00eda defender es la presencia de comisarios permanentes. Es algo que ayudar\u00eda en casos como este y permitir\u00eda seguir trabajando en grupo para ver c\u00f3mo podemos ayudar a la <strong>FIA <\/strong>a seguir mejorando en el juicio de este tipo de decisiones\u201d, concluy\u00f3.<\/p>\n<p>La\u00a0<strong>F1\u00a0<\/strong>vuelve a la acci\u00f3n este fin de semana, del 19 al 21 de septiembre, para disputar el\u00a0<strong>GP de Azerbaiy\u00e1n<\/strong>\u00a0en\u00a0<strong>Bak\u00fa<\/strong>, decimos\u00e9ptima fecha de la temporada 2025.<\/p>\n<p>      <script async src=\"https:\/\/platform.twitter.com\/widgets.js\" charset=\"utf-8\"><\/script><script async src=\"\/\/www.instagram.com\/embed.js\"><\/script><\/p>\n","protected":false},"excerpt":{"rendered":"Carlos Sainz celebra la revisi\u00f3n de la sanci\u00f3n en el GP de Pa\u00edses Bajos (Foto: Williams) Carlos Sainz&hellip;\n","protected":false},"author":2,"featured_media":123128,"comment_status":"","ping_status":"","sticky":false,"template":"","format":"standard","meta":{"footnotes":""},"categories":[270],"tags":[168,25,24,306,271,272,23,167],"class_list":{"0":"post-123127","1":"post","2":"type-post","3":"status-publish","4":"format-standard","5":"has-post-thumbnail","7":"category-formula-1","8":"tag-deportes","9":"tag-es","10":"tag-espana","11":"tag-f1","12":"tag-formula-1","13":"tag-formula1","14":"tag-spain","15":"tag-sports"},"share_on_mastodon":{"url":"","error":""},"_links":{"self":[{"href":"https:\/\/www.europesays.com\/es\/wp-json\/wp\/v2\/posts\/123127","targetHints":{"allow":["GET"]}}],"collection":[{"href":"https:\/\/www.europesays.com\/es\/wp-json\/wp\/v2\/posts"}],"about":[{"href":"https:\/\/www.europesays.com\/es\/wp-json\/wp\/v2\/types\/post"}],"author":[{"embeddable":true,"href":"https:\/\/www.europesays.com\/es\/wp-json\/wp\/v2\/users\/2"}],"replies":[{"embeddable":true,"href":"https:\/\/www.europesays.com\/es\/wp-json\/wp\/v2\/comments?post=123127"}],"version-history":[{"count":0,"href":"https:\/\/www.europesays.com\/es\/wp-json\/wp\/v2\/posts\/123127\/revisions"}],"wp:featuredmedia":[{"embeddable":true,"href":"https:\/\/www.europesays.com\/es\/wp-json\/wp\/v2\/media\/123128"}],"wp:attachment":[{"href":"https:\/\/www.europesays.com\/es\/wp-json\/wp\/v2\/media?parent=123127"}],"wp:term":[{"taxonomy":"category","embeddable":true,"href":"https:\/\/www.europesays.com\/es\/wp-json\/wp\/v2\/categories?post=123127"},{"taxonomy":"post_tag","embeddable":true,"href":"https:\/\/www.europesays.com\/es\/wp-json\/wp\/v2\/tags?post=123127"}],"curies":[{"name":"wp","href":"https:\/\/api.w.org\/{rel}","templated":true}]}}