{"id":123135,"date":"2025-09-18T13:42:07","date_gmt":"2025-09-18T13:42:07","guid":{"rendered":"https:\/\/www.europesays.com\/es\/123135\/"},"modified":"2025-09-18T13:42:07","modified_gmt":"2025-09-18T13:42:07","slug":"un-picasso-oculto-durante-ocho-decadas-en-el-salon-de-una-familia-saldra-a-subasta-con-un-valor-estimado-de-ocho-millones-cultura","status":"publish","type":"post","link":"https:\/\/www.europesays.com\/es\/123135\/","title":{"rendered":"Un \u2018picasso\u2019 oculto durante ocho d\u00e9cadas en el sal\u00f3n de una familia saldr\u00e1 a subasta con un valor estimado de ocho millones | Cultura"},"content":{"rendered":"<p class=\"\">Un retrato in\u00e9dito de Dora Maar <a href=\"https:\/\/elpais.com\/cultura\/2023-04-08\/medio-siglo-sin-picasso-guia-para-adentrarse-en-su-vida-y-obra.html\" target=\"_self\" rel=\"nofollow noopener\" title=\"https:\/\/elpais.com\/cultura\/2023-04-08\/medio-siglo-sin-picasso-guia-para-adentrarse-en-su-vida-y-obra.html\">pintado por Pablo Picasso en 1943<\/a> y mantenido en secreto durante m\u00e1s de 80 a\u00f1os por la familia propietaria fue presentado este mi\u00e9rcoles por la casa de subastas Drouot de Par\u00eds, que lo pondr\u00e1 a la venta el pr\u00f3ximo 24 de octubre con una estimaci\u00f3n de 8 millones de euros. La obra, Busto de mujer con sombrero de flores, forma parte de la serie Mujeres con sombrero y no hab\u00eda salido al mercado ni hab\u00eda sido expuesta.<\/p>\n<p>M\u00e1s informaci\u00f3n<\/p>\n<p class=\"\">El lienzo permaneci\u00f3 en manos de una misma familia \u2015que quiere permanecer en el anonimato\u2015 desde 1944, cuando fue adquirido por el abuelo de los actuales herederos en plena ocupaci\u00f3n alemana de Francia, poco antes de la liberaci\u00f3n de Par\u00eds. Durante generaciones estuvo colgado en el domicilio familiar y seg\u00fan han relatado los propietarios, los ni\u00f1os jugaban en la sala donde estaba sin ser conscientes de que conviv\u00edan con un picasso.<\/p>\n<p class=\"\">\u201cEl redescubrimiento de este retrato constituye un gran acontecimiento tanto para el mercado del arte como para la historia de Picasso\u201d, subray\u00f3 Christophe Lucien, <a href=\"https:\/\/drouot.com\/\" target=\"_self\" rel=\"nofollow noopener\" title=\"https:\/\/drouot.com\/\">comisario de Drouot<\/a>. El cuadro sale al mercado despu\u00e9s de que la casa de subastas hiciera un inventario para la herencia de los propietarios. Lucien destac\u00f3 el car\u00e1cter excepcional de la pieza: \u201cEs un jal\u00f3n en la historia de Picasso, pintado el 11 de julio de 1943, en pleno Par\u00eds ocupado (por los nazis). Conserva toda su frescura, sin restauraciones ni barniz, y sorprende por la intensidad de sus colores, lo que contrasta con la imagen sombr\u00eda de su obra\u201d durante la Segunda Guerra Mundial.<\/p>\n<p class=\"\"><a href=\"https:\/\/elpais.com\/espana\/madrid\/2025-09-04\/objetivo-dora-maar.html\" target=\"_self\" rel=\"nofollow noopener\" title=\"https:\/\/elpais.com\/espana\/madrid\/2025-09-04\/objetivo-dora-maar.html\">Maar, fot\u00f3grafa, artista y pareja<\/a> del pintor entre 1936 y 1945, aparece en esta obra pintada en la \u00faltima parte de su relaci\u00f3n, coincidiendo con la entrada en la vida de Picasso de Fran\u00e7oise Gilot. \u201cEl sombrero, atributo predilecto de Dora, se convierte aqu\u00ed en una corona y un contrapunto a la fragmentaci\u00f3n del rostro, cargado de melancol\u00eda\u201d, a\u00f1adi\u00f3 la experta Agn\u00e8s Sevestre-Barb\u00e9.<\/p>\n<p class=\"\">Picasso s\u00f3lo hab\u00eda presentado este lienzo en una exposici\u00f3n privada con algunos de sus amigos, como Jean Marais y Jean Cocteau en su taller de la calle de los Grands-Augustins de Par\u00eds, donde el pintor permaneci\u00f3 confinado durante la guerra. Hasta ahora se conoc\u00eda \u00fanicamente a trav\u00e9s de dos fotograf\u00edas en blanco y negro de Brassai, tomadas en ese momento, y que fueron utilizada en el cat\u00e1logo razonado de Christian Zervos. Validada ahora como aut\u00e9ntica por el Comit\u00e9 Picasso y la Picasso Administration, la pieza tiene una importancia hist\u00f3rica, seg\u00fan la casa de subastas.<\/p>\n<p class=\"\">\u201cLo extraordinario\u201d es que sale a subasta sin precio de reserva, es decir sin un precio m\u00ednimo de partida, \u201calgo muy poco com\u00fan en<a href=\"https:\/\/elpais.com\/espana\/madrid\/2025-09-04\/objetivo-dora-maar.html\" target=\"_self\" rel=\"nofollow noopener\" title=\"https:\/\/elpais.com\/espana\/madrid\/2025-09-04\/objetivo-dora-maar.html\"> un retrato de Dora Maar\u201d<\/a>, destac\u00f3 Lucien, quien hizo notar el contraste con otros retratos m\u00e1s duros de la musa: aqu\u00ed aparece con un rostro m\u00e1s amable, de colores vibrantes.<\/p>\n","protected":false},"excerpt":{"rendered":"Un retrato in\u00e9dito de Dora Maar pintado por Pablo Picasso en 1943 y mantenido en secreto durante m\u00e1s&hellip;\n","protected":false},"author":2,"featured_media":123136,"comment_status":"","ping_status":"","sticky":false,"template":"","format":"standard","meta":{"footnotes":""},"categories":[173],"tags":[229,233,231,230,4194,209,232,234,146,147,25,24,504,503,23,21362,21363],"class_list":{"0":"post-123135","1":"post","2":"type-post","3":"status-publish","4":"format-standard","5":"has-post-thumbnail","7":"category-arte-y-diseno","8":"tag-arte","9":"tag-arte-y-diseno","10":"tag-arts","11":"tag-arts-and-design","12":"tag-cuadros","13":"tag-cultura","14":"tag-design","15":"tag-diseno","16":"tag-entertainment","17":"tag-entretenimiento","18":"tag-es","19":"tag-espana","20":"tag-pablo-picasso","21":"tag-pintura","22":"tag-spain","23":"tag-subastas","24":"tag-subastas-arte"},"share_on_mastodon":{"url":"","error":""},"_links":{"self":[{"href":"https:\/\/www.europesays.com\/es\/wp-json\/wp\/v2\/posts\/123135","targetHints":{"allow":["GET"]}}],"collection":[{"href":"https:\/\/www.europesays.com\/es\/wp-json\/wp\/v2\/posts"}],"about":[{"href":"https:\/\/www.europesays.com\/es\/wp-json\/wp\/v2\/types\/post"}],"author":[{"embeddable":true,"href":"https:\/\/www.europesays.com\/es\/wp-json\/wp\/v2\/users\/2"}],"replies":[{"embeddable":true,"href":"https:\/\/www.europesays.com\/es\/wp-json\/wp\/v2\/comments?post=123135"}],"version-history":[{"count":0,"href":"https:\/\/www.europesays.com\/es\/wp-json\/wp\/v2\/posts\/123135\/revisions"}],"wp:featuredmedia":[{"embeddable":true,"href":"https:\/\/www.europesays.com\/es\/wp-json\/wp\/v2\/media\/123136"}],"wp:attachment":[{"href":"https:\/\/www.europesays.com\/es\/wp-json\/wp\/v2\/media?parent=123135"}],"wp:term":[{"taxonomy":"category","embeddable":true,"href":"https:\/\/www.europesays.com\/es\/wp-json\/wp\/v2\/categories?post=123135"},{"taxonomy":"post_tag","embeddable":true,"href":"https:\/\/www.europesays.com\/es\/wp-json\/wp\/v2\/tags?post=123135"}],"curies":[{"name":"wp","href":"https:\/\/api.w.org\/{rel}","templated":true}]}}