{"id":123157,"date":"2025-09-18T13:54:13","date_gmt":"2025-09-18T13:54:13","guid":{"rendered":"https:\/\/www.europesays.com\/es\/123157\/"},"modified":"2025-09-18T13:54:13","modified_gmt":"2025-09-18T13:54:13","slug":"comunicado-de-alcaldia-sobre-el-pleno-extraordinario-de-caracter-urgente-celebrado-el-17-de-septiembre-de-2025","status":"publish","type":"post","link":"https:\/\/www.europesays.com\/es\/123157\/","title":{"rendered":"Comunicado de Alcald\u00eda sobre el Pleno Extraordinario de car\u00e1cter urgente celebrado el 17 de septiembre de 2025"},"content":{"rendered":"<p>\t\t\t\t\t\ud83d\udd0a Escuchar la entrada<\/p>\n<p>El pasado mi\u00e9rcoles 17 de septiembre, se celebr\u00f3 en Hoyo de Manzanares un <strong>Pleno Extraordinario de car\u00e1cter urgente<\/strong>, convocado por la necesidad de tratar asuntos de relevancia relacionados con el <a href=\"https:\/\/www.hoyodemanzanares.es\/equipo-gobierno-aprueba-pagos-proveedores\/\" target=\"_blank\" rel=\"noopener nofollow\">pago a proveedores<\/a> y una transferencia de cr\u00e9dito de 150.000 \u20ac entre diferentes \u00e1reas de funci\u00f3n. Esta trasferencia permitir\u00e1 el adelanto de la subvenci\u00f3n concedida para el Plan de Cooperaci\u00f3n, destinada al nuevo parking en el Polideportivo Municipal y la nueva pista de p\u00e1del.<\/p>\n<p>Para poder solicitar por anticipado los 150.000 \u20ac, el Ayuntamiento debe justificar a la Comunidad de Madrid que dispone del 20% de la inversi\u00f3n. Este procedimiento conlleva un plazo de entrega que es necesario cumplir.<\/p>\n<p>Dado que los temas a tratar eran de car\u00e1cter urgente, y conforme a la normativa vigente (art\u00edculo 46 de la Ley de Bases Reguladoras de R\u00e9gimen Local*), se procedi\u00f3 a convocar la sesi\u00f3n en el marco de un procedimiento extraordinario urgente, que seg\u00fan ley no requiere plazos m\u00ednimos de convocatoria.<\/p>\n<p><strong>*Art.46 de la Ley de Bases Reguladoras de R\u00e9gimen Local: <\/strong><\/p>\n<p>\u201cLas sesiones plenarias han de convocarse, al menos, con dos d\u00edas h\u00e1biles de antelaci\u00f3n, <strong>salvo las extraordinarias que lo hayan sido con car\u00e1cter urgente, cuya convocatoria con este car\u00e1cter deber\u00e1 ser ratificada por el Pleno<\/strong>. La documentaci\u00f3n \u00edntegra de los asuntos incluidos en el orden del d\u00eda, que deba servir de base al debate y, en su caso, votaci\u00f3n, deber\u00e1 figurar a disposici\u00f3n de los concejales o Diputados, desde el mismo d\u00eda de la convocatoria, en la Secretar\u00eda de la Corporaci\u00f3n\u201d. <\/p>\n<p>\u00a0<\/p>\n<p>Respecto al proceso de convocatoria se notific\u00f3 y se puso a disposici\u00f3n a todos los miembros desde el d\u00eda anterior:<\/p>\n<ol>\n<li><strong>Desde Alcald\u00eda se notific\u00f3 a los miembros de manera telef\u00f3nica a las 13:43 horas.<\/strong><\/li>\n<li><strong>La convocatoria se adelant\u00f3 a las 18:05 h a trav\u00e9s de WhatsApp.<\/strong><\/li>\n<li><strong>Por sede electr\u00f3nica, se notific\u00f3, con los permisos pertinentes para los expedientes, entre las 18:28 \u2013 18:35 horas. Seg\u00fan consta en el sistema de registro electr\u00f3nico, dicha notificaci\u00f3n fue abierta \u00fanicamente por el concejal no adscrito Manuel Villares.<\/strong><\/li>\n<\/ol>\n<p><img loading=\"lazy\" decoding=\"async\" class=\"alignnone wp-image-54566 \" src=\"https:\/\/www.europesays.com\/es\/wp-content\/uploads\/2025\/09\/Comunicado-de-Alcaldia-sobre-el-Pleno-Extraordinario-de-caracter-urgente_page-0002-e1758201140465.jp.jpeg\" alt=\"\" width=\"752\" height=\"1029\"\/><\/p>\n<p>El abandono de la sesi\u00f3n plenaria por parte de los concejales de la oposici\u00f3n es injustificable, responde a una decisi\u00f3n premeditada, y a una falta de compromiso y responsabilidad por los asuntos cruciales del municipio, como es la estabilidad financiera y el pago a las empresas locales para el correcto desarrollo de los servicios destinados a la ciudadan\u00eda.<\/p>\n<p><strong>Atentamente,<\/strong><\/p>\n<p>Victoria Barderas, alcaldesa de Hoyo de Manzanares.<\/p>\n","protected":false},"excerpt":{"rendered":"\ud83d\udd0a Escuchar la entrada El pasado mi\u00e9rcoles 17 de septiembre, se celebr\u00f3 en Hoyo de Manzanares un Pleno&hellip;\n","protected":false},"author":2,"featured_media":123158,"comment_status":"","ping_status":"","sticky":false,"template":"","format":"standard","meta":{"footnotes":""},"categories":[5],"tags":[17,18,25,24,13,14,11,19,20,9,10,15,16,23,12,21,22],"class_list":{"0":"post-123157","1":"post","2":"type-post","3":"status-publish","4":"format-standard","5":"has-post-thumbnail","7":"category-titulares","8":"tag-breaking-news","9":"tag-breakingnews","10":"tag-es","11":"tag-espana","12":"tag-featured-news","13":"tag-featurednews","14":"tag-headlines","15":"tag-latest-news","16":"tag-latestnews","17":"tag-news","18":"tag-noticias","19":"tag-noticias-destacadas","20":"tag-noticiasdestacadas","21":"tag-spain","22":"tag-titulares","23":"tag-ultimas-noticias","24":"tag-ultimasnoticias"},"share_on_mastodon":{"url":"","error":""},"_links":{"self":[{"href":"https:\/\/www.europesays.com\/es\/wp-json\/wp\/v2\/posts\/123157","targetHints":{"allow":["GET"]}}],"collection":[{"href":"https:\/\/www.europesays.com\/es\/wp-json\/wp\/v2\/posts"}],"about":[{"href":"https:\/\/www.europesays.com\/es\/wp-json\/wp\/v2\/types\/post"}],"author":[{"embeddable":true,"href":"https:\/\/www.europesays.com\/es\/wp-json\/wp\/v2\/users\/2"}],"replies":[{"embeddable":true,"href":"https:\/\/www.europesays.com\/es\/wp-json\/wp\/v2\/comments?post=123157"}],"version-history":[{"count":0,"href":"https:\/\/www.europesays.com\/es\/wp-json\/wp\/v2\/posts\/123157\/revisions"}],"wp:featuredmedia":[{"embeddable":true,"href":"https:\/\/www.europesays.com\/es\/wp-json\/wp\/v2\/media\/123158"}],"wp:attachment":[{"href":"https:\/\/www.europesays.com\/es\/wp-json\/wp\/v2\/media?parent=123157"}],"wp:term":[{"taxonomy":"category","embeddable":true,"href":"https:\/\/www.europesays.com\/es\/wp-json\/wp\/v2\/categories?post=123157"},{"taxonomy":"post_tag","embeddable":true,"href":"https:\/\/www.europesays.com\/es\/wp-json\/wp\/v2\/tags?post=123157"}],"curies":[{"name":"wp","href":"https:\/\/api.w.org\/{rel}","templated":true}]}}