{"id":123159,"date":"2025-09-18T13:55:09","date_gmt":"2025-09-18T13:55:09","guid":{"rendered":"https:\/\/www.europesays.com\/es\/123159\/"},"modified":"2025-09-18T13:55:09","modified_gmt":"2025-09-18T13:55:09","slug":"atv-emite-en-directo-la-final-de-la-copa-de-andalucia-femenina-de-balonmano","status":"publish","type":"post","link":"https:\/\/www.europesays.com\/es\/123159\/","title":{"rendered":"ATV emite en directo la final de la Copa de Andaluc\u00eda Femenina de Balonmano"},"content":{"rendered":"<p><strong>Andaluc\u00eda Televisi\u00f3n<\/strong> emite este s\u00e1bado, 20 de septiembre, la <strong>final de la Copa de\u00a0Andaluc\u00eda Femenina de Balonmano (12:00 horas)<\/strong>. El encuentro se emite en directo desde el <strong>Palacio de los Juegos del Mediterr\u00e1neo de Almer\u00eda<\/strong>.<\/p>\n<p>El partido lo disputar\u00e1n el <strong>Costa del Sol M\u00e1laga<\/strong>, \u00fanico representante andaluz en la m\u00e1xima categor\u00eda nacional, y el <strong>Sepisur C\u00f3rdoba<\/strong>, que se impuso en semifinales al Helvetia Montequinto de Sevilla. La narraci\u00f3n ser\u00e1 de Juan Carlos Tirado y los comentarios de Jos\u00e9 Manuel Molina.<\/p>\n<p><strong>Fecha de emisi\u00f3n: s\u00e1bado, 20 de septiembre, a las 12:00 horas en Andaluc\u00eda Televisi\u00f3n (ATV).<\/strong><\/p>\n","protected":false},"excerpt":{"rendered":"Andaluc\u00eda Televisi\u00f3n emite este s\u00e1bado, 20 de septiembre, la final de la Copa de\u00a0Andaluc\u00eda Femenina de Balonmano (12:00&hellip;\n","protected":false},"author":2,"featured_media":123160,"comment_status":"","ping_status":"","sticky":false,"template":"","format":"standard","meta":{"footnotes":""},"categories":[278],"tags":[376,168,25,24,375,23,167],"class_list":{"0":"post-123159","1":"post","2":"type-post","3":"status-publish","4":"format-standard","5":"has-post-thumbnail","7":"category-balonmano","8":"tag-balonmano","9":"tag-deportes","10":"tag-es","11":"tag-espana","12":"tag-handball","13":"tag-spain","14":"tag-sports"},"share_on_mastodon":{"url":"","error":""},"_links":{"self":[{"href":"https:\/\/www.europesays.com\/es\/wp-json\/wp\/v2\/posts\/123159","targetHints":{"allow":["GET"]}}],"collection":[{"href":"https:\/\/www.europesays.com\/es\/wp-json\/wp\/v2\/posts"}],"about":[{"href":"https:\/\/www.europesays.com\/es\/wp-json\/wp\/v2\/types\/post"}],"author":[{"embeddable":true,"href":"https:\/\/www.europesays.com\/es\/wp-json\/wp\/v2\/users\/2"}],"replies":[{"embeddable":true,"href":"https:\/\/www.europesays.com\/es\/wp-json\/wp\/v2\/comments?post=123159"}],"version-history":[{"count":0,"href":"https:\/\/www.europesays.com\/es\/wp-json\/wp\/v2\/posts\/123159\/revisions"}],"wp:featuredmedia":[{"embeddable":true,"href":"https:\/\/www.europesays.com\/es\/wp-json\/wp\/v2\/media\/123160"}],"wp:attachment":[{"href":"https:\/\/www.europesays.com\/es\/wp-json\/wp\/v2\/media?parent=123159"}],"wp:term":[{"taxonomy":"category","embeddable":true,"href":"https:\/\/www.europesays.com\/es\/wp-json\/wp\/v2\/categories?post=123159"},{"taxonomy":"post_tag","embeddable":true,"href":"https:\/\/www.europesays.com\/es\/wp-json\/wp\/v2\/tags?post=123159"}],"curies":[{"name":"wp","href":"https:\/\/api.w.org\/{rel}","templated":true}]}}