{"id":123161,"date":"2025-09-18T13:56:09","date_gmt":"2025-09-18T13:56:09","guid":{"rendered":"https:\/\/www.europesays.com\/es\/123161\/"},"modified":"2025-09-18T13:56:09","modified_gmt":"2025-09-18T13:56:09","slug":"el-cid-mejor-faena-de-la-feria-de-albacete","status":"publish","type":"post","link":"https:\/\/www.europesays.com\/es\/123161\/","title":{"rendered":"El Cid, Mejor Faena de la Feria de Albacete"},"content":{"rendered":"<p>\t\t\t\t\t30<\/p>\n<p><strong>Por decisi\u00f3n de los miembros del jurado del Trofeo El Callej\u00f3n a la Mejor Faena de la Feria de Albacete, el galard\u00f3n ha reca\u00eddo en el matador de toros sevillano Manuel Jes\u00fas El Cid, por la ejecutada al toro Hur\u00f3n de la ganader\u00eda de La Quinta; toro herrado con el n\u00famero 66, de 515 kilos de peso y nacido en noviembre de 2020, de pelo c\u00e1rdeno.<\/strong><\/p>\n<p>El Cid entr\u00f3 en el cartel en sustituci\u00f3n del lesionado Fernando Adri\u00e1n e hizo el pase\u00edllo junto a los albacete\u00f1os Molina y Alejandro Pe\u00f1aranda.<\/p>\n<p>El Cid ya conquist\u00f3 el trofeo a la Mejor Faena de Albacete 21 a\u00f1os antes, en 2004, por una soberbia actuaci\u00f3n ante un toro de Montalvo, faena que tuvo una repercusi\u00f3n de \u00e1mbito nacional y que comenz\u00f3 a cimentar su cambio de situaci\u00f3n hacia figura del toreo.<\/p>\n<p>La faena a Hur\u00f3n fue de un clasicismo irreprochable, con ayudados al comenzar y para finalizar el largo trasteo de series templad\u00edsimas de cinco y seis muletazos, de mano baja a un toro que fue entreg\u00e1ndose a las mu\u00f1ecas sueltas del torero, que hab\u00eda brindado al p\u00fablico. Si con la diestra fue bueno, con la zurda, superior. Se dio la circunstancia de que la m\u00fasica tard\u00f3 en hacer adem\u00e1n de arrancarse y luego ya no fue posible, ante las protestas del p\u00fablico que se puso de parte del torero que hab\u00eda reclamado toreramente el reconocimiento a su quehacer por la banda que debe amenizar la funci\u00f3n. Con algo m\u00e1s de media plaza, los ol\u00e9s sonaron de una manera pocas veces o\u00edda en tardes de lleno hasta la bandera.<\/p>\n<p>El triunfo fue rotundo ante un toro que fue de los mejores de toda la Feria, por clase, fijeza y duraci\u00f3n.<\/p>\n<p>El Cid pinch\u00f3 a la primera y dej\u00f3 una estocada algo m\u00e1s que ca\u00edda, lo que no impidi\u00f3 una inmensa petici\u00f3n de oreja, que fue atendida, y ya menor de la segunda, que no proced\u00eda, por el uso de los aceros.<\/p>\n<p>El jurado tambi\u00e9n tom\u00f3 en consideraci\u00f3n faenas de Sebasti\u00e1n Castella, Paco Ure\u00f1a y Roca Rey.<\/p>\n<p>El restaurante El Callej\u00f3n, que concede el trofeo decano de Albacete a las actuaciones de toreros, comenz\u00f3 a concederlo en 1.987 y no ha sido interrumpido salvo por las restricciones a los espect\u00e1culos taurinos en 2020, a causa de la pandemia.<\/p>\n","protected":false},"excerpt":{"rendered":"30 Por decisi\u00f3n de los miembros del jurado del Trofeo El Callej\u00f3n a la Mejor Faena de la&hellip;\n","protected":false},"author":2,"featured_media":123162,"comment_status":"","ping_status":"","sticky":false,"template":"","format":"standard","meta":{"footnotes":""},"categories":[277],"tags":[2545,373,168,25,24,599,23,167,374,444,7132],"class_list":{"0":"post-123161","1":"post","2":"type-post","3":"status-publish","4":"format-standard","5":"has-post-thumbnail","7":"category-toreo","8":"tag-albacete","9":"tag-bullfighting","10":"tag-deportes","11":"tag-es","12":"tag-espana","13":"tag-feria","14":"tag-spain","15":"tag-sports","16":"tag-toreo","17":"tag-toros","18":"tag-trofeo"},"share_on_mastodon":{"url":"","error":""},"_links":{"self":[{"href":"https:\/\/www.europesays.com\/es\/wp-json\/wp\/v2\/posts\/123161","targetHints":{"allow":["GET"]}}],"collection":[{"href":"https:\/\/www.europesays.com\/es\/wp-json\/wp\/v2\/posts"}],"about":[{"href":"https:\/\/www.europesays.com\/es\/wp-json\/wp\/v2\/types\/post"}],"author":[{"embeddable":true,"href":"https:\/\/www.europesays.com\/es\/wp-json\/wp\/v2\/users\/2"}],"replies":[{"embeddable":true,"href":"https:\/\/www.europesays.com\/es\/wp-json\/wp\/v2\/comments?post=123161"}],"version-history":[{"count":0,"href":"https:\/\/www.europesays.com\/es\/wp-json\/wp\/v2\/posts\/123161\/revisions"}],"wp:featuredmedia":[{"embeddable":true,"href":"https:\/\/www.europesays.com\/es\/wp-json\/wp\/v2\/media\/123162"}],"wp:attachment":[{"href":"https:\/\/www.europesays.com\/es\/wp-json\/wp\/v2\/media?parent=123161"}],"wp:term":[{"taxonomy":"category","embeddable":true,"href":"https:\/\/www.europesays.com\/es\/wp-json\/wp\/v2\/categories?post=123161"},{"taxonomy":"post_tag","embeddable":true,"href":"https:\/\/www.europesays.com\/es\/wp-json\/wp\/v2\/tags?post=123161"}],"curies":[{"name":"wp","href":"https:\/\/api.w.org\/{rel}","templated":true}]}}