{"id":123163,"date":"2025-09-18T14:00:07","date_gmt":"2025-09-18T14:00:07","guid":{"rendered":"https:\/\/www.europesays.com\/es\/123163\/"},"modified":"2025-09-18T14:00:07","modified_gmt":"2025-09-18T14:00:07","slug":"talento-checo-para-el-movistar","status":"publish","type":"post","link":"https:\/\/www.europesays.com\/es\/123163\/","title":{"rendered":"Talento checo para el Movistar"},"content":{"rendered":"<p class=\"\">En la pasada Vuelta,<a href=\"https:\/\/as.com\/ciclismo\/mas_ciclismo\/primer-fichaje-del-movistar-llega-raul-garcia-pierna-n\/\" target=\"_self\" rel=\"nofollow noopener\" title=\"https:\/\/as.com\/ciclismo\/mas_ciclismo\/primer-fichaje-del-movistar-llega-raul-garcia-pierna-n\/\"> tras adelantar los fichajes de<\/a> Ra\u00fal Garc\u00eda Pierna, Juanpe L\u00f3pez y Roger Adri\u00e0, en este medio inform\u00e1bamos de nuevos fichajes a corto plazo. <a href=\"https:\/\/x.com\/As_Ciclismo\/status\/1965705139895066810\" target=\"_self\" rel=\"nofollow\" title=\"https:\/\/x.com\/As_Ciclismo\/status\/1965705139895066810\"><b>\u201cY habr\u00e1 m\u00e1s&#8230;\u201d, <\/b><\/a><b>y se trata del checo Pavel Nov\u00e1k, nacido en 2004, <\/b>escalador en ciernes y que ya cuaj\u00f3 una gran actuaci\u00f3n en el Giro Sub-23 de esta temporada, terminando en el tercer caj\u00f3n del podio y triunfando en la etapa reina. <\/p>\n<p class=\"\"><b>Con tan solo 20 a\u00f1os muestra madurez y con, mucha, paciencia,<\/b> puede convertirse en un corredor de grandes vueltas, un perfil tan demandado en el equipo espa\u00f1ol ya que m\u00e1s all\u00e1 de Enric Mas, lesionado actualmente, <b>no es una figura que prevalezca en el equipo<\/b>. Una llegada con proyecci\u00f3n cuya oficialidad <b>podr\u00eda llegar incluso este mismo viernes, seg\u00fan pudo saber AS.<\/b><\/p>\n<p>Noticias relacionadas<\/p>\n<p class=\"\"><b>En el pasado estuvo \u2018de prueba\u2019 con el Q36.5 y el Jayco, y ahora dar\u00e1 el salto al World Tour<\/b> procedente del Bank Ballan. <b>Su hermano Filip, de 2007, tambi\u00e9n llegar\u00e1 al Movistar, aunque en este caso al equipo de desarrollo,<\/b> una escuadra de nueva creaci\u00f3n que tambi\u00e9n pr\u00f3ximamente ver\u00e1 la luz siendo un proyecto en el que Sebasti\u00e1n Unzu\u00e9 estar\u00e1 al frente. <b>Con estas cuatro llegadas no se puede dar cerrado por el momento el mercado del Movistar, <\/b>especialmente de cara a la resoluci\u00f3n de la temporada y los posibles \u2018descensos\u2019 de algunos equipos, un apartado habitual en las cl\u00e1usulas de los contratos para posible liberaci\u00f3n.<\/p>\n<p class=\"\"><b>\u00a1Tus opiniones importan!<\/b> Comenta en los art\u00edculos y suscr\u00edbete gratis a nuestra <a href=\"https:\/\/asfan.as.com\/newsletters\/\" target=\"_blank\" rel=\"nofollow noopener\" title=\"https:\/\/asfan.as.com\/newsletters\/\">newsletter<\/a> y a las alertas informativas en la <a href=\"https:\/\/as.com\/aplicacion-de-as-n\/\" target=\"_blank\" rel=\"nofollow noopener\" title=\"https:\/\/as.com\/aplicacion-de-as-n\/\">App<\/a> o el canal de <a href=\"https:\/\/www.whatsapp.com\/channel\/0029VaAasdA7j6g745nz9M10\" target=\"_blank\" rel=\"nofollow noopener\" title=\"https:\/\/www.whatsapp.com\/channel\/0029VaAasdA7j6g745nz9M10\">WhatsApp<\/a>. \u00bfBuscas licenciar contenido? Haz clic <a href=\"https:\/\/profesional.elpais.com\/soluciones-sindicacion?utm_medium=interno&amp;utm_source=crosslinking&amp;utm_campaign=sindicacion_as_pie_articulos\" target=\"_blank\" rel=\"nofollow noopener\" title=\"https:\/\/profesional.elpais.com\/soluciones-sindicacion?utm_medium=interno&amp;utm_source=crosslinking&amp;utm_campaign=sindicacion_as_pie_articulos\">aqu\u00ed<\/a><\/p>\n","protected":false},"excerpt":{"rendered":"En la pasada Vuelta, tras adelantar los fichajes de Ra\u00fal Garc\u00eda Pierna, Juanpe L\u00f3pez y Roger Adri\u00e0, en&hellip;\n","protected":false},"author":2,"featured_media":123164,"comment_status":"","ping_status":"","sticky":false,"template":"","format":"standard","meta":{"footnotes":""},"categories":[273],"tags":[313,312,168,25,24,23,167],"class_list":{"0":"post-123163","1":"post","2":"type-post","3":"status-publish","4":"format-standard","5":"has-post-thumbnail","7":"category-ciclismo","8":"tag-ciclismo","9":"tag-cycling","10":"tag-deportes","11":"tag-es","12":"tag-espana","13":"tag-spain","14":"tag-sports"},"share_on_mastodon":{"url":"","error":""},"_links":{"self":[{"href":"https:\/\/www.europesays.com\/es\/wp-json\/wp\/v2\/posts\/123163","targetHints":{"allow":["GET"]}}],"collection":[{"href":"https:\/\/www.europesays.com\/es\/wp-json\/wp\/v2\/posts"}],"about":[{"href":"https:\/\/www.europesays.com\/es\/wp-json\/wp\/v2\/types\/post"}],"author":[{"embeddable":true,"href":"https:\/\/www.europesays.com\/es\/wp-json\/wp\/v2\/users\/2"}],"replies":[{"embeddable":true,"href":"https:\/\/www.europesays.com\/es\/wp-json\/wp\/v2\/comments?post=123163"}],"version-history":[{"count":0,"href":"https:\/\/www.europesays.com\/es\/wp-json\/wp\/v2\/posts\/123163\/revisions"}],"wp:featuredmedia":[{"embeddable":true,"href":"https:\/\/www.europesays.com\/es\/wp-json\/wp\/v2\/media\/123164"}],"wp:attachment":[{"href":"https:\/\/www.europesays.com\/es\/wp-json\/wp\/v2\/media?parent=123163"}],"wp:term":[{"taxonomy":"category","embeddable":true,"href":"https:\/\/www.europesays.com\/es\/wp-json\/wp\/v2\/categories?post=123163"},{"taxonomy":"post_tag","embeddable":true,"href":"https:\/\/www.europesays.com\/es\/wp-json\/wp\/v2\/tags?post=123163"}],"curies":[{"name":"wp","href":"https:\/\/api.w.org\/{rel}","templated":true}]}}