{"id":123165,"date":"2025-09-18T14:01:10","date_gmt":"2025-09-18T14:01:10","guid":{"rendered":"https:\/\/www.europesays.com\/es\/123165\/"},"modified":"2025-09-18T14:01:10","modified_gmt":"2025-09-18T14:01:10","slug":"f1-colapinto-firme-sobre-los-rumores-de-su-futuro-ese-ruido-externo-no-es-algo-que-me-este-influyendo-mucho","status":"publish","type":"post","link":"https:\/\/www.europesays.com\/es\/123165\/","title":{"rendered":"F1: Colapinto, firme sobre los rumores de su futuro: \u00abEse ruido externo no es algo que me est\u00e9 influyendo mucho\u00bb"},"content":{"rendered":"<p><strong>Desde este 19, 20 y 21 de septiembre<\/strong>, la <strong>F\u00f3rmula 1<\/strong> disputar\u00e1 el <strong>Gran Premio de Azerbaiy\u00e1n<\/strong> en el marco de la <strong>decimos\u00e9ptima ronda correspondiente a este 2025<\/strong> en el circuito callejero de <strong>Bak\u00fa<\/strong>. En esta ocasi\u00f3n, <strong>Franco Colapinto<\/strong> correr\u00e1 su und\u00e9cima carrera de la temporada junto a <strong>Alpine <\/strong>desde su regreso a la categor\u00eda reina<\/p>\n<p>&#13;<br \/>\n&#13;<\/p>\n<p><strong>Leer adem\u00e1s:\u00a0<\/strong><a href=\"https:\/\/www.carburando.com\/notas\/f1-el-factor-que-colapinto-destaco-y-puede-ser-clave-para-alpine-en-el-gp-de-azerbaiyan\" target=\"_blank\" rel=\"nofollow noopener\">F1: el factor que Colapinto destac\u00f3 y puede ser clave para Alpine en el GP de Azerbaiy\u00e1n<\/a><\/p>\n<p>&#13;<br \/>\n&#13;<\/p>\n<p>En estos momentos, el piloto argentino ya se encuentra en dicho escenario y habl\u00f3 con la prensa sobre su presente<strong> <\/strong>deportivo, teniendo en cuenta los rumores que circularon sobre su futuro en F1: <strong>\u201cNo se puede controlar lo que pasa alrededor. Ese ruido externo no es algo que me est\u00e9 influyendo mucho \u00faltimamente, pero es algo que hay que saber controlarlo\u201d<\/strong>, explic\u00f3 el oriundo de Pilar, ya que en el \u00faltimo tiempo se especul\u00f3 una posible llegada a Mercedes y tambi\u00e9n, su salida de Alpine.<\/p>\n<p>&#13;<br \/>\n&#13;<\/p>\n<p><strong>Leer adem\u00e1s:\u00a0<\/strong><a href=\"https:\/\/www.carburando.com\/notas\/f1-alpine-es-el-apuntado-por-wolff-para-tener-en-cuenta-en-el-2026\" target=\"_blank\" rel=\"nofollow noopener\">F1: Alpine es el apuntado por Wolff para tener en cuenta\u00a0en\u00a0el\u00a02026<\/a><\/p>\n<p>&#13;<br \/>\n&#13;<br \/>\n&#13;<br \/>\n&#13;<\/p>\n<p><strong>\u201cHay muchas expectativas, mucha gente que quiere que nos vaya bien y a veces, cuando eso no sale, hay cr\u00edticas\u201d<\/strong>, expres\u00f3. Luego, agreg\u00f3: <strong>\u201cEn cuanto a lo personal, lo importante es seguir progresando, seguir estando m\u00e1s c\u00f3modo con el auto y creo que lo voy encontrando\u201d<\/strong>, aclar\u00f3 firmemente Colapinto.<\/p>\n<p>&#13;<br \/>\n&#13;<br \/>\n&#13;<br \/>\n&#13;<\/p>\n<p>La\u00a0<strong>F\u00f3rmula 1<\/strong>\u00a0se dirige hacia la d\u00e9cima s\u00e9ptima fecha de la temporada, la cual se correr\u00e1 este fin de semana con el Gran Premio de Azerbaiy\u00e1n en el circuito callejero de Bak\u00fa. Despu\u00e9s de un paso dif\u00edcil por Monza,\u00a0<strong>Alpine\u00a0<\/strong>puso en foco en el trazado que se viene, el cual le trae muy buenos recuerdos a\u00a0<strong>Franco Colapinto<\/strong>, ya que en 2024 con Williams logr\u00f3 meterse en Qualy 3 y sum\u00f3 sus primeros puntos al finalizar octavo en la competencia.<\/p>\n<p>&#13;<br \/>\n&#13;<\/p>\n<p><strong><a href=\"http:\/\/carburando.com\/notas\/f1-el-tierno-gesto-de-colapinto-que-se-viralizo-en-redes-sociales\" rel=\"nofollow noopener\" target=\"_blank\">Leer adem\u00e1s: El tierno gesto de Colapinto que se hizo viral y emocion\u00f3 a todos en las redes sociales<\/a><\/strong><\/p>\n<p>&#13;<br \/>\n&#13;<\/p>\n<p>En la previa a Azerbaiy\u00e1n, Colapinto hizo declaraciones donde dej\u00f3 claro las posibilidades que tienen con el equipo franc\u00e9s y cu\u00e1l ser\u00e1 la clave para sacarle mayor provecho a la actividad. \u201c<strong>Me siento bien en el coche ahora mismo<\/strong>, a pesar de que Monza supuso un reto para nosotros como equipo.\u00a0<strong>Nos tomamos un tiempo para informarnos y visit\u00e9 Enstone la semana pasada para prepararnos para Azerbaiy\u00e1n este fin de semana<\/strong>\u201d, coment\u00f3 el oriundo de Pilar.<\/p>\n<p>&#13;<br \/>\n&#13;<\/p>\n<p><img decoding=\"async\" alt=\"Imagen\" src=\"https:\/\/www.europesays.com\/es\/wp-content\/uploads\/2025\/09\/G0olUv0WIAA3VHo\" style=\"height:1000px; width:800px\"\/><\/p>\n<p>&#13;<br \/>\n&#13;<\/p>\n<p>A la hora de referirse a las chances de Alpine, el bonaerense hizo hincapi\u00e9 que deber\u00e1 capitalizar la dificultad que presenta el circuito urbano para contrarrestar las limitaciones t\u00e9cnicas del A525. \u201cEste fin de semana\u00a0<strong>se tratar\u00e1 de prepararnos para estar en posici\u00f3n de aprovechar las oportunidades que seguramente surgir\u00e1n de un circuito tan desafiante<\/strong>\u201d, indic\u00f3.<\/p>\n<p>&#13;<br \/>\n&#13;<\/p>\n<p><strong><a href=\"http:\/\/carburando.com\/notas\/f1-colapinto-recordo-su-primera-q3-con-williams-en-baku-es-un-recuerdo-muy-especial\" rel=\"nofollow noopener\" target=\"_blank\">Leer adem\u00e1s: Colapinto record\u00f3 su clasificaci\u00f3n junto a Williams en Bak\u00fa<\/a><\/strong><\/p>\n<p>&#13;<br \/>\n&#13;<\/p>\n<p>Por \u00faltimo, Colapinto tiene claro que lograr una buena performance puede ser un envi\u00f3n an\u00edmico para la parte final del calendario. \u201cSabemos que no ser\u00e1 f\u00e1cil, pero haremos lo mejor que podamos y<strong>\u00a0buscaremos maximizar nuestros resultados para el fin de semana y comenzar la parte de viajes de la temporada con un resultado positivo para el equipo<\/strong>\u00ab, concluy\u00f3.<\/p>\n<p>&#13;<br \/>\n&#13;<br \/>\n<strong>Briatore le sac\u00f3 presi\u00f3n a Colapinto<\/strong>&#13;<br \/>\n&#13;<\/p>\n<p>Desde hace un tiempo a esta parte, Franco Colapinto levant\u00f3 su nivel dentro de Alpine y eso se reflej\u00f3 en un cambio de discurso de Flavio Briatore.\u00a0<strong>Luego del GP de Italia, el Asesor Ejecutivo de Alpine reconoci\u00f3 la responsabilidad que tiene el equipo en el complicado momento que atraviesan en la F\u00f3rmula 1 y ahora se\u00f1al\u00f3 que Franco tiene que lidiar con lo que significa correr con en una escuder\u00eda que representa a una terminal.<\/strong><\/p>\n<p>&#13;<br \/>\n&#13;<\/p>\n<p><a href=\"http:\/\/carburando.com\/notas\/f1-se-le-escapo-hadjar-reconocio-que-podria-tener-la-oportunidad-de-ser-companero-de-verstappen-en-2026\" rel=\"nofollow noopener\" target=\"_blank\"><strong>Leer adem\u00e1s: Hadjar reconoci\u00f3 que podr\u00eda ir a Red Bull en 2026<\/strong><\/a><\/p>\n<p>&#13;<br \/>\n&#13;<\/p>\n<p>\u201c<strong>En retrospectiva, subestimamos la presi\u00f3n que sufren estos j\u00f3venes pilotos. Alpine es un equipo de f\u00e1brica. La presi\u00f3n es a\u00fan mayor all\u00ed<\/strong>\u00ab, coment\u00f3 Briatore y finaliz\u00f3: \u00abSe multiplica durante una temporada dif\u00edcil. Los novatos lo tienen m\u00e1s f\u00e1cil en un equipo peque\u00f1o. F\u00edjense en Isack Hadjar y Gabriel Bortoleto\u201d.<\/p>\n<p>&#13;<br \/>\n&#13;<\/p>\n<p><img decoding=\"async\" alt=\"Imagen\" src=\"https:\/\/www.europesays.com\/es\/wp-content\/uploads\/2025\/09\/G0-yVjQWQAwt-E7\" style=\"height:539px; width:800px\"\/><\/p>\n","protected":false},"excerpt":{"rendered":"Desde este 19, 20 y 21 de septiembre, la F\u00f3rmula 1 disputar\u00e1 el Gran Premio de Azerbaiy\u00e1n en&hellip;\n","protected":false},"author":2,"featured_media":123166,"comment_status":"","ping_status":"","sticky":false,"template":"","format":"standard","meta":{"footnotes":""},"categories":[270],"tags":[168,25,24,4636,306,271,272,23,167],"class_list":{"0":"post-123165","1":"post","2":"type-post","3":"status-publish","4":"format-standard","5":"has-post-thumbnail","7":"category-formula-1","8":"tag-deportes","9":"tag-es","10":"tag-espana","11":"tag-frmula-1","12":"tag-f1","13":"tag-formula-1","14":"tag-formula1","15":"tag-spain","16":"tag-sports"},"share_on_mastodon":{"url":"","error":""},"_links":{"self":[{"href":"https:\/\/www.europesays.com\/es\/wp-json\/wp\/v2\/posts\/123165","targetHints":{"allow":["GET"]}}],"collection":[{"href":"https:\/\/www.europesays.com\/es\/wp-json\/wp\/v2\/posts"}],"about":[{"href":"https:\/\/www.europesays.com\/es\/wp-json\/wp\/v2\/types\/post"}],"author":[{"embeddable":true,"href":"https:\/\/www.europesays.com\/es\/wp-json\/wp\/v2\/users\/2"}],"replies":[{"embeddable":true,"href":"https:\/\/www.europesays.com\/es\/wp-json\/wp\/v2\/comments?post=123165"}],"version-history":[{"count":0,"href":"https:\/\/www.europesays.com\/es\/wp-json\/wp\/v2\/posts\/123165\/revisions"}],"wp:featuredmedia":[{"embeddable":true,"href":"https:\/\/www.europesays.com\/es\/wp-json\/wp\/v2\/media\/123166"}],"wp:attachment":[{"href":"https:\/\/www.europesays.com\/es\/wp-json\/wp\/v2\/media?parent=123165"}],"wp:term":[{"taxonomy":"category","embeddable":true,"href":"https:\/\/www.europesays.com\/es\/wp-json\/wp\/v2\/categories?post=123165"},{"taxonomy":"post_tag","embeddable":true,"href":"https:\/\/www.europesays.com\/es\/wp-json\/wp\/v2\/tags?post=123165"}],"curies":[{"name":"wp","href":"https:\/\/api.w.org\/{rel}","templated":true}]}}