{"id":123175,"date":"2025-09-18T14:06:13","date_gmt":"2025-09-18T14:06:13","guid":{"rendered":"https:\/\/www.europesays.com\/es\/123175\/"},"modified":"2025-09-18T14:06:13","modified_gmt":"2025-09-18T14:06:13","slug":"canto-yo-y-la-montana-baila","status":"publish","type":"post","link":"https:\/\/www.europesays.com\/es\/123175\/","title":{"rendered":"\u201cCanto yo y la monta\u00f1a baila\u201d"},"content":{"rendered":"<p>Pens\u00e9 mucho en qu\u00e9 t\u00edtulo ponerle a este texto, pero no es posible encontrar uno mejor que el que ya tiene el libro. Canto yo y la monta\u00f1a baila de Irene Sol\u00e0, escritora malla en Barcelona, y quien, con 35 a\u00f1os, ya ha escrito una serie de obras con las cuales me he conectado, y tambi\u00e9n puedo decir, del libro que hablo en este texto, es lo mejor que he le\u00eddo hasta ahora en este a\u00f1o en curso.<\/p>\n<blockquote class=\"wp-block-quote is-layout-flow wp-block-quote-is-layout-flow\"><p>\n\u201cLlegamos con las tripas llenas. Doloridas. El vientre negro, cargado de agua oscura y fr\u00eda, y de rayos y truenos. Ven\u00edamos del mar, de otras monta\u00f1as y de toda clase de sitios, y hab\u00edamos visto toda clase de cosas\u201d.\n<\/p><\/blockquote>\n<p>La anterior es la forma en que inicia el primer cap\u00edtulo de los 18 que tiene el libro. Una nube comienza la narrativa del libro, una publicaci\u00f3n po\u00e9tica por donde se le mire, con amor y furia, con la cotidianidad de las monta\u00f1as, con la rareza de las monta\u00f1as, con la rareza que tiene Irene Sol\u00e0 para escribir.<\/p>\n<p>Es ternura, delirio, cotidianidad, cuerpos, siluetas, agua, rayos, animales, esos que observan la uni\u00f3n de dos cuerpos humanos y que piensan en cada movimiento de esos cuerpos, que detallan sin morbo, pero con dicha, con inter\u00e9s, con la necesidad de oler, sentir y que con el cerrar de una puerta solo le queda su olfato para imaginar el sudor de dos cuerpos juntos.<\/p>\n<p>\u201cNo me fastidi\u00e9is. Ciega como soy. Inmensa como me hicieron. Sorda por lo ensordecedor que fue nacer. A vosotros qu\u00e9 os importan mi voz o mi perspectiva. Dejadme en paz\u201d. Es la forma en que inicia el cap\u00edtulo de \u201cLa colisi\u00f3n\u201d, una especie de interrupci\u00f3n en la historia para acercarse a unas ilustraciones de monta\u00f1as y a peque\u00f1os fragmentos, quiz\u00e1 aforismos, quiz\u00e1 poemas, pero tan perfectos, tan envolventes. Las ilustraciones no se destacan, pero complementan, hacen que este cap\u00edtulo pase r\u00e1pidamente y no genera ning\u00fan tipo de desconexi\u00f3n en la historia, la cual tiene muchos personajes, pero es algo que tampoco afecta continuar la lectura y no perderse en medio de tantos elementos, tantos seres. Iniciar leyendo a una nube y cerrar escuchando a un corzo, \u00a1qu\u00e9 cosa magnifica!<\/p>\n<p>Irene Sol\u00e0 estuvo en Medell\u00edn en el Hay Festival de 2024. Lastimosamente no la vi, a\u00fan no la hab\u00eda le\u00eddo. Despu\u00e9s de eso llegu\u00e9 a su libro Te di los ojos y me miraste las tinieblas. Por eso digo que es brillante para titular libros y tambi\u00e9n para narrar, tiene un estilo particular que conectar, esa forma de darle vida a los personajes, a separar y volver a juntar los relatos de esos interlocutores en sus libros, de generar la necesidad de no parar o querer volver lo m\u00e1s pronto posible al libro. Como me pas\u00f3 con Canto yo y la monta\u00f1a baila, me envolvi\u00f3 justo en una semana de mucho movimiento y, aun as\u00ed, aprovech\u00e9 cada espacio posible para adelantar, para meterme en la historia de ese hombre que decide visitar todos los lunes a su vecina, tomarse un caf\u00e9, escucharla, caminar con ella, ganarse la confianza del perro vigilante de la casa que le ladr\u00f3 y luego lo oli\u00f3 para darle la bienvenida y permitirle que cada lunes pudiera tomarse el caf\u00e9 que ya no le gustaba pero que aun as\u00ed se tomaba para no perder la oportunidad de la conversaci\u00f3n, del encuentro, de hacer algo distinto, de abrazar, besar, tomar, comer, caminar, sentir, subir, bajar.<\/p>\n<p>Este libro fue publicado en 2019, lleg\u00f3 a m\u00ed apenas en 2025 y no importa, no debemos guiarnos por la novedad, son las historias las que nos conectan con un libro escrito hoy o hace cincuenta a\u00f1os o cinco. Es la librera o el librero que nos conoce y nos dice: \u201cEsta historia te va a gustar\u201d o \u201c\u00bfya conoces a esta escritora?, creo que puede interesarte\u201d. As\u00ed es muy bello llegar a lecturas como estas.<\/p>\n<p>Este libro fue publicado por Anagrama, es f\u00e1cil encontrar en librer\u00edas y est\u00e1 actualmente disponible en el Parque Biblioteca Nuevo Occidente para pr\u00e9stamo.<\/p>\n","protected":false},"excerpt":{"rendered":"Pens\u00e9 mucho en qu\u00e9 t\u00edtulo ponerle a este texto, pero no es posible encontrar uno mejor que el&hellip;\n","protected":false},"author":2,"featured_media":73435,"comment_status":"","ping_status":"","sticky":false,"template":"","format":"standard","meta":{"footnotes":""},"categories":[172],"tags":[224,12707,146,147,25,24,225,23,12708,28791],"class_list":{"0":"post-123175","1":"post","2":"type-post","3":"status-publish","4":"format-standard","5":"has-post-thumbnail","7":"category-libros","8":"tag-books","9":"tag-cultura-de-comunidad","10":"tag-entertainment","11":"tag-entretenimiento","12":"tag-es","13":"tag-espana","14":"tag-libros","15":"tag-spain","16":"tag-vivir-la-transformacion","17":"tag-vivir-los-libros"},"share_on_mastodon":{"url":"","error":""},"_links":{"self":[{"href":"https:\/\/www.europesays.com\/es\/wp-json\/wp\/v2\/posts\/123175","targetHints":{"allow":["GET"]}}],"collection":[{"href":"https:\/\/www.europesays.com\/es\/wp-json\/wp\/v2\/posts"}],"about":[{"href":"https:\/\/www.europesays.com\/es\/wp-json\/wp\/v2\/types\/post"}],"author":[{"embeddable":true,"href":"https:\/\/www.europesays.com\/es\/wp-json\/wp\/v2\/users\/2"}],"replies":[{"embeddable":true,"href":"https:\/\/www.europesays.com\/es\/wp-json\/wp\/v2\/comments?post=123175"}],"version-history":[{"count":0,"href":"https:\/\/www.europesays.com\/es\/wp-json\/wp\/v2\/posts\/123175\/revisions"}],"wp:featuredmedia":[{"embeddable":true,"href":"https:\/\/www.europesays.com\/es\/wp-json\/wp\/v2\/media\/73435"}],"wp:attachment":[{"href":"https:\/\/www.europesays.com\/es\/wp-json\/wp\/v2\/media?parent=123175"}],"wp:term":[{"taxonomy":"category","embeddable":true,"href":"https:\/\/www.europesays.com\/es\/wp-json\/wp\/v2\/categories?post=123175"},{"taxonomy":"post_tag","embeddable":true,"href":"https:\/\/www.europesays.com\/es\/wp-json\/wp\/v2\/tags?post=123175"}],"curies":[{"name":"wp","href":"https:\/\/api.w.org\/{rel}","templated":true}]}}