{"id":123180,"date":"2025-09-18T14:12:08","date_gmt":"2025-09-18T14:12:08","guid":{"rendered":"https:\/\/www.europesays.com\/es\/123180\/"},"modified":"2025-09-18T14:12:08","modified_gmt":"2025-09-18T14:12:08","slug":"identificada-la-chica-que-ha-aparecido-muerta-en-el-maletero-del-coche-del-rapero-d4vd-una-adolescente-de-15-anos-desaparecida-desde-2024-con-la-que-compartia-tatuaje-el-mundo","status":"publish","type":"post","link":"https:\/\/www.europesays.com\/es\/123180\/","title":{"rendered":"Identificada la chica que ha aparecido muerta en el maletero del coche del rapero D4vd: una adolescente de 15 a\u00f1os desaparecida desde 2024 con la que compart\u00eda tatuaje &#8211; El Mundo"},"content":{"rendered":"<ol>\n<li><a href=\"https:\/\/news.google.com\/rss\/articles\/CBMihgFBVV95cUxQZUQzeEprZGRKVEtUWU1vZXVKZS05M0pVUFhWcE5TLWVVaGYzcG51a2lLVTd4dDY3NFpJclZoMkhFNFZNTVpJYkxMY1NoeWlObXlkWGRhaFAwWk9obFRqTXVQd3ktWDRNVm5EdGtLMDBuLWk3cmpub1BEdTJRYmZsQy1DbXFsUdIBhgFBVV95cUxQZmZEV0daRjBqaXctTkVvS1ljeEhPSjVWNnpOaXFWWkF1dk0zbEEyZ2pONC1rT1d6bmRzZFRvMk8xWWs2cHUtTWFld1hLbGJfbnFReGdpZWR0cjZWTENydzVtOWg3MXk5TGI2SmtaVTEwRUM5M2FWX2ZfWGotYUlQVEYzNGVJQQ?oc=5\" target=\"_blank\" rel=\"nofollow noopener\">Identificada la chica que ha aparecido muerta en el maletero del coche del rapero D4vd: una adolescente de 15 a\u00f1os desaparecida desde 2024 con la que compart\u00eda tatuaje<\/a>&nbsp;&nbsp;El Mundo<\/li>\n<li><a href=\"https:\/\/news.google.com\/rss\/articles\/CBMiqwFBVV95cUxNRHhDenJrUjlRVmdTcDlMdzdZY1dSV0h5eWtwZnZsNlhUOGFSRHhXYnM1S2JnZk12cXVOOUtZWk9Cc2sxZzJWOWFlYlBoTmIwNWxYdmFmZGtrZ3VNbmJGakQ4RGp4U01hV0VYb3kzZnQxb2x0MEFhUjNKcFBfcVVWOUtXTEtnYnlLcUR3VjRoY0V0cXZmcV9rQ3RhOVRTTHRlb09sRzlLZlFuc2c?oc=5\" target=\"_blank\" rel=\"nofollow noopener\">Identifican el cad\u00e1ver encontrado en el maletero del cantante D4vd: una joven latina de 15 a\u00f1os<\/a>&nbsp;&nbsp;ABC<\/li>\n<li><a href=\"https:\/\/news.google.com\/rss\/articles\/CBMi4gFBVV95cUxORXdnRnFWT2ZwcWc4M1R1R1pNNHU0SDhUOE9TY096YXlfd2Y0R3dGa2hqQWpnQ2dvLUZ2dnZYWUFEWGZQMXdYcjZRU1hWa3VtakVPQ09uYWZtNTNmMS0wZ2xpalQ3N2Y1VUgyYnVENUdwbWpzbEIyZVJQWmNqUm9faHFLMkVIYUtoVFF1UlVkS3lPb3F2eEtnakVQR0JZUFRvSVgwcy1EaU9GNDlHM282ZnFDQS10U05OdWNtaDRoWTRMb1h4RUZvYlpuY09rSUpGQktIWGlBVFdRSnBZeVVRWHNn0gH-AUFVX3lxTE9zaHpOVHNOM1d1aHpfM1hGMjZlbnFUdG83N0VQbF9LR2tVT29mQXNMd3paUEswQVJOZTdHMkFSUzBaWGRaRnNlZ1ZVOEhlanVMU09YcFQ4LTMza0djVFg0V05zak9uTnNXa2d0c1dOazhQVTYwYzhuNXhnd2dianZONVdVa0xuV01QaWxSd1VFdVJ3UDU0WnBrMklKSWNHZjZ4LXlEWW9sMVllV21uMGJTa01NTkpYZWd4bnJlbndGZ3RpUUxuOGRoQVJQdHVtN1RQdHNDRHRfcG9CVE5Vd195a21LX3NkMTNOZTJ6NmVZTWZseVdXa3Q5SlhUVXlB?oc=5\" target=\"_blank\" rel=\"nofollow noopener\">El cad\u00e1ver hallado en el maletero del Tesla del rapero D4vd es de una adolescente de 15 a\u00f1os<\/a>&nbsp;&nbsp;La Voz de Galicia<\/li>\n<li><a href=\"https:\/\/news.google.com\/rss\/articles\/CBMi3AFBVV95cUxNVkhpVGJFb1ZVdzEycjVuYll0VmtlUzN0czdCcXV4U0c1MTBrSkRKaF90TE45emJfYVBJVlhFNUFVX2x1X2dnTGtaVzczd2tNYjBDMW8tNU1EMm5xRVF6RC1FVXpjNGVxdEJjSWVaZ0FpNldVYnB5c1FUWnlGaTlCaWhKMWFsNXBaOHg2TVVncW42T3ZPT0UzVlZNd0tPMEhTUVd0R2pEcnc0N3JjaE14aERna1FSZEZQRU1DbzZNVVllY1pLUzBnOGpFMEtCYlpNSHJtQ19UNlA0SjU20gHcAUFVX3lxTE53ZFNhRWhPTThCOTQwMHZCVzdzSGhBaFBJM19lUkpITFowb0ViQXpQcGNJTGVHMk5uQXU4dkFKYTdhaGVaZklPSU5PMnNjZmQ5TnZ1Q2ZsOU1oVmpzY1JhQ2w5bVBseGFrYWZXZEFxVmZIRC1aY0dxWG40dUtLaHFPQXpBT1VwREN4TGphQm1xS3pmUWNBemtmMHhwanNZTmc1RC1qbGh2Z2tVWkZfNFJMMUlsLXdnWnJVc2oxOHh4Z3drZ0hEOU13akJjUFZ1c0ttenA3YVJwNG9ubl8?oc=5\" target=\"_blank\" rel=\"nofollow noopener\">Los restos hallados en el veh\u00edculo del cantante D4vd son de una menor desaparecida en Los \u00c1ngeles<\/a>&nbsp;&nbsp;LaSexta<\/li>\n<li><a href=\"https:\/\/news.google.com\/rss\/articles\/CBMi7gFBVV95cUxNT0ltMXFpNGpia2k0STB4ZlZtS0plZVlKeHZGeUd2V2lVc2RYTmpLZHpYQ3dLdnoyc1NBdTJxZEhkbGlkcGNOTmphYjljX2pWd011TmlOZDZJXzlBSFA5YTk2a2lMZUM1Um82bVZHcVRUbmc5WTF6S09TSG9yQkFMdWFseEY0RHNkVVkzUzVxYkp3SExyelpIaHFqVEUwQm0ya0hHOHI2NFJ2RzBRQTh0QlFCR3Eza1p3eGprQlpsTW9VdlZ0eE9tbDZFRXdqU2Ria2ptaHFaNnV6QkhrZmo5Y2dzWm5hNEpPRm1USVVR?oc=5\" target=\"_blank\" rel=\"nofollow noopener\">El cad\u00e1ver descompuesto hallado en el coche del cantante D4vd es de una menor hispana: el artista y la v\u00edctima tienen tatuajes id\u00e9nticos<\/a>&nbsp;&nbsp;20Minutos<\/li>\n<\/ol>\n","protected":false},"excerpt":{"rendered":"Identificada la chica que ha aparecido muerta en el maletero del coche del rapero D4vd: una adolescente de&hellip;\n","protected":false},"author":2,"featured_media":123181,"comment_status":"","ping_status":"","sticky":false,"template":"","format":"standard","meta":{"footnotes":""},"categories":[91],"tags":[146,147,25,24,10536,23],"class_list":{"0":"post-123180","1":"post","2":"type-post","3":"status-publish","4":"format-standard","5":"has-post-thumbnail","7":"category-entretenimiento","8":"tag-entertainment","9":"tag-entretenimiento","10":"tag-es","11":"tag-espana","12":"tag-loc-celebrities","13":"tag-spain"},"share_on_mastodon":{"url":"","error":""},"_links":{"self":[{"href":"https:\/\/www.europesays.com\/es\/wp-json\/wp\/v2\/posts\/123180","targetHints":{"allow":["GET"]}}],"collection":[{"href":"https:\/\/www.europesays.com\/es\/wp-json\/wp\/v2\/posts"}],"about":[{"href":"https:\/\/www.europesays.com\/es\/wp-json\/wp\/v2\/types\/post"}],"author":[{"embeddable":true,"href":"https:\/\/www.europesays.com\/es\/wp-json\/wp\/v2\/users\/2"}],"replies":[{"embeddable":true,"href":"https:\/\/www.europesays.com\/es\/wp-json\/wp\/v2\/comments?post=123180"}],"version-history":[{"count":0,"href":"https:\/\/www.europesays.com\/es\/wp-json\/wp\/v2\/posts\/123180\/revisions"}],"wp:featuredmedia":[{"embeddable":true,"href":"https:\/\/www.europesays.com\/es\/wp-json\/wp\/v2\/media\/123181"}],"wp:attachment":[{"href":"https:\/\/www.europesays.com\/es\/wp-json\/wp\/v2\/media?parent=123180"}],"wp:term":[{"taxonomy":"category","embeddable":true,"href":"https:\/\/www.europesays.com\/es\/wp-json\/wp\/v2\/categories?post=123180"},{"taxonomy":"post_tag","embeddable":true,"href":"https:\/\/www.europesays.com\/es\/wp-json\/wp\/v2\/tags?post=123180"}],"curies":[{"name":"wp","href":"https:\/\/api.w.org\/{rel}","templated":true}]}}