{"id":123192,"date":"2025-09-18T14:18:07","date_gmt":"2025-09-18T14:18:07","guid":{"rendered":"https:\/\/www.europesays.com\/es\/123192\/"},"modified":"2025-09-18T14:18:07","modified_gmt":"2025-09-18T14:18:07","slug":"el-pivote-jaime-gallego-se-retira-con-solo-23-anos-por-una-bacteria-en-su-tobillo","status":"publish","type":"post","link":"https:\/\/www.europesays.com\/es\/123192\/","title":{"rendered":"El pivote Jaime Gallego se retira con solo 23 a\u00f1os por una bacteria en su tobillo"},"content":{"rendered":"<p data-mrf-recirculation=\"Links P\u00e1rrafos\" class=\"ue-c-article__paragraph paragraph ue-c-article--first-letter-highlighted\">La <strong>carrera<\/strong> deportiva del joven <strong>Jaime Gallego cambi\u00f3<\/strong> de un d\u00eda para otro en <strong>2023<\/strong>. Una <strong>prometedora trayectoria<\/strong> en el balonmano se vio <strong>truncada<\/strong> por una <strong>lesi\u00f3n<\/strong> en su <strong>tobillo izquierdo durante la Copa de Espa\u00f1a<\/strong> de ese a\u00f1o, cuando por aqu\u00e9l entonces, <strong>esta articulaci\u00f3n se hinch\u00f3 sin causa aparente.\u00a0<\/strong><\/p>\n<p data-mrf-recirculation=\"Links P\u00e1rrafos\" class=\"ue-c-article__paragraph paragraph\">S\u00f3lo llevaba <strong>unos meses como jugador del Bar\u00e7a<\/strong> al haber <strong>fichado ese verano por el club catal\u00e1n <\/strong>despu\u00e9s de despuntar<strong> como uno de los pivotes m\u00e1s talentosos <\/strong>en las filas del <strong>Torrelavega<\/strong>, donde pas\u00f3 tres temporadas. Su incorporaci\u00f3n, junto a otra promesa en este puesto como Javier Fern\u00e1ndez, llegaban motivadas por la marcha del franc\u00e9s Ludovic F\u00e0bregas rumbo al Veszpr\u00e9m h\u00fangaro.\u00a0<\/p>\n<p data-mrf-recirculation=\"Links P\u00e1rrafos\" class=\"ue-c-article__paragraph paragraph\">Pero tras<strong> levantar el trofeo como campe\u00f3n de la Copa de Espa\u00f1a<\/strong> con el conjunto azulgrana el <strong>17 de diciembre de 2023<\/strong>, <strong>nunca m\u00e1s pudo volver a las pistas<\/strong>. Al madrile\u00f1o <strong>le diagnosticaron en agosto de 2024 una artritis en el tobillo despu\u00e9s de pasarse en blanco toda la segunda parte de la campa\u00f1a 2023\/24.<\/strong> Una <strong>baja<\/strong> que tambi\u00e9n <strong>se alarg\u00f3 durante el siguiente curso,<\/strong><strong>finalizando<\/strong> su <strong>contrato<\/strong> con el <strong>Bar\u00e7a<\/strong> en <strong>junio de 2025<\/strong> sin poder haberse vestido de nuevo con la camiseta azulgrana por culpa de <strong>una bacteria que afect\u00f3 a toda la articulaci\u00f3n.<\/strong><\/p>\n<p data-mrf-recirculation=\"Links P\u00e1rrafos\" class=\"ue-c-article__paragraph paragraph\">\u00abTras visitar varios reumat\u00f3logos ninguno consegu\u00eda determinar qu\u00e9 me estaba ocurriendo ante la falta de respuesta a la bater\u00eda de tratamientos. Pas\u00e9 una vez por quir\u00f3fano para hacer una limpieza y coger muestras para analizarlas, las cuales indicaron que no hab\u00eda infecci\u00f3n y que se trataba de un proceso inflamatorio de origen desconocido\u00bb, se\u00f1alaba <strong>Gallego<\/strong> en un<strong> comunicado en sus redes sociales para explicar su retirada<\/strong> al no poder llevar una vida normal <strong>a sus tan s\u00f3lo 23 a\u00f1os.<\/strong><\/p>\n<blockquote class=\"ue-c-article__blockquote\">\n<p>Segu\u00eda con el tobillo hinchado y sin poder caminar debido al dolor. A los meses uno de los doctores decidi\u00f3 pincharme el tobillo para extraer l\u00edquido y analizarlo. El cultivo dio positivo en un estreptococo<\/p>\n<p>Jaime Gallego, exjugador internacional de balonmano<\/p><\/blockquote>\n<p data-mrf-recirculation=\"Links P\u00e1rrafos\" class=\"ue-c-article__paragraph paragraph\">De una manera tan dura y prematura, <strong>Gallego se tiene que despedir del balonmano despu\u00e9s de debutar con el Bar\u00e7a,<\/strong> levantando una Supercopa Ib\u00e9rica y una Copa de Espa\u00f1a, <strong>y con la selecci\u00f3n espa\u00f1ola<\/strong>, con la que conquist\u00f3 los Juegos Mediterr\u00e1neos de 2022. \u00abSegu\u00eda con el tobillo hinchado y sin poder caminar debido al dolor. A los meses uno de los doctores decidi\u00f3 pincharme el tobillo para extraer l\u00edquido y analizarlo. El cultivo dio positivo en un estreptococo y tuve que entrar a quir\u00f3fano por segunda vez para eliminar la infecci\u00f3n y hacer un tratamiento de antibi\u00f3tico\u00bb, explica el ya<strong> exjugador madrile\u00f1o.<\/strong>\u00a0<\/p>\n<p data-mrf-recirculation=\"Links P\u00e1rrafos\" class=\"ue-c-article__paragraph paragraph\">Ahora, <strong>su \u00fanico objetivo es intentar llevar una vida normal, a pesar del dolor en su tobillo y de los incesantes tratamientos de rehabilitaci\u00f3n<\/strong>. \u00abLa articulaci\u00f3n hab\u00eda quedado muy da\u00f1ada debido a todo el proceso que hab\u00eda sufrido, dificultando la rehabilitaci\u00f3n e imposibilit\u00e1ndome si quiera poder hacer una vida normal.\u00a0Tras acabar mi contrato con el Bar\u00e7a, intento recuperarme para poder sentir que el tobillo no me limita y recuperar una normalidad que, aunque sin el deporte de \u00e9lite, me permita poder caminar sin dolor y pasar horas fuera de casa\u00bb, avanza Gallego, que tambi\u00e9n <strong>sue\u00f1a con volver alg\u00fan d\u00eda a jugar al balonmano<\/strong>, un deporte que le debe una segunda oportunidad.<\/p>\n","protected":false},"excerpt":{"rendered":"La carrera deportiva del joven Jaime Gallego cambi\u00f3 de un d\u00eda para otro en 2023. Una prometedora trayectoria&hellip;\n","protected":false},"author":2,"featured_media":123193,"comment_status":"","ping_status":"","sticky":false,"template":"","format":"standard","meta":{"footnotes":""},"categories":[278],"tags":[376,168,25,24,375,23,167],"class_list":{"0":"post-123192","1":"post","2":"type-post","3":"status-publish","4":"format-standard","5":"has-post-thumbnail","7":"category-balonmano","8":"tag-balonmano","9":"tag-deportes","10":"tag-es","11":"tag-espana","12":"tag-handball","13":"tag-spain","14":"tag-sports"},"share_on_mastodon":{"url":"","error":""},"_links":{"self":[{"href":"https:\/\/www.europesays.com\/es\/wp-json\/wp\/v2\/posts\/123192","targetHints":{"allow":["GET"]}}],"collection":[{"href":"https:\/\/www.europesays.com\/es\/wp-json\/wp\/v2\/posts"}],"about":[{"href":"https:\/\/www.europesays.com\/es\/wp-json\/wp\/v2\/types\/post"}],"author":[{"embeddable":true,"href":"https:\/\/www.europesays.com\/es\/wp-json\/wp\/v2\/users\/2"}],"replies":[{"embeddable":true,"href":"https:\/\/www.europesays.com\/es\/wp-json\/wp\/v2\/comments?post=123192"}],"version-history":[{"count":0,"href":"https:\/\/www.europesays.com\/es\/wp-json\/wp\/v2\/posts\/123192\/revisions"}],"wp:featuredmedia":[{"embeddable":true,"href":"https:\/\/www.europesays.com\/es\/wp-json\/wp\/v2\/media\/123193"}],"wp:attachment":[{"href":"https:\/\/www.europesays.com\/es\/wp-json\/wp\/v2\/media?parent=123192"}],"wp:term":[{"taxonomy":"category","embeddable":true,"href":"https:\/\/www.europesays.com\/es\/wp-json\/wp\/v2\/categories?post=123192"},{"taxonomy":"post_tag","embeddable":true,"href":"https:\/\/www.europesays.com\/es\/wp-json\/wp\/v2\/tags?post=123192"}],"curies":[{"name":"wp","href":"https:\/\/api.w.org\/{rel}","templated":true}]}}