{"id":123194,"date":"2025-09-18T14:19:12","date_gmt":"2025-09-18T14:19:12","guid":{"rendered":"https:\/\/www.europesays.com\/es\/123194\/"},"modified":"2025-09-18T14:19:12","modified_gmt":"2025-09-18T14:19:12","slug":"los-patas-blancas-de-monteviejo-regresan-a-las-ventas-20-anos-despues-2","status":"publish","type":"post","link":"https:\/\/www.europesays.com\/es\/123194\/","title":{"rendered":"Los \u201cpatas blancas\u201d de Monteviejo regresan a Las Ventas 20 a\u00f1os despu\u00e9s"},"content":{"rendered":"<p>Los <strong>\u201cotros Victorinos\u201d<\/strong>, las reses con el hierro de <strong>Monteviejo<\/strong> propiedad de <strong>Victorino Mart\u00edn<\/strong>, regresan este <strong>domingo 14<\/strong> a <strong>Las Ventas<\/strong> en el que ser\u00e1 el <strong>segundo desaf\u00edo ganadero<\/strong> del mes de septiembre junto a la divisa de <strong>Partido de Resina<\/strong>. Lo hacen con toda la <strong>responsabilidad<\/strong> tras <strong>veinte temporadas de ausencia<\/strong> en el <strong>coso madrile\u00f1o<\/strong>, en un cartel en el que se anuncian <strong>Seraf\u00edn Mar\u00edn<\/strong>, el mexicano <strong>Juan Pablo S\u00e1nchez<\/strong> y <strong>Luis Gerpe<\/strong>.<\/p>\n<p class=\"has-blue-ova-color has-white-background-color has-text-color has-background\"><strong>TE PUEDE INTERESAR: <a href=\"https:\/\/ovaciones.com\/el-glison-cautiva-en-el-ciclo-cultural-de-zacatecas-un-rebelde-con-causa\/\" rel=\"nofollow noopener\" target=\"_blank\">El Glison cautiva en el Ciclo Cultural de Zacatecas: un rebelde con causa<\/a><\/strong><\/p>\n<p><strong>Victorino padre e hijo<\/strong> apostaron desde finales del siglo pasado por otro <strong>encaste distinto<\/strong> al <strong>Albaserrada de la A coronada<\/strong>, el <strong>encaste Vega-Villar<\/strong>, los <strong>patas blancas de Monteviejo<\/strong>, que desde entonces conviven en <strong>\u201cLas Tiesas\u201d<\/strong>.<\/p>\n<p>Despu\u00e9s de una <strong>\u00faltima tarde en 2005<\/strong>, no han vuelto a <strong>lidiar en Madrid<\/strong>, porque as\u00ed lo han decidido ellos, cuenta <strong>Victorino<\/strong>. Unos a\u00f1os que han servido de <strong>proceso<\/strong> para <strong>formar la ganader\u00eda<\/strong> y un tiempo, en el a\u00f1o <strong>2018<\/strong>, en el que tambi\u00e9n se sum\u00f3 a esta casa la <strong>sangre Galache<\/strong> en la compra junto a <strong>Ferrera<\/strong>. No han estado presentes en <strong>Madrid<\/strong>, pero s\u00ed en <strong>otras plazas<\/strong>, adem\u00e1s cosechando <strong>varios \u00e9xitos<\/strong>.<\/p>\n<blockquote class=\"wp-block-quote\">\n<p>\u201cEste toro en un futuro se va a buscar porque es un toro con una <strong>profundidad<\/strong>, un <strong>ritmo<\/strong> y una <strong>forma de embestir<\/strong> que hoy es muy raro encontrarlo\u201d, dice <strong>Victorino<\/strong> al preguntarle sobre el futuro de los <strong>\u201cpatas blancas\u201d<\/strong>. Y muy seguro aclara, a pesar de ser un <strong>encaste \u201ca contracorriente\u201d<\/strong>, que:<\/p>\n<p>\u201cEl toreo va a <strong>evolucionar<\/strong>, sobre todo porque ha llegado <strong>Morante<\/strong>. La carrera de <strong>Morante<\/strong> ha sido una <strong>evoluci\u00f3n constante<\/strong>, y ha llegado a un punto de <strong>conocimientos<\/strong> y de <strong>profundizar en la profesi\u00f3n<\/strong> tremendos. Y piensa que, por momentos, mat\u00f3 la <strong>ganader\u00eda de Galache<\/strong>, y tuvo <strong>resultados important\u00edsimos<\/strong>.\u201d<\/p>\n<\/blockquote>\n<p>Este <strong>domingo 21 de septiembre<\/strong> regresa a <strong>Madrid<\/strong> en una <strong>apuesta may\u00fascula<\/strong>, deseando todos, junto a <strong>Victorino<\/strong>, que se vea esa <strong>evoluci\u00f3n<\/strong> en este <strong>legendario encaste<\/strong>:<\/p>\n<blockquote class=\"wp-block-quote\">\n<p>\u201cSabemos que la <strong>lidia<\/strong> es muy <strong>exigente<\/strong> y m\u00e1s con nosotros. Porque claro, a nosotros m\u00e1s que mirar o no el trabajo que se est\u00e1 haciendo, de que podamos estar buscando la <strong>recuperaci\u00f3n o mantenimiento de un encaste<\/strong>, a nosotros cuando <strong>lidiamos en Madrid<\/strong> se nos exige como a <strong>Victorino<\/strong>, \u00bfeh? Entonces sabemos que es una <strong>apuesta muy cara<\/strong>, el volver a <strong>Madrid<\/strong> as\u00ed, porque nos van a exigir mucho, pero a veces <strong>hay que dar el paso<\/strong>\u201d, concluye <strong>Victorino<\/strong>, alto y claro.<\/p>\n<\/blockquote>\n","protected":false},"excerpt":{"rendered":"Los \u201cotros Victorinos\u201d, las reses con el hierro de Monteviejo propiedad de Victorino Mart\u00edn, regresan este domingo 14&hellip;\n","protected":false},"author":2,"featured_media":123195,"comment_status":"","ping_status":"","sticky":false,"template":"","format":"standard","meta":{"footnotes":""},"categories":[277],"tags":[373,168,25,24,23,167,374],"class_list":{"0":"post-123194","1":"post","2":"type-post","3":"status-publish","4":"format-standard","5":"has-post-thumbnail","7":"category-toreo","8":"tag-bullfighting","9":"tag-deportes","10":"tag-es","11":"tag-espana","12":"tag-spain","13":"tag-sports","14":"tag-toreo"},"share_on_mastodon":{"url":"","error":""},"_links":{"self":[{"href":"https:\/\/www.europesays.com\/es\/wp-json\/wp\/v2\/posts\/123194","targetHints":{"allow":["GET"]}}],"collection":[{"href":"https:\/\/www.europesays.com\/es\/wp-json\/wp\/v2\/posts"}],"about":[{"href":"https:\/\/www.europesays.com\/es\/wp-json\/wp\/v2\/types\/post"}],"author":[{"embeddable":true,"href":"https:\/\/www.europesays.com\/es\/wp-json\/wp\/v2\/users\/2"}],"replies":[{"embeddable":true,"href":"https:\/\/www.europesays.com\/es\/wp-json\/wp\/v2\/comments?post=123194"}],"version-history":[{"count":0,"href":"https:\/\/www.europesays.com\/es\/wp-json\/wp\/v2\/posts\/123194\/revisions"}],"wp:featuredmedia":[{"embeddable":true,"href":"https:\/\/www.europesays.com\/es\/wp-json\/wp\/v2\/media\/123195"}],"wp:attachment":[{"href":"https:\/\/www.europesays.com\/es\/wp-json\/wp\/v2\/media?parent=123194"}],"wp:term":[{"taxonomy":"category","embeddable":true,"href":"https:\/\/www.europesays.com\/es\/wp-json\/wp\/v2\/categories?post=123194"},{"taxonomy":"post_tag","embeddable":true,"href":"https:\/\/www.europesays.com\/es\/wp-json\/wp\/v2\/tags?post=123194"}],"curies":[{"name":"wp","href":"https:\/\/api.w.org\/{rel}","templated":true}]}}