{"id":123203,"date":"2025-09-18T14:27:17","date_gmt":"2025-09-18T14:27:17","guid":{"rendered":"https:\/\/www.europesays.com\/es\/123203\/"},"modified":"2025-09-18T14:27:17","modified_gmt":"2025-09-18T14:27:17","slug":"kate-middleton-y-melania-trump-lideran-una-manana-salvaje-en-frogmore-gardens","status":"publish","type":"post","link":"https:\/\/www.europesays.com\/es\/123203\/","title":{"rendered":"Kate Middleton y Melania Trump lideran una ma\u00f1ana \u00absalvaje\u00bb en Frogmore Gardens"},"content":{"rendered":"<p id=\"eoc5iESYhE\" data-wc=\"107\"><strong>Melania Trump\u00a0<\/strong>est\u00e1 apurando sus \u00faltimas horas con la realeza brit\u00e1nica antes de poner rumbo a Chequers, donde ya se encuentra su marido, Donald Trump, reunido con el Primer Ministro brit\u00e1nico, Keir Starmer, como parte de la agenda pol\u00edtica de esta segunda e hist\u00f3rica visita de Estado de los Trump al Reino Unido. Despu\u00e9s <a class=\"hm-link ho-link\" href=\"https:\/\/www.hola.com\/realeza\/casa_inglesa\/20250918856355\/los-trump-se-despiden-de-windsor\/\" data-mrf-recirculation=\"article-body-link\" rel=\"nofollow noopener\" target=\"_blank\">de descubrir la Casa de Mu\u00f1ecas de la bisabuela de Carlos III de la mano de la reina Camilla,<\/a> la Primera Dama, con un look m\u00e1s informal, se ha trasladado a los jardines de Frogmore para encontrarse con<strong>\u00a0Kate Middleton<\/strong> y descubrir un proyecto relacionado con la Princesa de Gales y la naturaleza.\u00a0<\/p>\n<p> <img src=\"https:\/\/www.europesays.com\/es\/wp-content\/uploads\/2025\/09\/a92e3784124a-gettyimages-2235480689.jpg\"   width=\"1024\" height=\"682\" loading=\"lazy\" decoding=\"async\" alt=\"Media Image\" fetchpriority=\"auto\" class=\"image ho-image\"\/>\u00a9 Getty Images<\/p>\n<p> <img src=\"https:\/\/www.europesays.com\/es\/wp-content\/uploads\/2025\/09\/d6993c71e4e1-gettyimages-2235481064.jpg\"   width=\"1024\" height=\"682\" loading=\"lazy\" decoding=\"async\" alt=\"Media Image\" fetchpriority=\"auto\" class=\"image ho-image\"\/>\u00a9 Getty Images<\/p>\n<blockquote class=\"ho-bl-1081603 -no-figcaption\" cite=\"\">\n<p id=\"ep0xhtsgRPJ\">Tras el encuentro con Kate, Melania Trump se despedir\u00e1 del Castillo de Windsor<\/p>\n<\/blockquote>\n<p id=\"ee2nbgeY3k\" data-wc=\"117\">Aunque estuvieron juntas en varias ocasiones durante la jornada del mi\u00e9rcoles, desde la bienvenida oficial hasta el <a class=\"hm-link ho-link\" href=\"https:\/\/www.hola.com\/realeza\/casa_inglesa\/20250917856408\/cena-de-gala-familia-real-britanica-trump\/\" data-mrf-recirculation=\"article-body-link\" rel=\"nofollow noopener\" target=\"_blank\">espl\u00e9ndido banquete de Estado que tuvo lugar anoche<\/a>, este es el <strong>primer y \u00fanico acto en solitario que han tenido Kate Middleton y Melania Trump\u00a0<\/strong> en el marco de la visita de Estado. Se trata de una actividad organizada por el movimiento scout brit\u00e1nico y est\u00e1 dise\u00f1ado para ni\u00f1os de 4 a 5 a\u00f1os, como ritual de entrada al programa Squirrels, la rama infantil del movimiento scout. A trav\u00e9s de juegos, exploraci\u00f3n y din\u00e1micas en la naturaleza, los ni\u00f1os aprenden valores como el trabajo en equipo, la curiosidad y el respeto por el entorno para obtener su insignia \u201cGo Wild\u201d.\u00a0<\/p>\n<p> <img src=\"https:\/\/www.europesays.com\/es\/wp-content\/uploads\/2025\/09\/cfa5352ac569-gettyimages-2235484423.jpg\"   width=\"1024\" height=\"679\" loading=\"lazy\" decoding=\"async\" alt=\"Media Image\" fetchpriority=\"auto\" class=\"image ho-image\"\/>\u00a9 Getty Images<\/p>\n<p> <img src=\"https:\/\/www.europesays.com\/es\/wp-content\/uploads\/2025\/09\/5aa942b19f25-gettyimages-2235484240.jpg\"   width=\"1024\" height=\"682\" loading=\"lazy\" decoding=\"async\" alt=\"Media Image\" fetchpriority=\"auto\" class=\"image ho-image\"\/>\u00a9 Getty Images<\/p>\n<p id=\"eO5KCW-OwGUH\" data-wc=\"61\">El acto ha contado con la presencia de Dwayne Fields, explorador y actual Jefe Scout del Reino Unido, quien guiar\u00e1 a las invitadas por las actividades. Para Kate Middleton el v\u00ednculo con la naturaleza ha sido clave en su vida personal y en su recuperaci\u00f3n reciente, y hoy lo comparte con Melania en un gesto de diplomacia suave y compromiso social.<\/p>\n<p> <img src=\"https:\/\/www.europesays.com\/es\/wp-content\/uploads\/2025\/09\/4cb32c118df5-gettyimages-2235477413.jpg\"   width=\"1024\" height=\"682\" loading=\"lazy\" decoding=\"async\" alt=\"Media Image\" fetchpriority=\"auto\" class=\"image ho-image\"\/>\u00a9 Getty Images<\/p>\n<p> <img src=\"https:\/\/www.europesays.com\/es\/wp-content\/uploads\/2025\/09\/239ba4801f06-gettyimages-2235484507.jpg\"   width=\"1024\" height=\"768\" loading=\"lazy\" decoding=\"async\" alt=\"Media Image\" fetchpriority=\"auto\" class=\"image ho-image\"\/>\u00a9 Getty Images<\/p>\n<p> <img src=\"https:\/\/www.europesays.com\/es\/wp-content\/uploads\/2025\/09\/d67b3a44a1ac-gettyimages-2235484096.jpg\"   width=\"1024\" height=\"682\" loading=\"lazy\" decoding=\"async\" alt=\"Media Image\" fetchpriority=\"auto\" class=\"image ho-image\"\/>\u00a9 Getty Images<\/p>\n<p id=\"ek09dridOP\" data-wc=\"88\">Fue el jefe scout Dwayne Fields, el que pregunt\u00f3 a la princesa de Gales \u00a0qu\u00e9 piensa cuando visita el campo despu\u00e9s de \u00abtodo el estr\u00e9s y las tensiones de la vida cotidiana\u00bb. Kate respondi\u00f3: \u00abSupongo que <strong>encuentro una reconexi\u00f3n emocional muy espiritual y muy intensa<\/strong> en estos entornos. No todo el mundo tiene quiz\u00e1s la misma relaci\u00f3n con la naturaleza, pero para m\u00ed es muy significativo porque es un lugar donde encontrar equilibrio y encontrar paz \u00a0y reconexi\u00f3n en un mundo que, de otro modo, ser\u00eda muy ajetreado\u00bb.<\/p>\n<p> <img src=\"https:\/\/www.europesays.com\/es\/wp-content\/uploads\/2025\/09\/a82f023c4820-gettyimages-2235486479.jpg\"   width=\"1024\" height=\"682\" loading=\"lazy\" decoding=\"async\" alt=\"Media Image\" fetchpriority=\"auto\" class=\"image ho-image\"\/>\u00a9 Getty Images<\/p>\n<p> <img src=\"https:\/\/www.europesays.com\/es\/wp-content\/uploads\/2025\/09\/87ab34d1f253-gettyimages-2235490996.jpg\"   width=\"1024\" height=\"682\" loading=\"lazy\" decoding=\"async\" alt=\"Media Image\" fetchpriority=\"auto\" class=\"image ho-image\"\/>\u00a9 Getty Images<\/p>\n<p> <img src=\"https:\/\/www.europesays.com\/es\/wp-content\/uploads\/2025\/09\/9ef9cf68dbf2-gettyimages-2235491274.jpg\"   width=\"1024\" height=\"710\" loading=\"lazy\" decoding=\"async\" alt=\"Media Image\" fetchpriority=\"auto\" class=\"image ho-image\"\/>\u00a9 Getty Images<\/p>\n<p id=\"eXEGJlOpdzs\" data-wc=\"123\">Siguiendo el nuevo protocolo establecido por Carlos III, igual que hicieron los Macron el pasado julio, <a class=\"hm-link ho-link\" href=\"https:\/\/www.hola.com\/realeza\/casa_inglesa\/20250917856106\/carlos-iii-y-camilla-reciben-a-los-trump-en-una-visita-historica-y-con-tradiciones-nunca-vistas\/\" data-mrf-recirculation=\"article-body-link\" rel=\"nofollow noopener\" target=\"_blank\">los pr\u00edncipes de Gales fueron los encargados de recibir a Donald y Melania Trump en los terrenos de Windsor,\u00a0<\/a>cuando el Marine One aterriz\u00f3 en la ma\u00f1ana del mi\u00e9rcoles. Fue entonces cuando comenz\u00f3 un despliegue sin precedentes, como es la propia visita de Estado, ya que nunca se hab\u00eda concedido dos veces esta invitaci\u00f3n y este tratamiento a un mismo jefe de Estado. Kate Middleton, como princesa de Gales, ocup\u00f3 un lugar principal pero no protagonista, tanto en la ceremonia de bienvenida como en el banquete de Estado. Los Gales, adem\u00e1s, no estuvieron presentes en el desfile militar que se celebr\u00f3 antes de la cena de gala.\u00a0<\/p>\n","protected":false},"excerpt":{"rendered":"Melania Trump\u00a0est\u00e1 apurando sus \u00faltimas horas con la realeza brit\u00e1nica antes de poner rumbo a Chequers, donde ya&hellip;\n","protected":false},"author":2,"featured_media":123204,"comment_status":"","ping_status":"","sticky":false,"template":"","format":"standard","meta":{"footnotes":""},"categories":[174],"tags":[255,146,147,25,24,256,18700,19628,1027,6856,23],"class_list":{"0":"post-123203","1":"post","2":"type-post","3":"status-publish","4":"format-standard","5":"has-post-thumbnail","7":"category-famosos","8":"tag-celebrities","9":"tag-entertainment","10":"tag-entretenimiento","11":"tag-es","12":"tag-espana","13":"tag-famosos","14":"tag-kate-middleton","15":"tag-melania-trump","16":"tag-realeza","17":"tag-realeza-inglesa","18":"tag-spain"},"share_on_mastodon":{"url":"","error":""},"_links":{"self":[{"href":"https:\/\/www.europesays.com\/es\/wp-json\/wp\/v2\/posts\/123203","targetHints":{"allow":["GET"]}}],"collection":[{"href":"https:\/\/www.europesays.com\/es\/wp-json\/wp\/v2\/posts"}],"about":[{"href":"https:\/\/www.europesays.com\/es\/wp-json\/wp\/v2\/types\/post"}],"author":[{"embeddable":true,"href":"https:\/\/www.europesays.com\/es\/wp-json\/wp\/v2\/users\/2"}],"replies":[{"embeddable":true,"href":"https:\/\/www.europesays.com\/es\/wp-json\/wp\/v2\/comments?post=123203"}],"version-history":[{"count":0,"href":"https:\/\/www.europesays.com\/es\/wp-json\/wp\/v2\/posts\/123203\/revisions"}],"wp:featuredmedia":[{"embeddable":true,"href":"https:\/\/www.europesays.com\/es\/wp-json\/wp\/v2\/media\/123204"}],"wp:attachment":[{"href":"https:\/\/www.europesays.com\/es\/wp-json\/wp\/v2\/media?parent=123203"}],"wp:term":[{"taxonomy":"category","embeddable":true,"href":"https:\/\/www.europesays.com\/es\/wp-json\/wp\/v2\/categories?post=123203"},{"taxonomy":"post_tag","embeddable":true,"href":"https:\/\/www.europesays.com\/es\/wp-json\/wp\/v2\/tags?post=123203"}],"curies":[{"name":"wp","href":"https:\/\/api.w.org\/{rel}","templated":true}]}}